{"id":277,"date":"2008-01-29T20:14:43","date_gmt":"2008-01-29T18:14:43","guid":{"rendered":"http:\/\/www.luxorbis.org\/friedensplattform.at\/?p=277"},"modified":"2008-01-29T20:14:43","modified_gmt":"2008-01-29T18:14:43","slug":"artikel-der-ag-friedensforschung-praventiver-atomare-erstschlag","status":"publish","type":"post","link":"https:\/\/www.friedensplattform.at\/?p=277","title":{"rendered":"Artikel der AG Friedensforschung: Pr&#228;ventiver atomare Erstschlag"},"content":{"rendered":"<p><strong>F\u00fcr die Nato ist der pr\u00e4ventive atomare Erstschlag eine entscheidende Option<\/strong><\/p>\n<p><em>Von Ian Traynor, Br\u00fcssel *<\/em><\/p>\n<p><!--more--><\/p>\n<p>Um die \u201eunmittelbar&#8220; drohende Verbreitung von atomaren und anderen Massenvernichtungswaffen zu stoppen, muss der Westen bereit sein, einen Pr\u00e4ventiv-Angriff mit Nuklearwaffen zu f\u00fchren. So steht es in dem radikalen Manifest f\u00fcr eine neue Nato, das f\u00fcnf der einflussreichsten westlichen Milit\u00e4rbefehlshaber und Strategen vorgelegt haben. Die fr\u00fcheren Oberbefehlshaber aus den USA, Gro\u00dfbritannien, Deutschland, Frankreich und den Niederlanden fordern eine Reform der Nato von Grund auf, einen neuen Vertrag, der die USA, die Nato und die Europ\u00e4ische Union zu einer \u201eGro\u00df-Strategie&#8220; zusammenf\u00fchrt, um den Anforderungen in einer immer brutaleren Welt zu begegnen. Die f\u00fcnf Milit\u00e4rstrategen machen deutlich, dass die Optionen f\u00fcr einen \u201enukleare Erstschlag&#8220; ein \u201eunverzichtbares Instrument&#8220; bleibt, \u201eeinfach weil es keine realistische Aussicht f\u00fcr eine Welt ohne Atomwaffen gibt.&#8220; Ausl\u00f6ser f\u00fcr das Manifest waren Diskussionen mit aktiven Befehlshabern und Entscheidungstr\u00e4gern, von denen viele unf\u00e4hig oder nicht willens sind, ihre Ansichten \u00f6ffentlich auszusprechen. Vor zehn Tagen wurde das Papier dem Verteidigungsministerium in Washington und dem Generalsekret\u00e4r der Nato, Jaap de Hoop Scheffer, vorgelegt. Die darin enthaltenen Vorschl\u00e4ge werden wahrscheinlich auf dem Nato-Gipfel in Bukarest im April diskutiert.<\/p>\n<p><a href=\"http:\/\/www.uni-kassel.de\/fb5\/frieden\/themen\/Atomwaffen\/generale2.html\" title=\"Uni Kassel\" target=\"_blank\">Weiterlesen auf den Seiten der Uni Kassel<\/a><\/p>\n","protected":false},"excerpt":{"rendered":"<p>F\u00fcr die Nato ist der pr\u00e4ventive atomare Erstschlag eine entscheidende Option Von Ian Traynor, Br\u00fcssel *<\/p>\n","protected":false},"author":1,"featured_media":0,"comment_status":"open","ping_status":"open","sticky":false,"template":"","format":"standard","meta":{"footnotes":""},"categories":[1],"tags":[],"class_list":["post-277","post","type-post","status-publish","format-standard","hentry","category-allgemein"],"_links":{"self":[{"href":"https:\/\/www.friedensplattform.at\/index.php?rest_route=\/wp\/v2\/posts\/277","targetHints":{"allow":["GET"]}}],"collection":[{"href":"https:\/\/www.friedensplattform.at\/index.php?rest_route=\/wp\/v2\/posts"}],"about":[{"href":"https:\/\/www.friedensplattform.at\/index.php?rest_route=\/wp\/v2\/types\/post"}],"author":[{"embeddable":true,"href":"https:\/\/www.friedensplattform.at\/index.php?rest_route=\/wp\/v2\/users\/1"}],"replies":[{"embeddable":true,"href":"https:\/\/www.friedensplattform.at\/index.php?rest_route=%2Fwp%2Fv2%2Fcomments&post=277"}],"version-history":[{"count":0,"href":"https:\/\/www.friedensplattform.at\/index.php?rest_route=\/wp\/v2\/posts\/277\/revisions"}],"wp:attachment":[{"href":"https:\/\/www.friedensplattform.at\/index.php?rest_route=%2Fwp%2Fv2%2Fmedia&parent=277"}],"wp:term":[{"taxonomy":"category","embeddable":true,"href":"https:\/\/www.friedensplattform.at\/index.php?rest_route=%2Fwp%2Fv2%2Fcategories&post=277"},{"taxonomy":"post_tag","embeddable":true,"href":"https:\/\/www.friedensplattform.at\/index.php?rest_route=%2Fwp%2Fv2%2Ftags&post=277"}],"curies":[{"name":"wp","href":"https:\/\/api.w.org\/{rel}","templated":true}]}}