{"id":2776,"date":"2013-01-15T08:25:31","date_gmt":"2013-01-15T06:25:31","guid":{"rendered":"http:\/\/www.luxorbis.org\/friedensplattform.at\/?p=2776"},"modified":"2013-01-15T08:25:31","modified_gmt":"2013-01-15T06:25:31","slug":"massaker-in-pakistan","status":"publish","type":"post","link":"https:\/\/www.friedensplattform.at\/?p=2776","title":{"rendered":"Massaker in Pakistan"},"content":{"rendered":"<h3><span style=\"font-size: 1.2em;\">Sunnitische Extremisten f\u00fchren Krieg gegen die schiitische Minderheit. \u00dcber 400 Tote im vergangenen Jahr<br \/>\n<\/span><strong style=\"color: #333333; font-family: 'Lucida Grande', Verdana, 'Bitstream Vera Sans', Arial, Helvetica, sans-serif; line-height: normal;\">Von Knut Mellenthin * jW 12.1.13<!--more--><br \/>\n<\/strong><span style=\"color: #333333; font-family: 'Lucida Grande', Verdana, 'Bitstream Vera Sans', Arial, Helvetica, sans-serif; line-height: normal;\"> <\/span><\/h3>\n<p style=\"color: #333333; font-family: 'Lucida Grande', Verdana, 'Bitstream Vera Sans', Arial, Helvetica, sans-serif; line-height: normal;\"><strong> <\/strong><\/p>\n<p><br style=\"color: #333333; font-family: 'Lucida Grande', Verdana, 'Bitstream Vera Sans', Arial, Helvetica, sans-serif; line-height: normal;\" \/><span style=\"color: #333333; font-family: 'Lucida Grande', Verdana, 'Bitstream Vera Sans', Arial, Helvetica, sans-serif; line-height: normal;\">Mindestens 93 Menschen wurden am Donnerstag in Quetta, der Hauptstadt der pakistanischen Provinz Belutschistan, durch Bombenanschl\u00e4ge get\u00f6tet. Die Zahl der Toten kann noch steigen, da sich von den rund 270 Verletzten noch zehn bis zw\u00f6lf in Lebensgefahr befinden. <\/span><br style=\"color: #333333; font-family: 'Lucida Grande', Verdana, 'Bitstream Vera Sans', Arial, Helvetica, sans-serif; line-height: normal;\" \/><br style=\"color: #333333; font-family: 'Lucida Grande', Verdana, 'Bitstream Vera Sans', Arial, Helvetica, sans-serif; line-height: normal;\" \/><span style=\"color: #333333; font-family: 'Lucida Grande', Verdana, 'Bitstream Vera Sans', Arial, Helvetica, sans-serif; line-height: normal;\">Die meisten Opfer, 81, starben bei einem Doppelanschlag in einer schiitischen Wohngegend der Stadt. Nach dem Ermittlungsstand hatte zun\u00e4chst ein Selbstmordattent\u00e4ter ein Billardzentrum betreten und dort eine Explosion ausgel\u00f6st. Zehn Minuten sp\u00e4ter, nachdem Polizei, Helfer und Kamerateams am Tatort eingetroffen waren und sich eine gro\u00dfe Menschenmenge gebildet hatte, wurde eine Autobombe gez\u00fcndet. <\/span><br style=\"color: #333333; font-family: 'Lucida Grande', Verdana, 'Bitstream Vera Sans', Arial, Helvetica, sans-serif; line-height: normal;\" \/><br style=\"color: #333333; font-family: 'Lucida Grande', Verdana, 'Bitstream Vera Sans', Arial, Helvetica, sans-serif; line-height: normal;\" \/><span style=\"color: #333333; font-family: 'Lucida Grande', Verdana, 'Bitstream Vera Sans', Arial, Helvetica, sans-serif; line-height: normal;\">Zu dem Massaker bekannte sich kurz darauf die um 1980 gegr\u00fcndete, seit 2001 verbotene sunnitisch-fundamentalistische Organisation Laschkar-e-Jhangwi. Ziel des Doppelanschlags war offenbar die schiitische Minderheit Pakistans, zu der nach unterschiedlichen Sch\u00e4tzungen zwischen zehn und 20 Prozent der Landesbev\u00f6lkerung geh\u00f6ren. Die meisten Toten und Verletzten geh\u00f6ren zur ethnischen Gruppe der Hazara, die \u00fcberwiegend in Westafghanistan lebt und einen Dialekt der iranischen Landessprache Farsi spricht. Hazara begannen schon vor \u00fcber hundert Jahren nach Pakistan einzuwandern; in den letzten Jahrzehnten kamen Fl\u00fcchtlinge aus dem afghanischen B\u00fcrgerkrieg hinzu. <\/span><br style=\"color: #333333; font-family: 'Lucida Grande', Verdana, 'Bitstream Vera Sans', Arial, Helvetica, sans-serif; line-height: normal;\" \/><br style=\"color: #333333; font-family: 'Lucida Grande', Verdana, 'Bitstream Vera Sans', Arial, Helvetica, sans-serif; line-height: normal;\" \/><span style=\"color: #333333; font-family: 'Lucida Grande', Verdana, 'Bitstream Vera Sans', Arial, Helvetica, sans-serif; line-height: normal;\">Bei Anschl\u00e4gen und \u00dcberf\u00e4llen auf die schiitische Bev\u00f6lkerungsgruppe Pakistans wurden im vergangenen Jahr \u00fcber 400 Menschen get\u00f6tet, mehr als jemals zuvor. Ziele der M\u00f6rder sind Moscheen, religi\u00f6se Umz\u00fcge, Busse mit Pilgerfahrern, aber auch M\u00e4rkte und andere stark frequentierte Punkte in Wohngegenden. <\/span><br style=\"color: #333333; font-family: 'Lucida Grande', Verdana, 'Bitstream Vera Sans', Arial, Helvetica, sans-serif; line-height: normal;\" \/><br style=\"color: #333333; font-family: 'Lucida Grande', Verdana, 'Bitstream Vera Sans', Arial, Helvetica, sans-serif; line-height: normal;\" \/><span style=\"color: #333333; font-family: 'Lucida Grande', Verdana, 'Bitstream Vera Sans', Arial, Helvetica, sans-serif; line-height: normal;\">Wenige Stunden vor dem Doppelanschlag vom Donnerstag waren auf einem Markt in Quetta zw\u00f6lf Menschen bei einem anderen Attentat get\u00f6tet worden. Zu diesem \u00bbbekannte\u00ab sich eine der militanten Separatistengruppen der Provinz, die Vereinigte Belutschische Armee. Es handele sich um eine Vergeltung f\u00fcr verschiedene Operationen des Grenzkorps, einer paramilit\u00e4rischen Formation der Sicherheitskr\u00e4fte. Die Bombe war zwar unter einem Jeep angebracht, der zum Grenzkorps geh\u00f6rte, aber die M\u00f6rder waren ohne jede R\u00fccksicht auf die Bev\u00f6lkerung vorgegangen: Mit ein oder zwei Ausnahmen waren alle Toten und Verletzten Kunden oder H\u00e4ndler des zu dieser Zeit stark besuchten Marktes. <\/span><br style=\"color: #333333; font-family: 'Lucida Grande', Verdana, 'Bitstream Vera Sans', Arial, Helvetica, sans-serif; line-height: normal;\" \/><br style=\"color: #333333; font-family: 'Lucida Grande', Verdana, 'Bitstream Vera Sans', Arial, Helvetica, sans-serif; line-height: normal;\" \/><span style=\"color: #333333; font-family: 'Lucida Grande', Verdana, 'Bitstream Vera Sans', Arial, Helvetica, sans-serif; line-height: normal;\">Noch unklar sind Ursache und Hintergrund einer weiteren Detonation, die sich ebenfalls am Donnerstag in Mingora, der Hauptstadt des nordwestpakistanischen Bezirks Swat, ereignete. Dabei starben 21 Menschen im Zentrum einer islamischen Gemeinde, das sowohl als Ort religi\u00f6ser Versammlungen wie auch als Ausbildungsst\u00e4tte f\u00fcr Geistliche diente. Nachdem zun\u00e4chst von einer Gasexplosion ausgegangen worden war, war sp\u00e4ter von einer Bombe die Rede. Es gibt allerdings weder eine \u00bbBekennererkl\u00e4rung\u00ab noch Vermutungen, wer ein Motiv f\u00fcr einen Anschlag auf diese Gemeinde gehabt haben k\u00f6nnte. Swat steht unter Milit\u00e4rkontrolle, seit die Sicherheitskr\u00e4fte im Jahre 2009 mit einer mehrw\u00f6chigen Offensive bewaffnete islamistische Fundamentalisten aus dieser Region vertrieben hatten. <\/span><br style=\"color: #333333; font-family: 'Lucida Grande', Verdana, 'Bitstream Vera Sans', Arial, Helvetica, sans-serif; line-height: normal;\" \/><br style=\"color: #333333; font-family: 'Lucida Grande', Verdana, 'Bitstream Vera Sans', Arial, Helvetica, sans-serif; line-height: normal;\" \/><em style=\"color: #333333; font-family: 'Lucida Grande', Verdana, 'Bitstream Vera Sans', Arial, Helvetica, sans-serif; line-height: normal;\">* Aus: junge Welt, Samstag, 12. Januar 2013<\/em><span style=\"color: #333333; font-family: 'Lucida Grande', Verdana, 'Bitstream Vera Sans', Arial, Helvetica, sans-serif; line-height: normal;\"> <\/span><\/p>\n","protected":false},"excerpt":{"rendered":"<p>Sunnitische Extremisten f\u00fchren Krieg gegen die schiitische Minderheit. \u00dcber 400 Tote im vergangenen Jahr Von Knut Mellenthin * jW 12.1.13<\/p>\n","protected":false},"author":2,"featured_media":0,"comment_status":"open","ping_status":"open","sticky":false,"template":"","format":"standard","meta":{"footnotes":""},"categories":[5],"tags":[],"class_list":["post-2776","post","type-post","status-publish","format-standard","hentry","category-arabischer-raum"],"_links":{"self":[{"href":"https:\/\/www.friedensplattform.at\/index.php?rest_route=\/wp\/v2\/posts\/2776","targetHints":{"allow":["GET"]}}],"collection":[{"href":"https:\/\/www.friedensplattform.at\/index.php?rest_route=\/wp\/v2\/posts"}],"about":[{"href":"https:\/\/www.friedensplattform.at\/index.php?rest_route=\/wp\/v2\/types\/post"}],"author":[{"embeddable":true,"href":"https:\/\/www.friedensplattform.at\/index.php?rest_route=\/wp\/v2\/users\/2"}],"replies":[{"embeddable":true,"href":"https:\/\/www.friedensplattform.at\/index.php?rest_route=%2Fwp%2Fv2%2Fcomments&post=2776"}],"version-history":[{"count":0,"href":"https:\/\/www.friedensplattform.at\/index.php?rest_route=\/wp\/v2\/posts\/2776\/revisions"}],"wp:attachment":[{"href":"https:\/\/www.friedensplattform.at\/index.php?rest_route=%2Fwp%2Fv2%2Fmedia&parent=2776"}],"wp:term":[{"taxonomy":"category","embeddable":true,"href":"https:\/\/www.friedensplattform.at\/index.php?rest_route=%2Fwp%2Fv2%2Fcategories&post=2776"},{"taxonomy":"post_tag","embeddable":true,"href":"https:\/\/www.friedensplattform.at\/index.php?rest_route=%2Fwp%2Fv2%2Ftags&post=2776"}],"curies":[{"name":"wp","href":"https:\/\/api.w.org\/{rel}","templated":true}]}}