{"id":2786,"date":"2013-01-17T16:27:41","date_gmt":"2013-01-17T14:27:41","guid":{"rendered":"http:\/\/www.luxorbis.org\/friedensplattform.at\/?p=2786"},"modified":"2013-01-17T16:27:41","modified_gmt":"2013-01-17T14:27:41","slug":"bushidos-palaestina","status":"publish","type":"post","link":"https:\/\/www.friedensplattform.at\/?p=2786","title":{"rendered":"Bushidos Pal&#228;stina"},"content":{"rendered":"<div><span style=\"font-family: Arial; font-size: x-small;\">F<span style=\"font-size: x-small;\">ranz S\u00f6lkners<\/span> Leserbrief an die Kleine Zeitung zum Artikel von Henrik Broder &#8222;Ra<span style=\"font-size: x-small;\">pper Bushido hat sich voll integriert&#8220;<a rel=\"attachment wp-att-2787\" href=\"http:\/\/www.luxorbis.org\/friedensplattform.at\/?attachment_id=2787\"> <\/a><\/span><\/span><\/div>\n<div><!--more--><\/div>\n<div><span style=\"font-family: Arial; font-size: x-small;\"><span style=\"font-size: x-small;\"><a rel=\"attachment wp-att-2787\" href=\"http:\/\/www.luxorbis.org\/friedensplattform.at\/?attachment_id=2787\"><span style=\"font-size: x-small;\">hier: <\/span>Broder_Kleine_Ztg<\/a><\/span><\/span><\/div>\n<div><span style=\"font-family: Arial; font-size: x-small;\"><span style=\"font-size: x-small;\"><br \/>\n<\/span><\/span><\/div>\n<div><span style=\"font-family: Arial; font-size: x-small;\"><strong>Der Splitter im eigenen  Auge<\/strong><\/span><\/div>\n<div>\n<div><span style=\"font-family: Arial; font-size: x-small;\">Broder unterstellt, man sei dann vollintegriert,  wenn man f\u00fcr eine Zerst\u00f6rung Israels eintritt. Das ist absurd. Aus  Meinungsumfagen wissen wir, dass die \u00fcberw\u00e4ltigemde Mehrheit der Deutschen und  \u00d6sterreicher die staatliche Existenz Israels bef\u00fcrwortet. Freilich stehen viele  von diesen Menschen der v\u00f6lkerrechtswidrigen Besatzungspolitik  Israels\u00a0sehr\u00a0ablehnend gegen\u00fcber. Und da die zionistische  Siedlungspolitik in Ostjerusalem und der Westbank mittlerweile die Chance auf  eine Zweistaatenl\u00f6sung nahezu zerst\u00f6rt hat, ist es auch richtig,  dass\u00a0zunehmend mehr Menschen &#8211;\u00a0wie offensichtlich auch Bushido &#8211; eine  binationale und multireligi\u00f6se Einstaatenl\u00f6sung fordern. <\/span><\/div>\n<div><span style=\"font-family: Arial; font-size: x-small;\">\u00dcbrigens ist Bushidos Landkarte nur das reziproke  Spiegelbild der Landkarten j\u00fcdisch-nationalistischer  Organisationen.\u00a0Unterst\u00fctzt von der\u00a0Kleinen Zeitung und anderen  Grosssponsoren h\u00e4lt der israelischen Spendensammelverein Keren Hayesod j\u00e4hrlich  auch in Graz Spendengalas ab. Auf den dabei projizierten Landkarten existiert  Pal\u00e4stina nicht, das ganze Gebiet zwischen Mittelmeer und Jordan erscheint als  Staatgebiet Israels. Herr Broder w\u00e4re glaubw\u00fcrdiger, wenn er den Splitter aus  seinem Auge entfernen w\u00fcrde.<\/span><\/div>\n<\/div>\n<div><span style=\"font-family: Arial; font-size: x-small;\">MfG,<br \/>\nFranz S\u00f6lkner<\/span><\/div>\n<div><\/div>\n<div>\n<div style=\"background: #e4e4e4;\"><strong>From:<\/strong> Franz S\u00f6lkner<\/div>\n<div><strong>To:<\/strong> Leserforum<\/div>\n<div><strong>Sent:<\/strong> Thursday, January 17, 2013 2:19 PM<\/div>\n<div><strong>Subject:<\/strong> LB zum Brief aus Deutschland von Henryk M. Broder<\/div>\n<\/div>\n","protected":false},"excerpt":{"rendered":"<p>Franz S\u00f6lkners Leserbrief an die Kleine Zeitung zum Artikel von Henrik Broder &#8222;Rapper Bushido hat sich voll integriert&#8220;<\/p>\n","protected":false},"author":3,"featured_media":0,"comment_status":"open","ping_status":"open","sticky":false,"template":"","format":"standard","meta":{"footnotes":""},"categories":[1,4],"tags":[],"class_list":["post-2786","post","type-post","status-publish","format-standard","hentry","category-allgemein","category-antirassismus"],"_links":{"self":[{"href":"https:\/\/www.friedensplattform.at\/index.php?rest_route=\/wp\/v2\/posts\/2786","targetHints":{"allow":["GET"]}}],"collection":[{"href":"https:\/\/www.friedensplattform.at\/index.php?rest_route=\/wp\/v2\/posts"}],"about":[{"href":"https:\/\/www.friedensplattform.at\/index.php?rest_route=\/wp\/v2\/types\/post"}],"author":[{"embeddable":true,"href":"https:\/\/www.friedensplattform.at\/index.php?rest_route=\/wp\/v2\/users\/3"}],"replies":[{"embeddable":true,"href":"https:\/\/www.friedensplattform.at\/index.php?rest_route=%2Fwp%2Fv2%2Fcomments&post=2786"}],"version-history":[{"count":0,"href":"https:\/\/www.friedensplattform.at\/index.php?rest_route=\/wp\/v2\/posts\/2786\/revisions"}],"wp:attachment":[{"href":"https:\/\/www.friedensplattform.at\/index.php?rest_route=%2Fwp%2Fv2%2Fmedia&parent=2786"}],"wp:term":[{"taxonomy":"category","embeddable":true,"href":"https:\/\/www.friedensplattform.at\/index.php?rest_route=%2Fwp%2Fv2%2Fcategories&post=2786"},{"taxonomy":"post_tag","embeddable":true,"href":"https:\/\/www.friedensplattform.at\/index.php?rest_route=%2Fwp%2Fv2%2Ftags&post=2786"}],"curies":[{"name":"wp","href":"https:\/\/api.w.org\/{rel}","templated":true}]}}