{"id":285,"date":"2008-02-15T09:17:01","date_gmt":"2008-02-15T07:17:01","guid":{"rendered":"http:\/\/www.luxorbis.org\/friedensplattform.at\/?p=285"},"modified":"2008-02-15T09:17:01","modified_gmt":"2008-02-15T07:17:01","slug":"hinweis-buchneuerscheinung-europaische-friedenspolitik-inhalte-differenzen-methoden-und-chancen","status":"publish","type":"post","link":"https:\/\/www.friedensplattform.at\/?p=285","title":{"rendered":"Hinweis: Buchneuerscheinung: Europ&#228;ische Friedenspolitik. Inhalte, Differenzen, Methoden und Chancen"},"content":{"rendered":"<p>Sehr geehrte Damen und Herren,das \u00d6sterreichische Studienzentrum f\u00fcr Frieden und Konfliktl\u00f6sung m\u00f6chte auf die Neuerscheinung<\/p>\n<p align=\"center\"><strong>Europ\u00e4ische Friedenspolitik<br \/>\nInhalte, Differenzen, Methoden und Chancen<\/strong><\/p>\n<p>aufmerksam machen.<\/p>\n<p><!--more--><\/p>\n<p>Das Buch ist Ergebnis eines von 2005 bis 2007 durchgef\u00fchrten Forschungsprojektes unter der Koordination von Gerald Mader und Thomas Roithner. <strong>Das Werk umfasst 488 Seiten und kostet 9,80 Euro zuz\u00fcglich Porto.<\/strong><br \/>\nZum Inhalt:<\/p>\n<p><strong>Einf\u00fchrung<\/strong><br \/>\nGerald Mader (Pr\u00e4sident des Friedenszentrums Burg Schlaining)<br \/>\n<strong>Teil 1: Friedensprojekt Europa? Anspr\u00fcche &#8211; Wirklichkeiten &#8211; Blindstellen<\/strong><\/p>\n<p>Die EU-Sicherheitspolitik &#8211; verhinderter Mars, Venus oder Heilsverhei\u00dfung?<br \/>\nCarola Biefeldt (Universit\u00e4t Innsbruck)<\/p>\n<p>Die innere Struktur der EU &#8211; und ihre politische Tragf\u00e4higkeit im Licht der Integration &#8211; Last exit for EU<br \/>\nPeter Steyrer (Gr\u00fcner Klub im Parlament, Wien)<br \/>\n<strong>Teil 2: Kulturelle Basierung eines friedensf\u00e4higen Europa<\/strong><\/p>\n<p>Europa, Bildung, Frieden &#8211; Eine friedensp\u00e4dagogische Skizze<br \/>\nWerner Wintersteiner (Universit\u00e4t Klagenfurt)<\/p>\n<p>Medien und Umsetzung der Friedenspolitik<br \/>\nWilhelm Kempf (Universit\u00e4t Konstanz)<\/p>\n<p>Zivile Sicherheitspolitik<br \/>\nArno Truger (\u00d6sterreichisches Studienzentrum f\u00fcr Frieden und Konfliktl\u00f6sung)<br \/>\n<strong>Teil 3: Institutionelle Verankerung und instrumentelle Ausgestaltung<\/strong><\/p>\n<p>Die EU, die UNO, der Europarat und die OSZE<br \/>\nHans-Joachim Heintze (Universit\u00e4t Bochum)<\/p>\n<p>EU und ihre Beziehungen zu USA\/Russland und NATO<br \/>\nMichael Berndt (Politikwissenschafter, Kassel)<\/p>\n<p>Welches Milit\u00e4r f\u00fcr welchen Frieden? Die milit\u00e4rischen Aspekte der EU-Au\u00dfenpolitik<br \/>\nThomas Roithner (Friedensforschungszentrum Burg Schlaining, Wien)<\/p>\n<p>Europ\u00e4ische Perspektive: Streitkr\u00e4fte einer Friedensmacht<br \/>\nLutz Unterseher (Studiengruppe Alternative Sicherheitspolitik, Berlin)<br \/>\n<strong>Teil 4: \u00d6konomische und \u00f6kologische Pr\u00e4gungen und Prospektionen<\/strong><\/p>\n<p>Demokratische Wirtschaftspolitik gegen die neoliberale Zerst\u00f6rung des Sozialstaates<br \/>\nJ\u00f6rg Huffschmid (Universit\u00e4t Bremen)<\/p>\n<p>Geo\u00f6konomie und Geopolitik der europ\u00e4ischen Integration<br \/>\nElmar Altvater (Freie Universit\u00e4t Berlin), Birgit Mahnkopf (Fachhochschule f\u00fcr Wirtschaft Berlin)<\/p>\n<p>Erweiterte EU-Umweltpolitik &#8211; Friedenspolitisches Potenzial oder gemeinschaftliches Politikversagen?<br \/>\nJ\u00f6rg Waldmann (Universit\u00e4t M\u00fcnster)<br \/>\n<strong>Teil 5: Au\u00dfereurop\u00e4ische Intentionen und Interaktionen<\/strong><\/p>\n<p>The new patterns of Euro-African relations: Migration, security and development<br \/>\nBelachew Gebrewold (Universit\u00e4t Innsbruck)<\/p>\n<p>Die Au\u00dfenpolitik der EU gegen\u00fcber der Region des Nahen und Mittleren Ostens: Rahmenbedingungen &#8211; Traditionen &#8211; Perspektiven<br \/>\nIngrid El-Masry (Universit\u00e4t Marburg)<\/p>\n<p>EU &#8211; China: &#8222;Strategische Partnerschaft&#8220; auf t\u00f6nernen F\u00fc\u00dfen?<br \/>\nHans J. Gie\u00dfmann (IFSH Universit\u00e4t Hamburg)<\/p>\n<p>Aufbruch in Lateinamerika<br \/>\nLeo Gabriel (Institut f\u00fcr interkulturelle Forschung und Zusammenarbeit, Wien)<\/p>\n<p><strong>Appell<\/strong><br \/>\nF\u00fcr ein demokratisches, soziales und ziviles Europa<br \/>\nMichael Berndt (Politikwissenschafter), Werner Ruf und Peter Strutynski (Universit\u00e4t Kassel)<br \/>\n<strong>Bibliographische Angabe:<\/strong><br \/>\n\u00d6sterreichisches Studienzentrum f\u00fcr Frieden und Konfliktl\u00f6sung (Hrsg.), Koordination: Mader Gerald und Roithner Thomas: Europ\u00e4ische Friedenspolitik. Inhalte, Differenzen, Methoden und Chancen, Lit-Verlag (<a href=\"http:\/\/www.lit-verlag.de\/isbn\/3-8258-0932-4\" title=\"Lit-Verlag\" target=\"_blank\">http:\/\/www.lit-verlag.de\/isbn\/3-8258-0932-4<\/a>), M\u00fcnster &#8211; Hamburg &#8211; Berlin &#8211; London &#8211; Wien, 488 Seiten, Euro 9,80, ISBN 978-3-8258-0932-4, Februar 2008.<\/p>\n<p>N\u00e4here Information zur Publikation unter <a href=\"http:\/\/www.thomasroithner.at\/cms\/images\/buecher\/mader_roithner_europaeische_friedenspolitik.pdf\" title=\"Publikationen\" target=\"_blank\">http:\/\/www.thomasroithner.at\/cms\/images\/buecher\/mader_roithner_europaeische_friedenspolitik.pdf<\/a><br \/>\nMit herzlichen Gr\u00fc\u00dfen<br \/>\nThomas Roithner<\/p>\n","protected":false},"excerpt":{"rendered":"<p>Sehr geehrte Damen und Herren,das \u00d6sterreichische Studienzentrum f\u00fcr Frieden und Konfliktl\u00f6sung m\u00f6chte auf die Neuerscheinung Europ\u00e4ische Friedenspolitik Inhalte, Differenzen, Methoden und Chancen aufmerksam machen.<\/p>\n","protected":false},"author":1,"featured_media":0,"comment_status":"open","ping_status":"open","sticky":false,"template":"","format":"standard","meta":{"footnotes":""},"categories":[1],"tags":[],"class_list":["post-285","post","type-post","status-publish","format-standard","hentry","category-allgemein"],"_links":{"self":[{"href":"https:\/\/www.friedensplattform.at\/index.php?rest_route=\/wp\/v2\/posts\/285","targetHints":{"allow":["GET"]}}],"collection":[{"href":"https:\/\/www.friedensplattform.at\/index.php?rest_route=\/wp\/v2\/posts"}],"about":[{"href":"https:\/\/www.friedensplattform.at\/index.php?rest_route=\/wp\/v2\/types\/post"}],"author":[{"embeddable":true,"href":"https:\/\/www.friedensplattform.at\/index.php?rest_route=\/wp\/v2\/users\/1"}],"replies":[{"embeddable":true,"href":"https:\/\/www.friedensplattform.at\/index.php?rest_route=%2Fwp%2Fv2%2Fcomments&post=285"}],"version-history":[{"count":0,"href":"https:\/\/www.friedensplattform.at\/index.php?rest_route=\/wp\/v2\/posts\/285\/revisions"}],"wp:attachment":[{"href":"https:\/\/www.friedensplattform.at\/index.php?rest_route=%2Fwp%2Fv2%2Fmedia&parent=285"}],"wp:term":[{"taxonomy":"category","embeddable":true,"href":"https:\/\/www.friedensplattform.at\/index.php?rest_route=%2Fwp%2Fv2%2Fcategories&post=285"},{"taxonomy":"post_tag","embeddable":true,"href":"https:\/\/www.friedensplattform.at\/index.php?rest_route=%2Fwp%2Fv2%2Ftags&post=285"}],"curies":[{"name":"wp","href":"https:\/\/api.w.org\/{rel}","templated":true}]}}