{"id":286,"date":"2008-02-24T22:34:56","date_gmt":"2008-02-24T20:34:56","guid":{"rendered":"http:\/\/www.luxorbis.org\/friedensplattform.at\/?p=286"},"modified":"2008-02-24T22:34:56","modified_gmt":"2008-02-24T20:34:56","slug":"asf-vorbereitungstreffen-am-132008-in-wien","status":"publish","type":"post","link":"https:\/\/www.friedensplattform.at\/?p=286","title":{"rendered":"ASF-Vorbereitungstreffen am 1.3.2008 in Wien"},"content":{"rendered":"<p><big>Einladung zum gesamt\u00f6sterreichischen Vorbereitungstreffen f\u00fcr das n\u00e4chste Sozialforum <\/big><\/p>\n<p>am <strong>Samstag, den 1. M\u00e4rz 2008 von 10:30 bis 16 Uhr<\/strong><\/p>\n<p><strong>in der \u00d6H in Wien,<br \/>\nTaubstummeng. 7-9 \/ 4.Stock<br \/>\n1040 Wien<\/strong><br \/>\n<!--more--><br \/>\n<big>Liebe Freundinnen und Freunde des Austrian Social Forum,<\/big><\/p>\n<p><u><strong>Vorschlag f\u00fcr die Tagesordnung:<\/strong><\/u><\/p>\n<p>10:30 Uhr bis 13 Uhr:<\/p>\n<ul>\n<li>Begr\u00fc\u00dfung und Festlegung der Tagesordnung<\/li>\n<li>Wie weiter im ASF-Prozess (wo k\u00f6nnte das n\u00e4chste ASF stattfinden, etc.)<\/li>\n<li> \u201ePr\u00e4sentation der Ausstellung \u201eSegen und Fluch des Geldes &#8211; Dialog neues Geld<\/li>\n<li>Berichte vom Europ\u00e4ischen Vorbereitungstreffen in Berlin f\u00fcr das ESF in Malm\u00f6 17.-21.September 2008 und wie k\u00f6nnen wir in \u00d6sterreich breit f\u00fcr das ESF mobilisieren<\/li>\n<\/ul>\n<p>13Uhr bis 14 Uhr Mittagspause<\/p>\n<p>14 Uhr bis 16 Uhr:<\/p>\n<ul>\n<li>Kampagne f\u00fcr eine VOLXABSTIMMUNG \u00fcber den EU-Reformvertrag<\/li>\n<li>Allf\u00e4lliges; ESF \u2026.<\/li>\n<li>N\u00e4chstes gesamt\u00f6sterr. Treffen<\/li>\n<\/ul>\n<p><font color=\"#000000\">Mit solidarischen Gr\u00fc\u00dfen<\/font><\/p>\n<p style=\"margin-bottom: 0cm\"><font color=\"#000000\">Markus, Johann, Josefa<\/font><\/p>\n","protected":false},"excerpt":{"rendered":"<p>Einladung zum gesamt\u00f6sterreichischen Vorbereitungstreffen f\u00fcr das n\u00e4chste Sozialforum am Samstag, den 1. M\u00e4rz 2008 von 10:30 bis 16 Uhr in der \u00d6H in Wien, Taubstummeng. 7-9 \/ 4.Stock 1040 Wien<\/p>\n","protected":false},"author":1,"featured_media":0,"comment_status":"open","ping_status":"open","sticky":false,"template":"","format":"standard","meta":{"footnotes":""},"categories":[7,19],"tags":[],"class_list":["post-286","post","type-post","status-publish","format-standard","hentry","category-asf-bewegung","category-termine"],"_links":{"self":[{"href":"https:\/\/www.friedensplattform.at\/index.php?rest_route=\/wp\/v2\/posts\/286","targetHints":{"allow":["GET"]}}],"collection":[{"href":"https:\/\/www.friedensplattform.at\/index.php?rest_route=\/wp\/v2\/posts"}],"about":[{"href":"https:\/\/www.friedensplattform.at\/index.php?rest_route=\/wp\/v2\/types\/post"}],"author":[{"embeddable":true,"href":"https:\/\/www.friedensplattform.at\/index.php?rest_route=\/wp\/v2\/users\/1"}],"replies":[{"embeddable":true,"href":"https:\/\/www.friedensplattform.at\/index.php?rest_route=%2Fwp%2Fv2%2Fcomments&post=286"}],"version-history":[{"count":0,"href":"https:\/\/www.friedensplattform.at\/index.php?rest_route=\/wp\/v2\/posts\/286\/revisions"}],"wp:attachment":[{"href":"https:\/\/www.friedensplattform.at\/index.php?rest_route=%2Fwp%2Fv2%2Fmedia&parent=286"}],"wp:term":[{"taxonomy":"category","embeddable":true,"href":"https:\/\/www.friedensplattform.at\/index.php?rest_route=%2Fwp%2Fv2%2Fcategories&post=286"},{"taxonomy":"post_tag","embeddable":true,"href":"https:\/\/www.friedensplattform.at\/index.php?rest_route=%2Fwp%2Fv2%2Ftags&post=286"}],"curies":[{"name":"wp","href":"https:\/\/api.w.org\/{rel}","templated":true}]}}