{"id":2884,"date":"2013-01-30T20:09:58","date_gmt":"2013-01-30T18:09:58","guid":{"rendered":"http:\/\/www.luxorbis.org\/friedensplattform.at\/?p=2884"},"modified":"2013-01-30T20:09:58","modified_gmt":"2013-01-30T18:09:58","slug":"israel-boykottiert-un-menschenrechtsrat","status":"publish","type":"post","link":"https:\/\/www.friedensplattform.at\/?p=2884","title":{"rendered":"Israel boykottiert UN-Menschenrechtsrat"},"content":{"rendered":"<div>\n<div>\n<address>von dpa<\/address>\n<p>29.01.2013<\/p><\/div>\n<div>\n<h3>Genf &#8211; Israel hat als erstes UN-Mitglied eine \u00dcberpr\u00fcfung der  Menschenrechtssituation auf seinem Staatsgebiet durch das zust\u00e4ndige Gremium der  Vereinten Nationen boykottiert.<!--more--><\/h3>\n<\/div>\n<div>\n<div>\n<div style=\"width: 100%; display: inline;\"><img decoding=\"async\" style=\"width: 100%;\" title=\"Der Ausbau j\u00fcdischer Siedlungen in Jerusalem gilt als eines der gr\u00f6\u00dften Probleme im Nahost-Friedensprozess. Foto: Jim Hollander\/Archiv Foto: dpa\" src=\"http:\/\/m.stuttgarter-zeitung.de\/media.media.cdfecaf1-ba52-4af0-a26e-041cea143ab8.normalized.jpeg\" alt=\"Der Ausbau j\u00fcdischer Siedlungen in Jerusalem gilt als eines der gr\u00f6\u00dften Probleme im Nahost-Friedensprozess. Foto: Jim Hollander\/Archiv Foto: dpa\" \/><\/div>\n<p>Der  Ausbau j\u00fcdischer Siedlungen in Jerusalem gilt als eines der gr\u00f6\u00dften Probleme im  Nahost-Friedensprozess. Foto: Jim Hollander\/Archiv (Foto: dpa)<\/p><\/div>\n<\/div>\n<div>\n<p>Vertreter Israels erschienen am Dienstag in Genf nicht zu einer daf\u00fcr seit  langem turnusm\u00e4\u00dfig angesetzten Sitzung des UN-Menschenrechtsrates. Dabei w\u00e4re  vermutlich auch der Ausbau israelischer Siedlungen auf besetztem  pal\u00e4stinensischem Territorium zur Sprache gekommen.<\/p><\/div>\n<p>Der Ratspr\u00e4sident, Polens UN-Botschafter Remigiusz Henczel, sprach von einer  &#8222;beispiellosen Situation&#8220; in der Geschichte des UN-Gremiums. Der Rat nahm sp\u00e4ter  im Konsens eine Resolution an, in der das israelische Verhalten &#8222;bedauert&#8220; wird.  Zugleich wurde die Regierung in Tel Aviv gebeten, ihre ablehnende Haltung zu  \u00fcberdenken und noch in diesem Jahr dem Gremium Rede und Antwort zu stehen,  sp\u00e4testens im Herbst.<\/p>\n<p>Der Ratspr\u00e4sident wurde durch die Resolution aufgefordert, &#8222;alle  erforderlichen Ma\u00dfnahmen im Rahmen seines Mandats&#8220; zu ergreifen, um Israel zur  Kooperation zu dr\u00e4ngen. Der UN-Menschenrechtsrat hat allerdings keine  M\u00f6glichkeiten, einen Staat zur Berichterstattung oder zum Erscheinen seiner  Vertreter zu zwingen. &#8222;So etwas will hier auch absolut niemand, man hofft  schlicht auf Einsicht&#8220;, sagte ein westlicher Diplomat.<\/p>\n<p>Vor dem Menschenrechtsrat m\u00fcssen laut UN-Reglement alle 193 UN-Mitglieder in  bestimmten Abst\u00e4nden Rechenschaft \u00fcber die Menschenrechtslage auf ihrem  Staatsgebiet abgeben. Dabei werden auch Stellungnahmen von Experten und  Nichtregierungsorganisationen zur Kenntnis genommen. Auf der Basis der Berichte  findet eine Befragung von Vertretern des jeweiligen Staates statt. Dazu waren  f\u00fcr Dienstag Repr\u00e4sentanten Israels eingeladen worden.<\/p>\n<p>In diplomatischen Kreisen war der Boykott durch die israelische Regierung  seit l\u00e4ngerem erwartet worden. Bereits im Fr\u00fchjahr 2012 hatte Israels damaliger  Au\u00dfenminister Avigdor Liebermann erkl\u00e4rt, sein Land werde den  UN-Menschenrechtsrat boykottieren, weil das Gremium beabsichtige, die  Siedlungspolitik Israels zu kontrollieren. Der UN-Menschenrechtsrat sei  &#8222;parteiisch und nicht objektiv&#8220;, erkl\u00e4rte er zur Begr\u00fcndung. Die Sitzungen des  jeweils 47 UN-Staaten umfassenden Gremiums nannte Lieberman ein &#8222;absurdes  Theater&#8220;. Seit Januar ist auch Deutschland f\u00fcr drei Jahre Mitglied des  UN-Menschenrechtsrates.<\/p>\n<p><span style=\"text-decoration: underline;\"><a href=\"https:\/\/service.gmx.net\/dereferrer\/?target=http%3A%2F%2Fnews.antiwar.com%2F2013%2F01%2F29%2Ffirst-ever-israel-boycotts-routine-un-rights-council-review%2F&amp;lang=de\" target=\"_blank\">http:\/\/news.antiwar.com\/2013\/01\/29\/first-ever-israel-boycotts-routine-un-rights-council-review\/<\/a><\/span><\/div>\n<p><span style=\"font-family:'Amnesty Trade Gothic','serif'\"> <\/span><a href=\"https:\/\/service.gmx.net\/dereferrer\/?target=http%3A%2F%2Flivewire.amnesty.org%2F2013%2F01%2F29%2Fthe-universal-periodic-review-human-rights-and-israel-whats-at-stake%2F&amp;lang=de\" target=\"_blank\"><span style=\"font-family:'Amnesty Trade Gothic','serif'\">http:\/\/livewire.amnesty.org\/2013\/01\/29\/the-universal-periodic-review-human-rights-and-israel-whats-at-stake\/<\/span><\/a><span style=\"font-size:10pt;font-family:Arial\"><strong> <\/strong><\/span><\/p>\n<p><strong> <\/strong><\/p>\n<p><strong>_________________________________________________________________________________<br \/>\nWas k\u00f6nnen Sie zum Ende der israelischen Besatzung pal\u00e4stinensischen Landes beitragen?<br \/>\n<\/strong><\/p>\n<ul>\n<li><span style=\"font-size:10pt;font-family:Arial\">Leiten Sie unsere Infos weiter!<\/span><\/li>\n<li><span style=\"font-size:10pt;font-family:Arial\">Nehmen Sie an unseren monatlichen Mahnwachen teil!<\/span><\/li>\n<li><span style=\"font-size:10pt;font-family:Arial\">Schauen Sie auf unsere Homepage:<span> <\/span><a style=\"color:#3333ff\" href=\"https:\/\/service.gmx.net\/dereferrer\/?target=http%3A%2F%2Fwww.fraueninschwarz.at%2F&amp;lang=de\" target=\"_blank\">www.fraueninschwarz.at<\/a><\/span><\/li>\n<li><span style=\"font-size:10pt;font-family:Arial\"> Schreiben Sie uns:<span> <\/span><a style=\"color:#3333ff\" href=\"https:\/\/service.gmx.net\/callgate-6.65.3.0\/rms\/6.65.3.0\/mail\/getBody?folderId=3&amp;messageId=YWxraJdHO1N1a3wqaWlsS%2BxEU0pWWVlZ&amp;purpose=display&amp;bodyType=html#\">fraueninschwarzwien@gmail.com<\/a><\/span><\/li>\n<li> <span style=\"font-size:10pt;font-family:Arial\">Unterst\u00fctzen Sie die Boycott, Divest, Sanction Kampagne: <\/span><a href=\"https:\/\/service.gmx.net\/dereferrer\/?target=http%3A%2F%2Fwww.bds.org%2F&amp;lang=de\" target=\"_blank\"><\/a><a href=\"https:\/\/service.gmx.net\/dereferrer\/?target=http%3A%2F%2Fwww.bds.org%2F&amp;lang=de\" target=\"_blank\">www.bdsmovement.net<\/a>, <a href=\"https:\/\/service.gmx.net\/dereferrer\/?target=http%3A%2F%2Fwww.whoprofits.org%2F&amp;lang=de\" target=\"_blank\">www.whoprofits.org<\/a><\/li>\n<li>Protestieren Sie den Vertrieb von Produkten aus Siedlungen im Westjordanland, z.B. SodaStream, Medjoul Dates, Ahava Cosmetics<\/li>\n<\/ul>\n<p><span style=\"font-size:10pt;font-family:Arial\"> <\/span><strong>Empfehlenswerte Webseiten<\/strong><a href=\"https:\/\/service.gmx.net\/dereferrer\/?target=http%3A%2F%2Fwww.imemc.org%2F&amp;lang=de\" target=\"_blank\"><\/a><\/p>\n<p><a href=\"https:\/\/service.gmx.net\/dereferrer\/?target=http%3A%2F%2Fwww.imemc.org%2F&amp;lang=de\" target=\"_blank\"> <\/a><\/p>\n<p><a href=\"https:\/\/service.gmx.net\/dereferrer\/?target=http%3A%2F%2Fwww.imemc.org%2F&amp;lang=de\" target=\"_blank\"><\/a> <a href=\"https:\/\/service.gmx.net\/dereferrer\/?target=http%3A%2F%2Fwww.imemc.org%2F&amp;lang=de\" target=\"_blank\"><span style=\"color:#000000\">www.imemc.org<\/span><\/a><span style=\"color:#000000\"> &#8211; International Middle East Media Centre<\/span><br \/>\n<a style=\"color:#000000\" href=\"https:\/\/service.gmx.net\/dereferrer\/?target=http%3A%2F%2Fwww.palsolidarity.org%2F&amp;lang=de\" target=\"_blank\"><span style=\"color:#000000\">www.palsolidarity.org<\/span><\/a><span style=\"color:#000000\"> &#8211; International Solidarity Movement<\/span><br \/>\n<a style=\"color:#000000\" href=\"https:\/\/service.gmx.net\/dereferrer\/?target=http%3A%2F%2Fwww.ochaopt.org%2F&amp;lang=de\" target=\"_blank\">www.ochaopt.org<\/a><span style=\"color:#000000\"> &#8211; Office for the Co-ordination of\u00a0Humanitarian Affairs in the Occupied Palestinian Territories<\/span><br \/>\n<a style=\"color:#000000\" href=\"https:\/\/service.gmx.net\/dereferrer\/?target=http%3A%2F%2Fwww.jewishvoiceforpeace.org%2F&amp;lang=de\" target=\"_blank\"><span style=\"color:#000000\">www.jewishvoiceforpeace.org<\/span><\/a><span style=\"color:#000000\"> &#8211; Jewish Voice for Peace<\/span><br \/>\n<span style=\"font-size:10pt;font-family:Times;color:#000000\"><a href=\"https:\/\/service.gmx.net\/dereferrer\/?target=http%3A%2F%2Fwww.btselem.org%2F&amp;lang=de\" target=\"_blank\"><span style=\"font-family:arial,helvetica,sans-serif;color:#000000\">www.btselem.org<\/span><\/a><span style=\"font-family:arial,helvetica,sans-serif\"> &#8211; The Israeli Information Center for Human Rights in the Occupied Territories<\/span><\/span><br \/>\n<a href=\"https:\/\/service.gmx.net\/dereferrer\/?target=http%3A%2F%2Fwww.kibush.co.il%2F&amp;lang=de\" target=\"_blank\">www.kibush.co.il<\/a> &#8211; Israeli Website mit Nachrichten und Kommentaren \u00fcber die Besatzung<\/p>\n<p>Quelle:<\/p>\n<p>www.fraueninschwarz.at<\/p>\n","protected":false},"excerpt":{"rendered":"<p>von dpa 29.01.2013 Genf &#8211; Israel hat als erstes UN-Mitglied eine \u00dcberpr\u00fcfung der Menschenrechtssituation auf seinem Staatsgebiet durch das zust\u00e4ndige Gremium der Vereinten Nationen boykottiert.<\/p>\n","protected":false},"author":2,"featured_media":0,"comment_status":"open","ping_status":"open","sticky":false,"template":"","format":"standard","meta":{"footnotes":""},"categories":[18],"tags":[],"class_list":["post-2884","post","type-post","status-publish","format-standard","hentry","category-palaestina-solidaritaet"],"_links":{"self":[{"href":"https:\/\/www.friedensplattform.at\/index.php?rest_route=\/wp\/v2\/posts\/2884","targetHints":{"allow":["GET"]}}],"collection":[{"href":"https:\/\/www.friedensplattform.at\/index.php?rest_route=\/wp\/v2\/posts"}],"about":[{"href":"https:\/\/www.friedensplattform.at\/index.php?rest_route=\/wp\/v2\/types\/post"}],"author":[{"embeddable":true,"href":"https:\/\/www.friedensplattform.at\/index.php?rest_route=\/wp\/v2\/users\/2"}],"replies":[{"embeddable":true,"href":"https:\/\/www.friedensplattform.at\/index.php?rest_route=%2Fwp%2Fv2%2Fcomments&post=2884"}],"version-history":[{"count":0,"href":"https:\/\/www.friedensplattform.at\/index.php?rest_route=\/wp\/v2\/posts\/2884\/revisions"}],"wp:attachment":[{"href":"https:\/\/www.friedensplattform.at\/index.php?rest_route=%2Fwp%2Fv2%2Fmedia&parent=2884"}],"wp:term":[{"taxonomy":"category","embeddable":true,"href":"https:\/\/www.friedensplattform.at\/index.php?rest_route=%2Fwp%2Fv2%2Fcategories&post=2884"},{"taxonomy":"post_tag","embeddable":true,"href":"https:\/\/www.friedensplattform.at\/index.php?rest_route=%2Fwp%2Fv2%2Ftags&post=2884"}],"curies":[{"name":"wp","href":"https:\/\/api.w.org\/{rel}","templated":true}]}}