{"id":2913,"date":"2013-02-16T16:05:10","date_gmt":"2013-02-16T14:05:10","guid":{"rendered":"http:\/\/www.luxorbis.org\/friedensplattform.at\/?p=2913"},"modified":"2013-02-16T16:05:10","modified_gmt":"2013-02-16T14:05:10","slug":"refugees-thanks-for-coming","status":"publish","type":"post","link":"https:\/\/www.friedensplattform.at\/?p=2913","title":{"rendered":"Refugees &#8211; Thanks for coming"},"content":{"rendered":"<table border=\"0\" cellspacing=\"0\" cellpadding=\"0\" width=\"100%\">\n<tbody>\n<tr>\n<td valign=\"top\" bgcolor=\"white\"><\/td>\n<\/tr>\n<p><strong> <\/strong><\/p>\n<tr>\n<td valign=\"top\"><strong>Refugees &#8211; Thanks for coming<img loading=\"lazy\" decoding=\"async\" src=\"http:\/\/www.dar-al-janub.net\/refugees.jpg\" border=\"0\" alt=\"\" hspace=\"3\" vspace=\"3\" width=\"239\" height=\"360\" align=\"left\" \/><\/strong><\/p>\n<p><strong>Wir danken Euch<\/strong>, dass Ihr nach     \u00d6sterreich\/ Europa gekommen seid und FRONTEX entkommen seid.<\/p>\n<p><strong>Wir sind besch\u00e4mt,<\/strong> dass die     Polizei zu unserem Schutz und zu Eurer Verfolgung dient.<\/p>\n<p><strong>Wir danken Euch, <\/strong>dass Ihr uns     zeigt, dass Menschenrechte in \u00d6sterreich\/Europa nur f\u00fcr die gelten, die den     richtigen Pass mit der richtigen Hautfarbe haben.<\/p>\n<p><strong>Wir sind besch\u00e4mt, <\/strong>dass Ihr     nicht wie wir \u00fcber die Stra\u00dfe gehen k\u00f6nnt, ohne verhaftet zu werden, und     das wir jede Arbeit annehmen d\u00fcrfen und Ihr keine.<\/p>\n<p><strong>Wir danken Euch,<\/strong> f\u00fcr die     Formulierung Eurer Forderungen, die uns mit dem realen Rassismus der Stra\u00dfe     und der Institutionen konfrontieren.<\/p>\n<p><strong>Wir sind besch\u00e4mt, <\/strong>dass man     Eure politischen Forderungen im schlechtesten Fall als     \u201eirrealistisch\u201c abtut und im besten Fall als humanit\u00e4re     Probleme abwickeln will.<\/p>\n<p><strong>Wir danken Euch <\/strong>f\u00fcr den     Protest, aus dem Wut, Trauer, aber auch W\u00fcrde derer spricht, die den weiten     Weg nach \u00d6sterreich\/Europa nicht geschafft haben, weil sie im Mittelmeer     ertrunken sind.<\/p>\n<p><strong>Wir sind besch\u00e4mt, <\/strong>dass Ihr     uns sagen m\u00fcsst, dass Ihr keine Babys seid (Zitat Khan Adalat), weil man     Euch in der kolonialen Tradition der Habsburger abspricht, politisch zu     denken und selbstbestimmt zu handeln.<\/p>\n<p><strong>Wir danken Euch, <\/strong>dass Ihr den     nationalen Schulterschluss der politischen Parteien offengelegt habt; von     rechts (\u201eHerabw\u00fcrdigung religi\u00f6ser Lehren und     Religionsaus\u00fcbung\u201c) bis links (\u201ees geht um menschengerechte     Verwahrung\u201c).<\/p>\n<p><strong>Wir sind besch\u00e4mt <\/strong>\u00fcber die     Verantwortlichen aus Politik, der Kirche und den NGOs, wie sie in einem     widerw\u00e4rtigen Paternalismus das Wort \u201ef\u00fcr Euch\u201c ergreifen, als     sei Eure Stimme zu unterentwickelt.<\/p>\n<p><strong>Wir danken Euch, <\/strong>den Menschen     aus der Basis der Kirche, den Ordensm\u00e4nnern- und Frauen, und den vielen     anderen, die zeigen, dass Glaube und Religion kein Ritual ist, sondern     N\u00e4chstenliebe in der Praxis.<\/p>\n<p><strong>Wir sind besch\u00e4mt, <\/strong>dass in dem     Haus Gottes Menschen in K\u00e4lte und Dunkelheit auf ihre Abschiebung warten m\u00fcssen     und durch einen Wachdienst von uns isoliert werden.<\/p>\n<p><strong>Wir danken den AktivistInnen<\/strong> aus den Parteien und NGOs die sich nicht blenden lassen, von dem     rassistischen und menschenverachtenden Normalzustand, den diese     Institutionen abwickeln.<\/p>\n<p><strong>Wir sind besch\u00e4mt, <\/strong>dass mutige     Menschen aus der Zivilgesellschaft, die Laptops und andere     Kommunikationsmittel und \u2013medien organisiert haben, ihre Zeit bei den     Fl\u00fcchtlingen verbringen und in Bescheidenheit sich den Forderungen der     Fl\u00fcchtlinge angeschlossen haben, als \u201eSt\u00f6rerInnen\u201c diffamiert     werden.<\/p>\n<p><strong>Wir danken Euch,<\/strong> dass Ihr     gekommen seid. Lasst uns nicht alleine. Subhan\u2019Allah.<\/p>\n<p><!--more--><br \/>\n**********<\/p>\n<p><strong>Refugees &#8211; Thanks for coming<\/strong><\/p>\n<p><strong>We thank you<\/strong> for coming to     Austria\/Europe and for escaping FRONTEX.<\/p>\n<p><strong>We are ashamed<\/strong> that the police     claims to protect us whilst in fact persecuting you.<\/p>\n<p><strong>We thank you<\/strong> for demonstrating     that human rights in Austria\/Europe only apply to those with the right     passport and skincolour.<\/p>\n<p><strong>We are ashamed <\/strong>that we can     cross the streets without being arrested and accept any job offered whilst     you can\u2019t!<\/p>\n<p><strong>We thank you<\/strong> for the     verbalisation of your demands, which uncover the existing racism on the     streets and in the institutions.<\/p>\n<p><strong>We are ashamed<\/strong> that your     political demands are called *unrealistic* in the worst and *humanitarian     issues* in the luckiest case.<\/p>\n<p><strong>We thank you<\/strong> for angry, sad,     yet dignified protest which also represents those who didn\u2019t manage     to reach Austrian\/European shores, because they drowned in the ocean.<\/p>\n<p><strong>We are ashamed<\/strong> you have to     tell us that you are no babies (quote Khan Adalat), because the colonial     tradition of the Habsburgs\u2019 won\u2019t acknowledge your ability to     autonomously think and act politically.<\/p>\n<p><strong>We thank you<\/strong> for uncovering     the closing of ranks by the national political parties; from the right-wing     (decrying of religious teachings and exercise of religion) to the left     (it\u2019s all about humane custody!)<\/p>\n<p><strong>We are ashamed<\/strong> of the     representatives of politics, church and the NGOs rising to speak *for you*     as if your own voices were runt.<\/p>\n<p><strong>We thank you,<\/strong> the grassroots     people of the church, the nuns, believers and those many more, who prove     that faith and religion are no empty rituals but charity put into practice!<\/p>\n<p><strong>We are ashamed<\/strong> that people     have to await their deportation in the Lord\u2019s House, locked into the     darkness and cold, isolated from us, their friends, by security guards.<\/p>\n<p><strong>We thank the activists<\/strong> of the     parties and NGOs who are not blinded by the the racist and inhuman     conditions of the institutions involved.<\/p>\n<p><strong>We are ashamed<\/strong> that those     brave people of the Civil Society, who provide means of communication,     spend their time with the refugees and who have always encouraged their     demands, are defamed as disruptive elements.<\/p>\n<p><strong>We thank you<\/strong> for coming here!     Don\u2019t leave us! Subhan\u2019 Allah!<\/td>\n<\/tr>\n<tr>\n<td><\/td>\n<\/tr>\n<\/tbody>\n<\/table>\n<p>Verein f\u00fcr     antirassistische und friedenspolitische Initiative<br \/>\nDar al Janub &#8211; Zentrum Interkultureller Begegnung,<br \/>\nKleistgasse 8, 1030 Wien,<br \/>\nTel.: 0676 \/ 78-93-413<br \/>\n<a href=\"http:\/\/www.dar-al-janub.net\" target=\"_blank\">www.dar-al-janub.net<\/a><\/p>\n<p>Bankverbindung:<br \/>\n\u00d6sterreichische Postsparkasse (P.S.K.)<br \/>\nEmpf\u00e4nger: Verein f\u00fcr antirassistische und friedenspolitische Initiative<br \/>\nVerwendungszweck: Spende<br \/>\nKontonr.: 92 160 350<br \/>\nBLZ: 60 000<br \/>\nBIC: OPSKATWW<\/p>\n","protected":false},"excerpt":{"rendered":"<p>Refugees &#8211; Thanks for coming Wir danken Euch, dass Ihr nach \u00d6sterreich\/ Europa gekommen seid und FRONTEX entkommen seid. Wir sind besch\u00e4mt, dass die Polizei zu unserem Schutz und zu Eurer Verfolgung dient. Wir danken Euch, dass Ihr uns zeigt, dass Menschenrechte in \u00d6sterreich\/Europa nur f\u00fcr die gelten, die den richtigen Pass mit der richtigen &hellip; <a href=\"https:\/\/www.friedensplattform.at\/?p=2913\" class=\"more-link\"><span class=\"screen-reader-text\">Refugees &#8211; Thanks for coming<\/span> weiterlesen <span class=\"meta-nav\">&rarr;<\/span><\/a><\/p>\n","protected":false},"author":3,"featured_media":0,"comment_status":"open","ping_status":"open","sticky":false,"template":"","format":"standard","meta":{"footnotes":""},"categories":[1],"tags":[],"class_list":["post-2913","post","type-post","status-publish","format-standard","hentry","category-allgemein"],"_links":{"self":[{"href":"https:\/\/www.friedensplattform.at\/index.php?rest_route=\/wp\/v2\/posts\/2913","targetHints":{"allow":["GET"]}}],"collection":[{"href":"https:\/\/www.friedensplattform.at\/index.php?rest_route=\/wp\/v2\/posts"}],"about":[{"href":"https:\/\/www.friedensplattform.at\/index.php?rest_route=\/wp\/v2\/types\/post"}],"author":[{"embeddable":true,"href":"https:\/\/www.friedensplattform.at\/index.php?rest_route=\/wp\/v2\/users\/3"}],"replies":[{"embeddable":true,"href":"https:\/\/www.friedensplattform.at\/index.php?rest_route=%2Fwp%2Fv2%2Fcomments&post=2913"}],"version-history":[{"count":0,"href":"https:\/\/www.friedensplattform.at\/index.php?rest_route=\/wp\/v2\/posts\/2913\/revisions"}],"wp:attachment":[{"href":"https:\/\/www.friedensplattform.at\/index.php?rest_route=%2Fwp%2Fv2%2Fmedia&parent=2913"}],"wp:term":[{"taxonomy":"category","embeddable":true,"href":"https:\/\/www.friedensplattform.at\/index.php?rest_route=%2Fwp%2Fv2%2Fcategories&post=2913"},{"taxonomy":"post_tag","embeddable":true,"href":"https:\/\/www.friedensplattform.at\/index.php?rest_route=%2Fwp%2Fv2%2Ftags&post=2913"}],"curies":[{"name":"wp","href":"https:\/\/api.w.org\/{rel}","templated":true}]}}