{"id":2917,"date":"2013-02-20T10:56:05","date_gmt":"2013-02-20T08:56:05","guid":{"rendered":"http:\/\/www.luxorbis.org\/friedensplattform.at\/?p=2917"},"modified":"2013-02-20T10:56:05","modified_gmt":"2013-02-20T08:56:05","slug":"solidaritaetsdemo-mit-refugees-in-graz","status":"publish","type":"post","link":"https:\/\/www.friedensplattform.at\/?p=2917","title":{"rendered":"Solidarit&#228;tsdemo mit Refugees in Graz!"},"content":{"rendered":"<div style=\"text-align: center;\">WE DEMAND OUR RIGHTS! GLEICHE RECHTE F\u00dcR ALLE!<\/div>\n<div style=\"text-align: center;\">In Solidarit\u00e4t mit der europaweiten\u00a0Fl\u00fcchtlingsbewegung<\/div>\n<div style=\"text-align: center;\">wird in<\/div>\n<div style=\"text-align: center;\"><strong>Graz<\/strong><\/div>\n<div style=\"text-align: center;\"><strong>am Freitag, \u00a022.2.2013 <\/strong><\/div>\n<div style=\"text-align: center;\"><strong>um 15:00<\/strong><\/div>\n<div style=\"text-align: center;\"><strong>ab Hauptplatz<\/strong><\/div>\n<div style=\"text-align: center;\">eine DEMONSTRATION durchgef\u00fchrt!<\/div>\n<div style=\"text-align: center;\"><!--more--><\/div>\n<div style=\"text-align: center;\"><em><strong>Erkl\u00e4rt euch solidarisch\u00a0und kommt zahlreich!<\/strong><\/em><\/div>\n<div>Fl\u00fcchtlinge  in der Votivkirche in Wien, in den Bundesl\u00e4ndern, in Berlin und in ganz  Europa protestieren gegen\u00a0unertr\u00e4gliche Aufenthaltsbedingungen  und\u00a0ungerechte Asylgesetzgebung!<\/div>\n<div>Die\u00a0Weltwirtschaftsordnung verursacht ein krasses  Wohlstandsgef\u00e4lle zwischen den hochindustralisierten und den  rohstoffreichen\u00a0Regionen der Erde.\u00a0Die durch Ausbeutungsverh\u00e4ltnisse  kolonial\u00a0gepr\u00e4gten Beziehungen zwischen diesen Regionen f\u00fchren zu  Krieg,Hungersnot, Naturkatastrophen und wirtschaftlichen Situationen,  die ein \u00dcberleben verunm\u00f6glichen.<\/div>\n<div>Menschen fl\u00fcchten.<\/div>\n<div>Konzerne der EU wollen  Rohstoffe aus den L\u00e4ndern Afrikas und Asiens\u00a0g\u00fcnstig importieren.  Sie\u00a0wollen von der\u00a0billig zu kaufenden Arbeitskraft der Menschen in  diesen Regionen profitieren. Es ist moderne Sklaverei, die da betrieben  wird: keine Arbeitsrechte, keine Lohngarantie,krankmachende und  t\u00f6dliche\u00a0Arbeitsbedingungen, Kinderarbeit. F\u00fcr die Menschen, die Region,  das Land, f\u00e4llt nicht der geringste Mehrwert ab. Im Gegenteil: durch  die Auspl\u00fcnderungen werden ihre urspr\u00fcnglichen Lebensweisen zerst\u00f6rt und  ihre Nahrungsgrundlagen vernichtet.<\/div>\n<div>Menschen fl\u00fcchten.<\/div>\n<div>Unter Lebensgefahr \u00fcberwinden sie Frontex-Lager, militarisierte Meere, Schengen-Grenzen.<\/div>\n<div>Die es nach \u00d6sterreich schaffen, werden einer weiteren dem\u00fctigenden Prozedur ausgesetzt, mit ungewissem Ausgang.<\/div>\n<div>Dagegen protestieren die Fl\u00fcchtlinge in der Votivkirche in Wien, in ganz \u00d6sterreich und Europa.<\/div>\n<div>UNSERE SOLIDARIT\u00c4T IST DAS, WAS SIE AM DRINGENDSTEN BRAUCHEN.<\/div>\n<div style=\"text-align: center;\">Together WE WILL RISE!<\/div>\n<div><strong> Infostand\u00a0und Protestcamp\u00a0ab 10:00 am Hauptplatz<\/strong><\/div>\n<div><strong> <\/strong><\/div>\n<div><strong> Demonstration 15:00 ab Hauptplatz<\/strong><\/div>\n<div><\/div>\n<div>\n<a href=\"http:\/\/refugeecampvienna.noblogs.org\" target=\"_blank\">http:\/\/refugeecampvienna.noblogs.org<\/a><\/div>\n<div><\/div>\n<div>Veranstalterin: B\u00fcndnis Refugee Solidarity Graz<\/div>\n<div><\/div>\n","protected":false},"excerpt":{"rendered":"<p>WE DEMAND OUR RIGHTS! GLEICHE RECHTE F\u00dcR ALLE! In Solidarit\u00e4t mit der europaweiten\u00a0Fl\u00fcchtlingsbewegung wird in Graz am Freitag, \u00a022.2.2013 um 15:00 ab Hauptplatz eine DEMONSTRATION durchgef\u00fchrt!<\/p>\n","protected":false},"author":3,"featured_media":0,"comment_status":"open","ping_status":"open","sticky":false,"template":"","format":"standard","meta":{"footnotes":""},"categories":[1],"tags":[],"class_list":["post-2917","post","type-post","status-publish","format-standard","hentry","category-allgemein"],"_links":{"self":[{"href":"https:\/\/www.friedensplattform.at\/index.php?rest_route=\/wp\/v2\/posts\/2917","targetHints":{"allow":["GET"]}}],"collection":[{"href":"https:\/\/www.friedensplattform.at\/index.php?rest_route=\/wp\/v2\/posts"}],"about":[{"href":"https:\/\/www.friedensplattform.at\/index.php?rest_route=\/wp\/v2\/types\/post"}],"author":[{"embeddable":true,"href":"https:\/\/www.friedensplattform.at\/index.php?rest_route=\/wp\/v2\/users\/3"}],"replies":[{"embeddable":true,"href":"https:\/\/www.friedensplattform.at\/index.php?rest_route=%2Fwp%2Fv2%2Fcomments&post=2917"}],"version-history":[{"count":0,"href":"https:\/\/www.friedensplattform.at\/index.php?rest_route=\/wp\/v2\/posts\/2917\/revisions"}],"wp:attachment":[{"href":"https:\/\/www.friedensplattform.at\/index.php?rest_route=%2Fwp%2Fv2%2Fmedia&parent=2917"}],"wp:term":[{"taxonomy":"category","embeddable":true,"href":"https:\/\/www.friedensplattform.at\/index.php?rest_route=%2Fwp%2Fv2%2Fcategories&post=2917"},{"taxonomy":"post_tag","embeddable":true,"href":"https:\/\/www.friedensplattform.at\/index.php?rest_route=%2Fwp%2Fv2%2Ftags&post=2917"}],"curies":[{"name":"wp","href":"https:\/\/api.w.org\/{rel}","templated":true}]}}