{"id":2919,"date":"2013-02-27T09:26:52","date_gmt":"2013-02-27T07:26:52","guid":{"rendered":"http:\/\/www.luxorbis.org\/friedensplattform.at\/?p=2919"},"modified":"2013-02-27T09:26:52","modified_gmt":"2013-02-27T07:26:52","slug":"kraeftiges-zeichen-der-solidaritaet-mit-refugees-aus-graz","status":"publish","type":"post","link":"https:\/\/www.friedensplattform.at\/?p=2919","title":{"rendered":"Kr&#228;ftiges Zeichen der Solidarit&#228;t mit Refugees aus Graz!"},"content":{"rendered":"<p>Demonstration in Graz in Solidarit\u00e4t mit der Fl\u00fcchtlingsbewegung<\/p>\n<p><!--more-->Am Freitag, den 22.02. demonstrierten in Graz trotz der K\u00e4lte und des<br \/>\nSchneefalls ca. 350 Menschen friedlich in Solidarit\u00e4t mit der<br \/>\nFl\u00fcchtlingsbewegung in Wien, Europa und weltweit.<\/p>\n<p>Der Solidarit\u00e4tszug f\u00fchrte vom Hauptplatz, \u00fcber Herrengasse, Tummelplatz<br \/>\nund die Glacisstra\u00dfe zum Polizeianhaltezentrum Paulustor, wo sich Menschen<br \/>\nin Schubhaft befinden, zur Grazer Burg und schlie\u00dflich zur<br \/>\nSchlu\u00dfkundgebung am Hauptplatz. Es gab zahlreiche Redebeitr\u00e4ge von Refugee<br \/>\nAktivistInnen und Unterst\u00fctzerInnen.<\/p>\n<p>Viele Jugendliche und unbegleitete Fl\u00fcchtlinge nahmen an der Demonstration teil<\/p>\n<p>120 Menschen unterschrieben gegen die drohenden Abschiebungen zweier Refugee-Aktivisten:<\/p>\n<p>die Unterschriftenlisten wurden an die zust\u00e4ndigen Stellen bei Polizei und Innenministerium weitergeleitet.<\/p>\n<p>Ein Brief, indem \u00fcber schlimme Situationen der Fl\u00fcchtlinge in der Steiermark aufmerksam und Verbesserungs-<\/p>\n<p>vorschl\u00e4ge gemacht wurden, wurde an LH Franz Voves geschickt.<\/p>\n<p>FOTOS unter:<\/p>\n<p><a href=\"http:\/\/www.meinbezirk.at\/graz\/politik\/solidaritaetsdemo-fluechtlinge-votivkirche-w-m3803226,487837.html\/action\/mode\/lastpage\/\" target=\"_blank\">http:\/\/www.meinbezirk.at\/graz\/politik\/solidaritaetsdemo-fluechtlinge-votivkirche-w-m3803226,487837.html\/action\/mode\/lastp<\/a><\/p>\n","protected":false},"excerpt":{"rendered":"<p>Demonstration in Graz in Solidarit\u00e4t mit der Fl\u00fcchtlingsbewegung<\/p>\n","protected":false},"author":3,"featured_media":0,"comment_status":"open","ping_status":"open","sticky":false,"template":"","format":"standard","meta":{"footnotes":""},"categories":[1,4],"tags":[],"class_list":["post-2919","post","type-post","status-publish","format-standard","hentry","category-allgemein","category-antirassismus"],"_links":{"self":[{"href":"https:\/\/www.friedensplattform.at\/index.php?rest_route=\/wp\/v2\/posts\/2919","targetHints":{"allow":["GET"]}}],"collection":[{"href":"https:\/\/www.friedensplattform.at\/index.php?rest_route=\/wp\/v2\/posts"}],"about":[{"href":"https:\/\/www.friedensplattform.at\/index.php?rest_route=\/wp\/v2\/types\/post"}],"author":[{"embeddable":true,"href":"https:\/\/www.friedensplattform.at\/index.php?rest_route=\/wp\/v2\/users\/3"}],"replies":[{"embeddable":true,"href":"https:\/\/www.friedensplattform.at\/index.php?rest_route=%2Fwp%2Fv2%2Fcomments&post=2919"}],"version-history":[{"count":0,"href":"https:\/\/www.friedensplattform.at\/index.php?rest_route=\/wp\/v2\/posts\/2919\/revisions"}],"wp:attachment":[{"href":"https:\/\/www.friedensplattform.at\/index.php?rest_route=%2Fwp%2Fv2%2Fmedia&parent=2919"}],"wp:term":[{"taxonomy":"category","embeddable":true,"href":"https:\/\/www.friedensplattform.at\/index.php?rest_route=%2Fwp%2Fv2%2Fcategories&post=2919"},{"taxonomy":"post_tag","embeddable":true,"href":"https:\/\/www.friedensplattform.at\/index.php?rest_route=%2Fwp%2Fv2%2Ftags&post=2919"}],"curies":[{"name":"wp","href":"https:\/\/api.w.org\/{rel}","templated":true}]}}