{"id":2921,"date":"2013-02-27T09:29:20","date_gmt":"2013-02-27T07:29:20","guid":{"rendered":"http:\/\/www.luxorbis.org\/friedensplattform.at\/?p=2921"},"modified":"2013-02-27T09:29:20","modified_gmt":"2013-02-27T07:29:20","slug":"haeftlingstod-wuehlt-palaestina-auf","status":"publish","type":"post","link":"https:\/\/www.friedensplattform.at\/?p=2921","title":{"rendered":"H&#228;ftlingstod w&#252;hlt Pal&#228;stina auf"},"content":{"rendered":"<h2><span> <\/span>UNO will untersuchen lassen, warum Arafat Dscharadat in israelischer Haft starb<\/h2>\n<p><!--more-->Von Oliver Eberhardt<\/p>\n<p>27.02.2013<\/p>\n<div>\n<div>Nach dem Tod eines Pal\u00e4stinensers in israelischer Haft spitzen sich die  Proteste im Westjordanland zu. Bei den Auseinandersetzungen mit Israels  Armee und Siedlern wurden mindestens 20 Menschen verletzt. Pal\u00e4stinas  Regierung hat dazu aufgerufen, auf Gewalt zu verzichten, und hat dennoch  Schwierigkeiten, die Protestbewegung zu steuern.<\/div>\n<div>\n<table border=\"0\" width=\"170\" summary=\"Gestaltungstabelle\">\n<tbody>\n<tr>\n<td><a title=\"Bild gro\u00df anzeigen\"> <img decoding=\"async\" id=\"img70712\" src=\"http:\/\/www.neues-deutschland.de\/img\/t\/70712\" alt=\"1\" \/> <\/a><\/p>\n<div>Protest unter Postern und Tr\u00e4nengas: Nablus im Westjordanland<\/div>\n<div>Foto: dpa\/Alaa Badarneh<\/div>\n<\/td>\n<\/tr>\n<\/tbody>\n<\/table>\n<\/div>\n<p>Am Dienstagmorgen schlug in einem Industriegebiet von Aschkelon eine  Rakete ein. Das Besondere: Nicht die Hamas, sondern die  Al-Aksa-Brigaden, ein Verbund aus Kampfgruppen, die der im  Westjordanland regierenden Fatah nahestehen, hatten die Rakete  abgeschossen, die zudem von jener Bauart war, deren Technologie aus dem  Ausland kommt.<\/p>\n<p>Beides, die Aktivit\u00e4t der Al-Aksa-Brigaden im von der Hamas  kontrollierten Gaza-Streifen und das Raketenmodell deuten darauf hin,  dass der Abschuss mit Billigung der Hamas erfolgte. Doch die bestreitet,  dass es \u00fcberhaupt einen Raketenabschuss gegeben habe. Israels Regierung  suche nach einem Vorwand, den Gaza-Streifen erneut anzugreifen, hei\u00dft  es in einer Erkl\u00e4rung der Hamas-Regierung. Damit wolle man von der Lage  im Westjordanland ablenken.<\/p>\n<p>Dort gab es am Dienstag erneut Auseinandersetzungen zwischen Milit\u00e4r  und Demonstranten, deren Zahl stetig zunimmt. Proteste hatte es bereits  seit Wochen immer wieder gegeben. Doch seit am Sonnabend ein 30-j\u00e4hriger  Pal\u00e4stinenser in israelischer Haft starb, eskaliert die Lage. Die  pal\u00e4stinensische Regierung wirft Israels Inlandsgeheimdienst Schin Beth  vor, Arafat Dscharadat gefoltert zu haben; die Autopsie habe Anzeichen  \u00bbextremer Folter\u00ab ergeben, sagte der Minister f\u00fcr  Gefangenenangelegenheiten, Issa Karaka. Israel, in dessen forensischem  Institut die Leichenschau in Anwesenheit des pal\u00e4stinensischen Arztes  Saber Alul stattfand, erkl\u00e4rte, die Verletzungen, Rippenbr\u00fcche und  mehrere H\u00e4matome, seien auf die Wiederbelebungsversuche zur\u00fcckzuf\u00fchren;  die Todesursache als solche werde erst nach der Auswertung von Blut- und  Gewebeproben feststehen.<\/p>\n<p>Pal\u00e4stinas Regierung fordert nun eine unabh\u00e4ngige Untersuchung durch  die Vereinten Nationen, der sich das forensische Institut nicht in den  Weg stellen werde, wie ein Sprecher der Einrichtung betont. Aber auch  wenn sich die pal\u00e4stinensischen Angaben dabei als nicht haltbar erweisen  sollten &#8211; den Foltervorwurf w\u00fcrde das nicht aus der Welt schaffen.  Viele potenziell t\u00f6dliche physische und psychische Methoden, Druck  auszu\u00fcben, hinterlassen keine direkten Spuren am und im K\u00f6rper &#8211;  Schlafentzug zum Beispiel.<\/p>\n<p>Israels Regierung wirft den Pal\u00e4stinensern nun vor, den Tod dazu zu  benutzen, um Gewalt gegen Israelis zu rechtfertigen. Premierminister  Benjamin Netanjahu forderte, Pr\u00e4sident Mahmud Abbas m\u00fcsse die  Demonstrationen vollst\u00e4ndig stoppen.<\/p>\n<p>Doch das ist ihm kaum m\u00f6glich. F\u00fcr die Menschen war der Tod  Dscharadats, dem vorgeworfen wurde, Brandbomben auf Autos geworfen zu  haben, der Tropfen, der das Fass zum \u00dcberlaufen brachte. Die  Friedensverhandlungen sind komplett eingestellt, die \u00dcbergriffe von  Siedlern auf Pal\u00e4stinenser haben zugenommen und das Milit\u00e4r taucht immer  \u00f6fter in pal\u00e4stinensischen St\u00e4dten auf, h\u00e4ufig ohne erkennbaren Grund.<\/p>\n<p>Abbas steht ohnehin in der Kritik, weil er als Erf\u00fcllungsgehilfe  Israels gesehen wird. W\u00fcrde er versuchen, die Proteste zu unterbinden,  vielleicht sogar durch die Sicherheitskr\u00e4fte, lenkte dies den Zorn der  Menschen auf ihn selbst.<\/p>\n<p>L\u00e4ngst spekulieren Medien und Bev\u00f6lkerung auf beiden Seiten, ob dies  der Beginn der dritten Intifada ist. In den kommenden Tagen soll  Netanjahu dem israelischen Parlament erkl\u00e4ren, wie er verhindern will,  dass das passiert.<\/p>\n<p><a href=\"http:\/\/\">http:\/\/www.neues-deutschland.de\/artikel\/814207.haeftlingstod-wuehlt-palaestina-auf.html<\/a><\/div>\n","protected":false},"excerpt":{"rendered":"<p>UNO will untersuchen lassen, warum Arafat Dscharadat in israelischer Haft starb<\/p>\n","protected":false},"author":3,"featured_media":0,"comment_status":"open","ping_status":"open","sticky":false,"template":"","format":"standard","meta":{"footnotes":""},"categories":[5],"tags":[],"class_list":["post-2921","post","type-post","status-publish","format-standard","hentry","category-arabischer-raum"],"_links":{"self":[{"href":"https:\/\/www.friedensplattform.at\/index.php?rest_route=\/wp\/v2\/posts\/2921","targetHints":{"allow":["GET"]}}],"collection":[{"href":"https:\/\/www.friedensplattform.at\/index.php?rest_route=\/wp\/v2\/posts"}],"about":[{"href":"https:\/\/www.friedensplattform.at\/index.php?rest_route=\/wp\/v2\/types\/post"}],"author":[{"embeddable":true,"href":"https:\/\/www.friedensplattform.at\/index.php?rest_route=\/wp\/v2\/users\/3"}],"replies":[{"embeddable":true,"href":"https:\/\/www.friedensplattform.at\/index.php?rest_route=%2Fwp%2Fv2%2Fcomments&post=2921"}],"version-history":[{"count":0,"href":"https:\/\/www.friedensplattform.at\/index.php?rest_route=\/wp\/v2\/posts\/2921\/revisions"}],"wp:attachment":[{"href":"https:\/\/www.friedensplattform.at\/index.php?rest_route=%2Fwp%2Fv2%2Fmedia&parent=2921"}],"wp:term":[{"taxonomy":"category","embeddable":true,"href":"https:\/\/www.friedensplattform.at\/index.php?rest_route=%2Fwp%2Fv2%2Fcategories&post=2921"},{"taxonomy":"post_tag","embeddable":true,"href":"https:\/\/www.friedensplattform.at\/index.php?rest_route=%2Fwp%2Fv2%2Ftags&post=2921"}],"curies":[{"name":"wp","href":"https:\/\/api.w.org\/{rel}","templated":true}]}}