{"id":2925,"date":"2013-03-04T07:45:56","date_gmt":"2013-03-04T05:45:56","guid":{"rendered":"http:\/\/www.luxorbis.org\/friedensplattform.at\/?p=2925"},"modified":"2013-03-04T07:45:56","modified_gmt":"2013-03-04T05:45:56","slug":"stephane-hessel-ist-tot","status":"publish","type":"post","link":"https:\/\/www.friedensplattform.at\/?p=2925","title":{"rendered":"St\u00e9phane Hessel ist tot"},"content":{"rendered":"<p><span style=\"color: #333333; font-family: 'Lucida Grande', Verdana, 'Bitstream Vera Sans', Arial, Helvetica, sans-serif; line-height: normal;\">Er k\u00e4mpfte in der R\u00e9sistance gegen die Nazis, fl\u00fcchtete aus dem KZ Buchenwald, war an der Ausarbeitung der Menschenrechtserkl\u00e4rung der UNO 1948 beteiligt<!--more-->, wurde sp\u00e4ter von Pr\u00e4sident Mitterand zum Ehren-Diplomaten Frankreichs ernannt, setzte sich f\u00fcr die Rechte der Pal\u00e4stinenser ein und k\u00e4mpfte Zeit seines Lebens f\u00fcr Menschenrechte und soziale Gerechtigkeit ein. Vor zweieinhalb Jahren gelang ihm mit der Ver\u00f6ffentlichung seiner Streitschrift <\/span><a style=\"text-decoration: none; color: #444488; font-family: 'Lucida Grande', Verdana, 'Bitstream Vera Sans', Arial, Helvetica, sans-serif; line-height: normal;\" href=\"http:\/\/www.ag-friedensforschung.de\/regionen\/Frankreich\/hessel.html\"><strong>&#8222;Emp\u00f6rt Euch!&#8220;<\/strong><\/a><span style=\"color: #333333; font-family: 'Lucida Grande', Verdana, 'Bitstream Vera Sans', Arial, Helvetica, sans-serif; line-height: normal;\"> ein Millionen-Bestseller. In dem B\u00fcchlein kritisierte er den Finanzkapitalismus und die Profitgier der Herrschenden und forderte die Gesellschaft zum zivilen Protest gegen den Neoliberalismus auf. Damit inspirierte er die Protestbewegungen vieler L\u00e4nder: in den USA die Anh\u00e4nger der Bewegung &#8222;Occupy Wall Street&#8220;, in L\u00e4ndern wie Spanien oder Griechenland die Demonstrationen der &#8222;Emp\u00f6rten&#8220;.<\/span><br style=\"color: #333333; font-family: 'Lucida Grande', Verdana, 'Bitstream Vera Sans', Arial, Helvetica, sans-serif; line-height: normal;\" \/><span style=\"color: #333333; font-family: 'Lucida Grande', Verdana, 'Bitstream Vera Sans', Arial, Helvetica, sans-serif; line-height: normal;\">St\u00e9phane Hessel wurde 95 Jahre alt. Er wird uns fehlen.<\/span><br style=\"color: #333333; font-family: 'Lucida Grande', Verdana, 'Bitstream Vera Sans', Arial, Helvetica, sans-serif; line-height: normal;\" \/><em>(AG Friedensforschung und Bundesausschuss Friedensratschlag, 27. Februar 2013)<\/em><span style=\"color: #333333; font-family: 'Lucida Grande', Verdana, 'Bitstream Vera Sans', Arial, Helvetica, sans-serif; line-height: normal;\"> <\/span><\/p>\n","protected":false},"excerpt":{"rendered":"<p>Er k\u00e4mpfte in der R\u00e9sistance gegen die Nazis, fl\u00fcchtete aus dem KZ Buchenwald, war an der Ausarbeitung der Menschenrechtserkl\u00e4rung der UNO 1948 beteiligt<\/p>\n","protected":false},"author":2,"featured_media":0,"comment_status":"open","ping_status":"open","sticky":false,"template":"","format":"standard","meta":{"footnotes":""},"categories":[3],"tags":[],"class_list":["post-2925","post","type-post","status-publish","format-standard","hentry","category-antimilitarismus"],"_links":{"self":[{"href":"https:\/\/www.friedensplattform.at\/index.php?rest_route=\/wp\/v2\/posts\/2925","targetHints":{"allow":["GET"]}}],"collection":[{"href":"https:\/\/www.friedensplattform.at\/index.php?rest_route=\/wp\/v2\/posts"}],"about":[{"href":"https:\/\/www.friedensplattform.at\/index.php?rest_route=\/wp\/v2\/types\/post"}],"author":[{"embeddable":true,"href":"https:\/\/www.friedensplattform.at\/index.php?rest_route=\/wp\/v2\/users\/2"}],"replies":[{"embeddable":true,"href":"https:\/\/www.friedensplattform.at\/index.php?rest_route=%2Fwp%2Fv2%2Fcomments&post=2925"}],"version-history":[{"count":0,"href":"https:\/\/www.friedensplattform.at\/index.php?rest_route=\/wp\/v2\/posts\/2925\/revisions"}],"wp:attachment":[{"href":"https:\/\/www.friedensplattform.at\/index.php?rest_route=%2Fwp%2Fv2%2Fmedia&parent=2925"}],"wp:term":[{"taxonomy":"category","embeddable":true,"href":"https:\/\/www.friedensplattform.at\/index.php?rest_route=%2Fwp%2Fv2%2Fcategories&post=2925"},{"taxonomy":"post_tag","embeddable":true,"href":"https:\/\/www.friedensplattform.at\/index.php?rest_route=%2Fwp%2Fv2%2Ftags&post=2925"}],"curies":[{"name":"wp","href":"https:\/\/api.w.org\/{rel}","templated":true}]}}