{"id":2928,"date":"2013-03-04T07:55:50","date_gmt":"2013-03-04T05:55:50","guid":{"rendered":"http:\/\/www.luxorbis.org\/friedensplattform.at\/?p=2928"},"modified":"2013-03-04T07:55:50","modified_gmt":"2013-03-04T05:55:50","slug":"julian-assange-drohnen-ostermaersche-und-auslandseinsaetze","status":"publish","type":"post","link":"https:\/\/www.friedensplattform.at\/?p=2928","title":{"rendered":"Julian Assange, Drohnen, Osterm&#228;rsche und Auslandseins&#228;tze:"},"content":{"rendered":"<h2>Das Neueste vom Friedensratschlag f\u00fcr die Friedensbewegung<\/h2>\n<p style=\"color: #333333; font-family: 'Lucida Grande', Verdana, 'Bitstream Vera Sans', Arial, Helvetica, sans-serif; line-height: normal;\"><strong> <\/strong><\/p>\n<p><br style=\"color: #333333; font-family: 'Lucida Grande', Verdana, 'Bitstream Vera Sans', Arial, Helvetica, sans-serif; line-height: normal;\" \/><em>Liebe Friedensfreundinnen und -freunde,<br \/>\nliebe Kolleginnen und Kollegen,<\/em><span style=\"color: #333333; font-family: 'Lucida Grande', Verdana, 'Bitstream Vera Sans', Arial, Helvetica, sans-serif; line-height: normal;\"> <\/span><br style=\"color: #333333; font-family: 'Lucida Grande', Verdana, 'Bitstream Vera Sans', Arial, Helvetica, sans-serif; line-height: normal;\" \/><br style=\"color: #333333; font-family: 'Lucida Grande', Verdana, 'Bitstream Vera Sans', Arial, Helvetica, sans-serif; line-height: normal;\" \/><span style=\"color: #333333; font-family: 'Lucida Grande', Verdana, 'Bitstream Vera Sans', Arial, Helvetica, sans-serif; line-height: normal;\">zehn Jahre nach den gro\u00dfen Massendemonstrationen gegen den drohenden Irakkrieg wird es Zeit, dasss die Friedensbewegung auch hier zu Lande wieder in Schwung kommt. <!--more-->Auch um zu zeigen, dass die Frage &#8222;Wo sind sie geblieben?&#8220; konstruktiv beantwortet werden kann. Siehe dazu:<\/span><br style=\"color: #333333; font-family: 'Lucida Grande', Verdana, 'Bitstream Vera Sans', Arial, Helvetica, sans-serif; line-height: normal;\" \/><a style=\"text-decoration: none; color: #444488; font-family: 'Lucida Grande', Verdana, 'Bitstream Vera Sans', Arial, Helvetica, sans-serif; line-height: normal;\" href=\"http:\/\/www.ag-friedensforschung.de\/bewegung\/10jahre15-02.html\"><strong>&#8222;Wo sind sie geblieben?&#8220;<\/strong><\/a><span style=\"color: #333333; font-family: 'Lucida Grande', Verdana, 'Bitstream Vera Sans', Arial, Helvetica, sans-serif; line-height: normal;\"> <\/span><br style=\"color: #333333; font-family: 'Lucida Grande', Verdana, 'Bitstream Vera Sans', Arial, Helvetica, sans-serif; line-height: normal;\" \/><br style=\"color: #333333; font-family: 'Lucida Grande', Verdana, 'Bitstream Vera Sans', Arial, Helvetica, sans-serif; line-height: normal;\" \/><span style=\"color: #333333; font-family: 'Lucida Grande', Verdana, 'Bitstream Vera Sans', Arial, Helvetica, sans-serif; line-height: normal;\">Gr\u00fcnde zu verst\u00e4rkten Aktivit\u00e4ten gibt es genug: Ein Ende des Afghanistankrieges ist weiterhin nicht in Sicht (2014 wird es nur einen Teilabzug der NATO-Truppen geben), soeben ist Deutschland dabei, sich in eine neue bewaffnete Auseinandersetzung in Mali einzulassen, R\u00fcstungsexporte bescheren den beteiligten Konzernen im wahrsten Sinne des Wortes ein Bomben-Gesch\u00e4ft und f\u00fcr die k\u00fcnftigen Kriege soll die Bundeswehr mit ferngesteuerten Kampfdrohnen ausgestattet werden usw. <\/span><br style=\"color: #333333; font-family: 'Lucida Grande', Verdana, 'Bitstream Vera Sans', Arial, Helvetica, sans-serif; line-height: normal;\" \/><br style=\"color: #333333; font-family: 'Lucida Grande', Verdana, 'Bitstream Vera Sans', Arial, Helvetica, sans-serif; line-height: normal;\" \/><span style=\"color: #333333; font-family: 'Lucida Grande', Verdana, 'Bitstream Vera Sans', Arial, Helvetica, sans-serif; line-height: normal;\">Die vom Friedensratschlag f\u00fcr das Jahr 2013 ausgearbeitete Agenda mit insgesamt 15 friedenspolitischen Schwerpunkten bildet einen Orientierungsrahmen f\u00fcr die Aktivit\u00e4ten der Friedensbewegung von der Basis bis zu den bundesweiten Vernetzungen: <\/span><br style=\"color: #333333; font-family: 'Lucida Grande', Verdana, 'Bitstream Vera Sans', Arial, Helvetica, sans-serif; line-height: normal;\" \/><a style=\"text-decoration: none; color: #444488; font-family: 'Lucida Grande', Verdana, 'Bitstream Vera Sans', Arial, Helvetica, sans-serif; line-height: normal;\" href=\"http:\/\/www.ag-friedensforschung.de\/bewegung\/schwerpunkte2013.pdf\"><strong>Friedenspolitische Schwerpunkte 2013<\/strong><\/a><span style=\"color: #333333; font-family: 'Lucida Grande', Verdana, 'Bitstream Vera Sans', Arial, Helvetica, sans-serif; line-height: normal;\"> <\/span><br style=\"color: #333333; font-family: 'Lucida Grande', Verdana, 'Bitstream Vera Sans', Arial, Helvetica, sans-serif; line-height: normal;\" \/><br style=\"color: #333333; font-family: 'Lucida Grande', Verdana, 'Bitstream Vera Sans', Arial, Helvetica, sans-serif; line-height: normal;\" \/><\/p>\n<h3 style=\"font-family: Arial, 'Bitstream Vera Sans', Helvetica, 'Gill Sans', sans-serif; letter-spacing: 1px; margin-bottom: 0.6em; margin-top: 0.6em; font-size: 1.1em; color: #333333; line-height: normal;\">(1) Drohnen:<\/h3>\n<p><span style=\"color: #333333; font-family: 'Lucida Grande', Verdana, 'Bitstream Vera Sans', Arial, Helvetica, sans-serif; line-height: normal;\">M\u00f6glich, dass in den kommenden Wochen und Monaten das Thema &#8222;Kampfdrohnen&#8220; von der Friedensbewegung in ganz besonderer Weise aufgegriffen wird. Das Friedensb\u00fcro Hannover und die Friedenskoordination Berlin laden zu einem bundesweiten Vernetzungstreffen zum Thema &#8222;Drohnen&#8220; f\u00fcr Samstag, den 2. M\u00e4rz 2013, nach Hannover ein &#8211; und wir bitten euch, nach M\u00f6glichkeit daran zu beteiligen. <\/span><br style=\"color: #333333; font-family: 'Lucida Grande', Verdana, 'Bitstream Vera Sans', Arial, Helvetica, sans-serif; line-height: normal;\" \/><br style=\"color: #333333; font-family: 'Lucida Grande', Verdana, 'Bitstream Vera Sans', Arial, Helvetica, sans-serif; line-height: normal;\" \/><strong>Samstag, 2. M\u00e4rz 2013, 11 \u2013 17 Uhr<br \/>\nim B\u00fcrgerb\u00fcro f\u00fcr Stadtentwicklung<br \/>\nBraunstra\u00dfe 28, Hannover <\/strong><br style=\"color: #333333; font-family: 'Lucida Grande', Verdana, 'Bitstream Vera Sans', Arial, Helvetica, sans-serif; line-height: normal;\" \/><span style=\"color: #333333; font-family: 'Lucida Grande', Verdana, 'Bitstream Vera Sans', Arial, Helvetica, sans-serif; line-height: normal;\">[Haltestelle \u201eGlocksee\u201c der vor dem Hbf abfahrenden Stra\u00dfenbahn-Linie 10 Richtung Ahlem] <\/span><br style=\"color: #333333; font-family: 'Lucida Grande', Verdana, 'Bitstream Vera Sans', Arial, Helvetica, sans-serif; line-height: normal;\" \/><br style=\"color: #333333; font-family: 'Lucida Grande', Verdana, 'Bitstream Vera Sans', Arial, Helvetica, sans-serif; line-height: normal;\" \/><span style=\"color: #333333; font-family: 'Lucida Grande', Verdana, 'Bitstream Vera Sans', Arial, Helvetica, sans-serif; line-height: normal;\">Beachtet bitte das umfassende Dossier &#8222;Drohnen&#8220; auf der Website der AG Friedensforschung:<\/span><br style=\"color: #333333; font-family: 'Lucida Grande', Verdana, 'Bitstream Vera Sans', Arial, Helvetica, sans-serif; line-height: normal;\" \/><a style=\"text-decoration: none; color: #444488; font-family: 'Lucida Grande', Verdana, 'Bitstream Vera Sans', Arial, Helvetica, sans-serif; line-height: normal;\" href=\"http:\/\/www.ag-friedensforschung.de\/themen\/Drohnen\/Welcome.html\"><strong>Drohnen<\/strong><\/a><span style=\"color: #333333; font-family: 'Lucida Grande', Verdana, 'Bitstream Vera Sans', Arial, Helvetica, sans-serif; line-height: normal;\"> <\/span><br style=\"color: #333333; font-family: 'Lucida Grande', Verdana, 'Bitstream Vera Sans', Arial, Helvetica, sans-serif; line-height: normal;\" \/><br style=\"color: #333333; font-family: 'Lucida Grande', Verdana, 'Bitstream Vera Sans', Arial, Helvetica, sans-serif; line-height: normal;\" \/><\/p>\n<h3 style=\"font-family: Arial, 'Bitstream Vera Sans', Helvetica, 'Gill Sans', sans-serif; letter-spacing: 1px; margin-bottom: 0.6em; margin-top: 0.6em; font-size: 1.1em; color: #333333; line-height: normal;\">(2) Osterm\u00e4rsche:<\/h3>\n<p><span style=\"color: #333333; font-family: 'Lucida Grande', Verdana, 'Bitstream Vera Sans', Arial, Helvetica, sans-serif; line-height: normal;\">Es ist nicht mehr viel Zeit bis zu den Osterm\u00e4rschen 2013. \u00dcberall im Land sind die Vorbereitungen bereits fortgeschritten. Eine erste \u00dcbersicht \u00fcber die politischen Schwerpunkte und Forderungen der Friedens-Basisbewegung erh\u00e4lt unsere Ostermarsch-Dossier:<\/span><br style=\"color: #333333; font-family: 'Lucida Grande', Verdana, 'Bitstream Vera Sans', Arial, Helvetica, sans-serif; line-height: normal;\" \/><a style=\"text-decoration: none; color: #444488; font-family: 'Lucida Grande', Verdana, 'Bitstream Vera Sans', Arial, Helvetica, sans-serif; line-height: normal;\" href=\"http:\/\/www.ag-friedensforschung.de\/bewegung\/ostermarsch2013\/Welcome.html\"><strong>Ostermarsch 2013<\/strong><\/a><span style=\"color: #333333; font-family: 'Lucida Grande', Verdana, 'Bitstream Vera Sans', Arial, Helvetica, sans-serif; line-height: normal;\"> <\/span><br style=\"color: #333333; font-family: 'Lucida Grande', Verdana, 'Bitstream Vera Sans', Arial, Helvetica, sans-serif; line-height: normal;\" \/><br style=\"color: #333333; font-family: 'Lucida Grande', Verdana, 'Bitstream Vera Sans', Arial, Helvetica, sans-serif; line-height: normal;\" \/><\/p>\n<h3 style=\"font-family: Arial, 'Bitstream Vera Sans', Helvetica, 'Gill Sans', sans-serif; letter-spacing: 1px; margin-bottom: 0.6em; margin-top: 0.6em; font-size: 1.1em; color: #333333; line-height: normal;\">(3) Werbung und Angebot:<\/h3>\n<p><span style=\"color: #333333; font-family: 'Lucida Grande', Verdana, 'Bitstream Vera Sans', Arial, Helvetica, sans-serif; line-height: normal;\">Brandneu und aktuell ist das Buch, das die AG Friedensforschung vor kurzem vorlegte:<\/span><br style=\"color: #333333; font-family: 'Lucida Grande', Verdana, 'Bitstream Vera Sans', Arial, Helvetica, sans-serif; line-height: normal;\" \/><br style=\"color: #333333; font-family: 'Lucida Grande', Verdana, 'Bitstream Vera Sans', Arial, Helvetica, sans-serif; line-height: normal;\" \/><em>Maybritt Brehm \/ Christian Koch \/ Werner Ruf \/ Peter Strutynski: Armee im Einsatz. 20 Jahre Auslandseins\u00e4tze der Bundeswehr. Eine Ver\u00f6ffentlichung der Rosa-Luxemburg-Stiftung; vsa Verlag, Hamburg 2012, 256 Seiten | EUR 16.80; ISBN 978-3-89965-546-9<\/em><span style=\"color: #333333; font-family: 'Lucida Grande', Verdana, 'Bitstream Vera Sans', Arial, Helvetica, sans-serif; line-height: normal;\"> <\/span><br style=\"color: #333333; font-family: 'Lucida Grande', Verdana, 'Bitstream Vera Sans', Arial, Helvetica, sans-serif; line-height: normal;\" \/><br style=\"color: #333333; font-family: 'Lucida Grande', Verdana, 'Bitstream Vera Sans', Arial, Helvetica, sans-serif; line-height: normal;\" \/><span style=\"color: #333333; font-family: 'Lucida Grande', Verdana, 'Bitstream Vera Sans', Arial, Helvetica, sans-serif; line-height: normal;\">Eine ausf\u00fchrliche Rezension des Buches ist bei &#8222;kritisch-lesen.de&#8220; erschienen:<\/span><br style=\"color: #333333; font-family: 'Lucida Grande', Verdana, 'Bitstream Vera Sans', Arial, Helvetica, sans-serif; line-height: normal;\" \/><a style=\"text-decoration: none; color: #444488; font-family: 'Lucida Grande', Verdana, 'Bitstream Vera Sans', Arial, Helvetica, sans-serif; line-height: normal;\" href=\"http:\/\/www.ag-friedensforschung.de\/themen\/Bundeswehr\/armee-im-einsatz2.html\"><strong>20 Jahre deutsche Politik mit anderen Mitteln<\/strong><\/a><span style=\"color: #333333; font-family: 'Lucida Grande', Verdana, 'Bitstream Vera Sans', Arial, Helvetica, sans-serif; line-height: normal;\"> <\/span><br style=\"color: #333333; font-family: 'Lucida Grande', Verdana, 'Bitstream Vera Sans', Arial, Helvetica, sans-serif; line-height: normal;\" \/><br style=\"color: #333333; font-family: 'Lucida Grande', Verdana, 'Bitstream Vera Sans', Arial, Helvetica, sans-serif; line-height: normal;\" \/><span style=\"color: #333333; font-family: 'Lucida Grande', Verdana, 'Bitstream Vera Sans', Arial, Helvetica, sans-serif; line-height: normal;\">Verlag und Autoren bieten Vortragsveranstaltungen zu den Ergebnissen der Analyse an. Interessierte Friedensgruppen, Gewerkschaften, Parteiorganisationen usw. wenden sich bitte per e-mail an die AG Friedensforschung: <\/span><a style=\"text-decoration: none; color: #444488; font-family: 'Lucida Grande', Verdana, 'Bitstream Vera Sans', Arial, Helvetica, sans-serif; line-height: normal;\" href=\"mailto:peter.strutynski@gmx.de\">peter.strutynski@gmx.de<\/a><span style=\"color: #333333; font-family: 'Lucida Grande', Verdana, 'Bitstream Vera Sans', Arial, Helvetica, sans-serif; line-height: normal;\"> <\/span><br style=\"color: #333333; font-family: 'Lucida Grande', Verdana, 'Bitstream Vera Sans', Arial, Helvetica, sans-serif; line-height: normal;\" \/><br style=\"color: #333333; font-family: 'Lucida Grande', Verdana, 'Bitstream Vera Sans', Arial, Helvetica, sans-serif; line-height: normal;\" \/><\/p>\n<h3 style=\"font-family: Arial, 'Bitstream Vera Sans', Helvetica, 'Gill Sans', sans-serif; letter-spacing: 1px; margin-bottom: 0.6em; margin-top: 0.6em; font-size: 1.1em; color: #333333; line-height: normal;\">(4) Julian Assange:<\/h3>\n<p><span style=\"color: #333333; font-family: 'Lucida Grande', Verdana, 'Bitstream Vera Sans', Arial, Helvetica, sans-serif; line-height: normal;\">Seit \u00fcber einem Dreivierteljahr befindet sich Julian Assange, Gr\u00fcnder der Internet-Enth\u00fcllungsplattform WikiLeaks, in der ecuadorianischen Botschaft in London, um sich auf diese Weise dem Zugriff durch britische, schwedische und &#8211; was wohl am schlimmsten w\u00e4re &#8211; US-amerikanische Justizbeh\u00f6rden zu entziehen. Im Herbst letzten Jahres schrieben etwa 300 Friedensaktivisten aus Deutschland an die britische Regierung und forderten von ihr freies Geleit f\u00fcr Assange. Mittlerweile hat &#8222;Her Majesty&#8217;s Government&#8220; auf die Eingabe geantwortet. Der Brief ist hier im Original und in deutscher \u00dcbersetzung nachzulesen:<\/span><br style=\"color: #333333; font-family: 'Lucida Grande', Verdana, 'Bitstream Vera Sans', Arial, Helvetica, sans-serif; line-height: normal;\" \/><a style=\"text-decoration: none; color: #444488; font-family: 'Lucida Grande', Verdana, 'Bitstream Vera Sans', Arial, Helvetica, sans-serif; line-height: normal;\" href=\"http:\/\/www.ag-friedensforschung.de\/regionen\/Ecuador\/wiki10.html\"><strong>London antwortet der deutschen Friedensbewegung<\/strong><\/a><span style=\"color: #333333; font-family: 'Lucida Grande', Verdana, 'Bitstream Vera Sans', Arial, Helvetica, sans-serif; line-height: normal;\"> <\/span><br style=\"color: #333333; font-family: 'Lucida Grande', Verdana, 'Bitstream Vera Sans', Arial, Helvetica, sans-serif; line-height: normal;\" \/><br style=\"color: #333333; font-family: 'Lucida Grande', Verdana, 'Bitstream Vera Sans', Arial, Helvetica, sans-serif; line-height: normal;\" \/><\/p>\n<h3 style=\"font-family: Arial, 'Bitstream Vera Sans', Helvetica, 'Gill Sans', sans-serif; letter-spacing: 1px; margin-bottom: 0.6em; margin-top: 0.6em; font-size: 1.1em; color: #333333; line-height: normal;\">(5) Medien-Tipps:<\/h3>\n<p><span style=\"color: #333333; font-family: 'Lucida Grande', Verdana, 'Bitstream Vera Sans', Arial, Helvetica, sans-serif; line-height: normal;\">Mit der Berichterstattung der hiesigen Mainstream-Medien zu den vielen friedenspolitischen Problemen und Herausforderungen kann neiemand zufrieden sein. Dennoch gelingt es immer wieder einigen Journalist_innen, hervorragende Hintergrundberichte unterzubringen. In den Printmedien wird man gelegentlich in den Feuilletons f\u00fcndig, im Fernsehen h\u00e4ufig zu ung\u00fcnstigen Sendezeiten. Auf zwei TV-Berichte m\u00f6chte ich an dieser Stelle aufmerksam machen: Zu Syrien ein ARD-Film (44 Min.): <\/span><br style=\"color: #333333; font-family: 'Lucida Grande', Verdana, 'Bitstream Vera Sans', Arial, Helvetica, sans-serif; line-height: normal;\" \/><strong>Die Syrien-Falle<\/strong><span style=\"color: #333333; font-family: 'Lucida Grande', Verdana, 'Bitstream Vera Sans', Arial, Helvetica, sans-serif; line-height: normal;\"> &#8211; Deutschland und der Krieg gegen Assad. Von Hubert Seipel [Sendung vom 13. Februar 2013, 23.15 Uhr]: <\/span><a style=\"text-decoration: none; color: #444488; font-family: 'Lucida Grande', Verdana, 'Bitstream Vera Sans', Arial, Helvetica, sans-serif; line-height: normal;\" href=\"http:\/\/www.ardmediathek.de\/das-erste\/reportage-dokumentation\/die-syrien-falle?documentId=13402288\">www.ardmediathek.de<\/a><br style=\"color: #333333; font-family: 'Lucida Grande', Verdana, 'Bitstream Vera Sans', Arial, Helvetica, sans-serif; line-height: normal;\" \/><span style=\"color: #333333; font-family: 'Lucida Grande', Verdana, 'Bitstream Vera Sans', Arial, Helvetica, sans-serif; line-height: normal;\">Deutsche Bundeswehr-Soldaten, die mit dem Flugabwehr-System &#8222;Patriot&#8220; bestens vertraut sind, sind auf dem Weg an die t\u00fcrkisch-syrische Grenze, um einem NATO-Partner beizustehen. Doch auf welchen Konflikt lassen wir uns \u00fcberhaupt ein? <\/span><br style=\"color: #333333; font-family: 'Lucida Grande', Verdana, 'Bitstream Vera Sans', Arial, Helvetica, sans-serif; line-height: normal;\" \/><br style=\"color: #333333; font-family: 'Lucida Grande', Verdana, 'Bitstream Vera Sans', Arial, Helvetica, sans-serif; line-height: normal;\" \/><strong>Zur Uranmunition<\/strong><span style=\"color: #333333; font-family: 'Lucida Grande', Verdana, 'Bitstream Vera Sans', Arial, Helvetica, sans-serif; line-height: normal;\"> (Einsatz im Irakkrieg) gibt es ebenfalls einen sehenswerten Film bei der ARD (8 Min.). Er wurde am 12. Februar 2013 in der Sendung &#8222;Weltbilder&#8220; ausgestrahlt und kann hier abgerufen werden:<\/span><br style=\"color: #333333; font-family: 'Lucida Grande', Verdana, 'Bitstream Vera Sans', Arial, Helvetica, sans-serif; line-height: normal;\" \/><a style=\"text-decoration: none; color: #444488; font-family: 'Lucida Grande', Verdana, 'Bitstream Vera Sans', Arial, Helvetica, sans-serif; line-height: normal;\" href=\"http:\/\/www.ardmediathek.de\/ndr-fernsehen\/weltbilder\/irak-uranmunition-strahlendes-vermaechtnis?documentId=13388204\">www.ardmediathek.de<\/a><span style=\"color: #333333; font-family: 'Lucida Grande', Verdana, 'Bitstream Vera Sans', Arial, Helvetica, sans-serif; line-height: normal;\"> www.ardmediathek.de <\/span><br style=\"color: #333333; font-family: 'Lucida Grande', Verdana, 'Bitstream Vera Sans', Arial, Helvetica, sans-serif; line-height: normal;\" \/><br style=\"color: #333333; font-family: 'Lucida Grande', Verdana, 'Bitstream Vera Sans', Arial, Helvetica, sans-serif; line-height: normal;\" \/><\/p>\n<h3 style=\"font-family: Arial, 'Bitstream Vera Sans', Helvetica, 'Gill Sans', sans-serif; letter-spacing: 1px; margin-bottom: 0.6em; margin-top: 0.6em; font-size: 1.1em; color: #333333; line-height: normal;\">(6) Und schon einmal zum Vormerken:<\/h3>\n<p><span style=\"color: #333333; font-family: 'Lucida Grande', Verdana, 'Bitstream Vera Sans', Arial, Helvetica, sans-serif; line-height: normal;\">Das n\u00e4chste Treffen des Bundesausschusses findet nach den Osterm\u00e4rschen statt, und zwar am Sonntag, den<\/span><strong>7. April in Kassel<\/strong><span style=\"color: #333333; font-family: 'Lucida Grande', Verdana, 'Bitstream Vera Sans', Arial, Helvetica, sans-serif; line-height: normal;\"> statt (11:45 bis 16:45 Uhr im Caf\u00e9 Buch-Oase, Germaniastr. 14)<\/span><br style=\"color: #333333; font-family: 'Lucida Grande', Verdana, 'Bitstream Vera Sans', Arial, Helvetica, sans-serif; line-height: normal;\" \/><span style=\"color: #333333; font-family: 'Lucida Grande', Verdana, 'Bitstream Vera Sans', Arial, Helvetica, sans-serif; line-height: normal;\">Eine Tagesordnung wird rechtzeitig bekannt gemacht. <\/span><br style=\"color: #333333; font-family: 'Lucida Grande', Verdana, 'Bitstream Vera Sans', Arial, Helvetica, sans-serif; line-height: normal;\" \/><br style=\"color: #333333; font-family: 'Lucida Grande', Verdana, 'Bitstream Vera Sans', Arial, Helvetica, sans-serif; line-height: normal;\" \/><span style=\"color: #333333; font-family: 'Lucida Grande', Verdana, 'Bitstream Vera Sans', Arial, Helvetica, sans-serif; line-height: normal;\">Falls dies das letzte Rundmail des Friedensratschlags vor den Osterm\u00e4rschen sein sollte, w\u00fcnsche ich allen lokalen\/regionalen Friedensinitiativen und -b\u00fcndnissen viel Erfolg bei Vorbereitung und Durchf\u00fchrung. Nicht vergessen: Das zentrale Ostermarschb\u00fcro in Frankfurt w\u00fcnscht R\u00fcckmeldungen \u00fcber die Osterm\u00e4rsche. W\u00e4hrend der Ostertage unter der st\u00e4ndig besetzten Telefon-Nr.: 069 24249950 <\/span><br style=\"color: #333333; font-family: 'Lucida Grande', Verdana, 'Bitstream Vera Sans', Arial, Helvetica, sans-serif; line-height: normal;\" \/><br style=\"color: #333333; font-family: 'Lucida Grande', Verdana, 'Bitstream Vera Sans', Arial, Helvetica, sans-serif; line-height: normal;\" \/><em>Mit besten Gr\u00fc\u00dfen<br \/>\nPeter Strutynski<\/em><span style=\"color: #333333; font-family: 'Lucida Grande', Verdana, 'Bitstream Vera Sans', Arial, Helvetica, sans-serif; line-height: normal;\"> <\/span><br style=\"color: #333333; font-family: 'Lucida Grande', Verdana, 'Bitstream Vera Sans', Arial, Helvetica, sans-serif; line-height: normal;\" \/><br style=\"color: #333333; font-family: 'Lucida Grande', Verdana, 'Bitstream Vera Sans', Arial, Helvetica, sans-serif; line-height: normal;\" \/><br style=\"color: #333333; font-family: 'Lucida Grande', Verdana, 'Bitstream Vera Sans', Arial, Helvetica, sans-serif; line-height: normal;\" \/><a style=\"text-decoration: none; color: #444488; font-family: 'Lucida Grande', Verdana, 'Bitstream Vera Sans', Arial, Helvetica, sans-serif; line-height: normal;\" href=\"http:\/\/www.ag-friedensforschung.de\/bewegung\/baf\/Welcome.html\"><strong>Zur\u00fcck zur Seite des Bundesausschusses Friedensratschlag<\/strong><\/a><br style=\"color: #333333; font-family: 'Lucida Grande', Verdana, 'Bitstream Vera Sans', Arial, Helvetica, sans-serif; line-height: normal;\" \/><br style=\"color: #333333; font-family: 'Lucida Grande', Verdana, 'Bitstream Vera Sans', Arial, Helvetica, sans-serif; line-height: normal;\" \/><a style=\"text-decoration: none; color: #444488; font-family: 'Lucida Grande', Verdana, 'Bitstream Vera Sans', Arial, Helvetica, sans-serif; line-height: normal;\" href=\"http:\/\/www.ag-friedensforschung.de\/bewegung\/Welcome.html\"><strong>Zur Friedensbewegungs-Seite<\/strong><\/a><br style=\"color: #333333; font-family: 'Lucida Grande', Verdana, 'Bitstream Vera Sans', Arial, Helvetica, sans-serif; line-height: normal;\" \/><br style=\"color: #333333; font-family: 'Lucida Grande', Verdana, 'Bitstream Vera Sans', Arial, Helvetica, sans-serif; line-height: normal;\" \/><a style=\"text-decoration: none; color: #444488; font-family: 'Lucida Grande', Verdana, 'Bitstream Vera Sans', Arial, Helvetica, sans-serif; line-height: normal;\" href=\"http:\/\/www.ag-friedensforschung.de\/Welcome.html\"><strong>Zur\u00fcck zur Homepage<\/strong><\/a><\/p>\n","protected":false},"excerpt":{"rendered":"<p>Das Neueste vom Friedensratschlag f\u00fcr die Friedensbewegung Liebe Friedensfreundinnen und -freunde, liebe Kolleginnen und Kollegen, zehn Jahre nach den gro\u00dfen Massendemonstrationen gegen den drohenden Irakkrieg wird es Zeit, dasss die Friedensbewegung auch hier zu Lande wieder in Schwung kommt.<\/p>\n","protected":false},"author":2,"featured_media":0,"comment_status":"open","ping_status":"open","sticky":false,"template":"","format":"standard","meta":{"footnotes":""},"categories":[3],"tags":[],"class_list":["post-2928","post","type-post","status-publish","format-standard","hentry","category-antimilitarismus"],"_links":{"self":[{"href":"https:\/\/www.friedensplattform.at\/index.php?rest_route=\/wp\/v2\/posts\/2928","targetHints":{"allow":["GET"]}}],"collection":[{"href":"https:\/\/www.friedensplattform.at\/index.php?rest_route=\/wp\/v2\/posts"}],"about":[{"href":"https:\/\/www.friedensplattform.at\/index.php?rest_route=\/wp\/v2\/types\/post"}],"author":[{"embeddable":true,"href":"https:\/\/www.friedensplattform.at\/index.php?rest_route=\/wp\/v2\/users\/2"}],"replies":[{"embeddable":true,"href":"https:\/\/www.friedensplattform.at\/index.php?rest_route=%2Fwp%2Fv2%2Fcomments&post=2928"}],"version-history":[{"count":0,"href":"https:\/\/www.friedensplattform.at\/index.php?rest_route=\/wp\/v2\/posts\/2928\/revisions"}],"wp:attachment":[{"href":"https:\/\/www.friedensplattform.at\/index.php?rest_route=%2Fwp%2Fv2%2Fmedia&parent=2928"}],"wp:term":[{"taxonomy":"category","embeddable":true,"href":"https:\/\/www.friedensplattform.at\/index.php?rest_route=%2Fwp%2Fv2%2Fcategories&post=2928"},{"taxonomy":"post_tag","embeddable":true,"href":"https:\/\/www.friedensplattform.at\/index.php?rest_route=%2Fwp%2Fv2%2Ftags&post=2928"}],"curies":[{"name":"wp","href":"https:\/\/api.w.org\/{rel}","templated":true}]}}