{"id":2939,"date":"2013-03-16T09:54:59","date_gmt":"2013-03-16T07:54:59","guid":{"rendered":"http:\/\/www.luxorbis.org\/friedensplattform.at\/?p=2939"},"modified":"2013-03-16T09:54:59","modified_gmt":"2013-03-16T07:54:59","slug":"zurueck-zum-faustrecht","status":"publish","type":"post","link":"https:\/\/www.friedensplattform.at\/?p=2939","title":{"rendered":"Zur&#252;ck zum Faustrecht"},"content":{"rendered":"<h1 style=\"font-family: Arial, 'Bitstream Vera Sans', Helvetica, 'Gill Sans', sans-serif; letter-spacing: 1px; font-size: large; margin-top: 0.1em; color: #333333; line-height: normal;\"><span style=\"font-size: 1.2em;\">Gezieltes Morden mit Kampfdrohnen als westliche Kriegsstrategie<\/span><\/h1>\n<p style=\"color: #333333; font-family: 'Lucida Grande', Verdana, 'Bitstream Vera Sans', Arial, Helvetica, sans-serif; line-height: normal;\"><strong> <\/strong><\/p>\n<p><strong style=\"color: #333333; font-family: 'Lucida Grande', Verdana, 'Bitstream Vera Sans', Arial, Helvetica, sans-serif; line-height: normal;\">Von Klaus Eichner *<\/strong><span style=\"color: #333333; font-family: 'Lucida Grande', Verdana, 'Bitstream Vera Sans', Arial, Helvetica, sans-serif; line-height: normal;\"> <\/span><br style=\"color: #333333; font-family: 'Lucida Grande', Verdana, 'Bitstream Vera Sans', Arial, Helvetica, sans-serif; line-height: normal;\" \/><br style=\"color: #333333; font-family: 'Lucida Grande', Verdana, 'Bitstream Vera Sans', Arial, Helvetica, sans-serif; line-height: normal;\" \/><span style=\"color: #333333; font-family: 'Lucida Grande', Verdana, 'Bitstream Vera Sans', Arial, Helvetica, sans-serif; line-height: normal;\">Bereits unter US-Pr\u00e4sident \u00adGeorge Bush jr. hatten die USA begonnen, eine neue Doktrin der \u00bbmodernen Kriegf\u00fchrung\u00ab auszuarbeiten und aktiv anzuwenden. <!--more-->Darin sollten zwei geheime Programme vereinigt werden \u2013 der Einsatz von unbemannten Waffensystemen und der Krieg der Informationssysteme (Cyber War). <\/span><br style=\"color: #333333; font-family: 'Lucida Grande', Verdana, 'Bitstream Vera Sans', Arial, Helvetica, sans-serif; line-height: normal;\" \/><br style=\"color: #333333; font-family: 'Lucida Grande', Verdana, 'Bitstream Vera Sans', Arial, Helvetica, sans-serif; line-height: normal;\" \/><span style=\"color: #333333; font-family: 'Lucida Grande', Verdana, 'Bitstream Vera Sans', Arial, Helvetica, sans-serif; line-height: normal;\">Diese Doktrin wurde zum grundlegenden Operationsprinzip des nach dem 11. September 2001 verk\u00fcndeten \u00bbKriegs gegen den Terror\u00ab. Damit erkl\u00e4rten sich die Vereinigten Staaten als im permanenten Kriegszustand befindlich. Washington suchte sich aus dem Kriegsv\u00f6lkerrecht alle jene Regelungen heraus, die seiner Aggressionspolitik eine Scheinlegalit\u00e4t verleihen k\u00f6nnten. Die alte Kanonenbootdiplomatie zur Durchsetzung der Interessen der amerikanischen Monopole sollte abgel\u00f6st werden durch unbemannte Killermaschinen. <\/span><br style=\"color: #333333; font-family: 'Lucida Grande', Verdana, 'Bitstream Vera Sans', Arial, Helvetica, sans-serif; line-height: normal;\" \/><br style=\"color: #333333; font-family: 'Lucida Grande', Verdana, 'Bitstream Vera Sans', Arial, Helvetica, sans-serif; line-height: normal;\" \/><span style=\"color: #333333; font-family: 'Lucida Grande', Verdana, 'Bitstream Vera Sans', Arial, Helvetica, sans-serif; line-height: normal;\">Pr\u00e4sident Barack Obama erweiterte und effektivierte die Kriegf\u00fchrungsdoktrin seines Vorg\u00e4ngers. Sein Ziel besteht darin, Eins\u00e4tze mit Zehntausenden Soldaten, Panzern etc. zu beenden. Anfang 2012 erkl\u00e4rte er in einer Rede im Pentagon, er werde die \u00fcberholten Systeme aus der Zeit des Kalten Krieges abschaffen. <\/span><br style=\"color: #333333; font-family: 'Lucida Grande', Verdana, 'Bitstream Vera Sans', Arial, Helvetica, sans-serif; line-height: normal;\" \/><br style=\"color: #333333; font-family: 'Lucida Grande', Verdana, 'Bitstream Vera Sans', Arial, Helvetica, sans-serif; line-height: normal;\" \/><strong style=\"color: #333333; font-family: 'Lucida Grande', Verdana, 'Bitstream Vera Sans', Arial, Helvetica, sans-serif; line-height: normal;\">Blo\u00dfer Verdacht reicht <\/strong><br style=\"color: #333333; font-family: 'Lucida Grande', Verdana, 'Bitstream Vera Sans', Arial, Helvetica, sans-serif; line-height: normal;\" \/><br style=\"color: #333333; font-family: 'Lucida Grande', Verdana, 'Bitstream Vera Sans', Arial, Helvetica, sans-serif; line-height: normal;\" \/><span style=\"color: #333333; font-family: 'Lucida Grande', Verdana, 'Bitstream Vera Sans', Arial, Helvetica, sans-serif; line-height: normal;\">Kriege der Zukunft sollen im verborgenen, mit einem Joystick oder per Mausklick aus der Ferne ohne eigene Verluste realisiert werden. Ab und zu werden sie erg\u00e4nzt durch Kommando\u00adunternehmen von Spezialeinsatzkr\u00e4ften. Gezielte T\u00f6tungen mit unbemannten Killermaschinen werden damit zu einem Merkmal der Politik von Friedensnobelpreistr\u00e4ger Obama. Er ist stolz darauf, da\u00df die Todeslisten \u2013 meist auf der Grundlage von Informationen der US-Geheimdienste \u2013 in regelm\u00e4\u00dfigen Abst\u00e4nden von ihm pers\u00f6nlich best\u00e4tigt werden. Obamas aktuelle Kriegf\u00fchrung ist die Verh\u00e4ngung der Todesstrafe auf blo\u00dfen Verdacht hin \u2013 ob es Unschuldige trifft, ist den daf\u00fcr Verantwortlichen gleichg\u00fcltig. So wird aus dem V\u00f6lkerrecht wieder einmal das angema\u00dfte Recht des St\u00e4rkeren, ein Faustrecht gemacht. <\/span><br style=\"color: #333333; font-family: 'Lucida Grande', Verdana, 'Bitstream Vera Sans', Arial, Helvetica, sans-serif; line-height: normal;\" \/><br style=\"color: #333333; font-family: 'Lucida Grande', Verdana, 'Bitstream Vera Sans', Arial, Helvetica, sans-serif; line-height: normal;\" \/><span style=\"color: #333333; font-family: 'Lucida Grande', Verdana, 'Bitstream Vera Sans', Arial, Helvetica, sans-serif; line-height: normal;\">Die fliegenden T\u00f6tungsmaschinen sind also nicht nur ein neues, h\u00f6chst effektives Waffensystem, sie sind vor allem Instrumente zur massenhaften T\u00f6tung von Menschen au\u00dferhalb jeder Rechtsprechung. Wenn z.B. ein angeblicher Al-Qaida-F\u00fchrer von einer \u00bbHellfire\u00ab-Rakete in seinem Auto oder seinem Haus get\u00f6tet wird, dann nehmen die verantwortlichen Einsatzleiter billigend in Kauf, da\u00df seine dort befindlichen Angeh\u00f6rigen oder auch zuf\u00e4llige Besucher mit ermordet werden. Noch perfider wird es durch die Einsatzgrunds\u00e4tze der \u00bbDouble-tap\u00ab-Angriffe, bei denen nach zirka 30 Minuten ein erneuter Raketenangriff auf dasselbe Ziel erfolgt, um Helfer aus der Nachbarschaft, die \u00dcberlebende suchten oder Leichen bergen wollten, ebenfalls zu vernichten. <\/span><br style=\"color: #333333; font-family: 'Lucida Grande', Verdana, 'Bitstream Vera Sans', Arial, Helvetica, sans-serif; line-height: normal;\" \/><br style=\"color: #333333; font-family: 'Lucida Grande', Verdana, 'Bitstream Vera Sans', Arial, Helvetica, sans-serif; line-height: normal;\" \/><span style=\"color: #333333; font-family: 'Lucida Grande', Verdana, 'Bitstream Vera Sans', Arial, Helvetica, sans-serif; line-height: normal;\">In keinem der F\u00e4lle liegen jedoch der Angriffsentscheidung der Operatoren, die einen Joystick in ihren vollklimatisierten Einsatzr\u00e4umen bedienen, rechtlich gesicherte Informationen \u00fcber die Angriffsziele zugrunde. Oft darf der Operationsoffizier den Abschu\u00df einer todbringenden Rakete auch schon veranlassen, wenn er \u00bbder Meinung\u00ab ist, bei dem Zielobjekt k\u00f6nnte es sich um einen Terroristen handeln. Obama konnte in seinen Wahlk\u00e4mpfen jedoch mit den Argumenten punkten, durch den Einsatz von Drohnen brauche kein US-Soldat sein Leben aufs Spiel setzen, mit anderen Worten: Die Zahl der in der Heimat eintreffenden Zinks\u00e4rge k\u00f6nne damit drastisch reduziert werden. <\/span><br style=\"color: #333333; font-family: 'Lucida Grande', Verdana, 'Bitstream Vera Sans', Arial, Helvetica, sans-serif; line-height: normal;\" \/><br style=\"color: #333333; font-family: 'Lucida Grande', Verdana, 'Bitstream Vera Sans', Arial, Helvetica, sans-serif; line-height: normal;\" \/><span style=\"color: #333333; font-family: 'Lucida Grande', Verdana, 'Bitstream Vera Sans', Arial, Helvetica, sans-serif; line-height: normal;\">Die Operationsgebiete f\u00fcr die Drohneneins\u00e4tze werden immer mehr ausgeweitet. Neben Pakistan, Afghanistan und dem Jemen ist Somalia zunehmend Ziel. Das United \u00adStates Southern Command forderte die Stationierung von Drohnen f\u00fcr den Bereich Lateinamerika. Als offizielle Begr\u00fcndung dient die Aufkl\u00e4rung \u2013 aber ganz verschleiert erscheint auch die Unterst\u00fctzung der \u00bbAufstandsbek\u00e4mpfung\u00ab. Dazu erw\u00e4hnen Insider die logistische Hilfe f\u00fcr die kolumbianische Armee in ihrem Kampf gegen die Revolution\u00e4ren Streitkr\u00e4fte Kolumbiens (FARC). <\/span><br style=\"color: #333333; font-family: 'Lucida Grande', Verdana, 'Bitstream Vera Sans', Arial, Helvetica, sans-serif; line-height: normal;\" \/><br style=\"color: #333333; font-family: 'Lucida Grande', Verdana, 'Bitstream Vera Sans', Arial, Helvetica, sans-serif; line-height: normal;\" \/><strong style=\"color: #333333; font-family: 'Lucida Grande', Verdana, 'Bitstream Vera Sans', Arial, Helvetica, sans-serif; line-h\neight: normal;\">Doppelter Nutzen <\/strong><br style=\"color: #333333; font-family: 'Lucida Grande', Verdana, 'Bitstream Vera Sans', Arial, Helvetica, sans-serif; line-height: normal;\" \/><br style=\"color: #333333; font-family: 'Lucida Grande', Verdana, 'Bitstream Vera Sans', Arial, Helvetica, sans-serif; line-height: normal;\" \/><span style=\"color: #333333; font-family: 'Lucida Grande', Verdana, 'Bitstream Vera Sans', Arial, Helvetica, sans-serif; line-height: normal;\">Der Ersteinsatz der neuen Waffensysteme erfolgte am 4. Februar 2002 in Afghanistan, seitdem sind allein in Pakistan mehr als 400 Drohneneins\u00e4tze bekannt geworden, davon mehr als 350 (90 Prozent) in der Amtszeit Obamas. Die vorsichtigen Sch\u00e4tzungen der Opferzahlen reichen von 2500 bis zu mehr als 3300 get\u00f6teten und etwa 1300 verletzten Personen. Unter den Toten sollen zwischen 474 und 884 \u00bbZivilisten\u00ab, darunter 176 Kinder, gewesen sein. Aber auch die offiziell als \u00bbKombattanten\u00ab ausgewiesenen Opfer waren in der Mehrzahl \u00f6rtliche Stammeskrieger, von denen keinerlei terroristische Bedrohung gegen die Vereinigten Staaten ausging. <\/span><br style=\"color: #333333; font-family: 'Lucida Grande', Verdana, 'Bitstream Vera Sans', Arial, Helvetica, sans-serif; line-height: normal;\" \/><br style=\"color: #333333; font-family: 'Lucida Grande', Verdana, 'Bitstream Vera Sans', Arial, Helvetica, sans-serif; line-height: normal;\" \/><span style=\"color: #333333; font-family: 'Lucida Grande', Verdana, 'Bitstream Vera Sans', Arial, Helvetica, sans-serif; line-height: normal;\">Die milit\u00e4rische F\u00fchrung liegt in den USA in den H\u00e4nden des Kommandos f\u00fcr Sonderoperationen (Joint Special Operations Command), die milit\u00e4rische Leitzentrale ist auf dem Luftwaffenst\u00fctzpunkt Creech in Nevada stationiert. Bis 2020 sollen allein 28 Milliarden Dollar f\u00fcr die Ausr\u00fcstung der Streitkr\u00e4fte (Geheimdienste nicht mitgerechnet!) mit Kampfdrohnen ausgegeben werden. <\/span><br style=\"color: #333333; font-family: 'Lucida Grande', Verdana, 'Bitstream Vera Sans', Arial, Helvetica, sans-serif; line-height: normal;\" \/><br style=\"color: #333333; font-family: 'Lucida Grande', Verdana, 'Bitstream Vera Sans', Arial, Helvetica, sans-serif; line-height: normal;\" \/><span style=\"color: #333333; font-family: 'Lucida Grande', Verdana, 'Bitstream Vera Sans', Arial, Helvetica, sans-serif; line-height: normal;\">Nat\u00fcrlich nutzt die Obama-Administration ihren Einflu\u00df, damit diese Kriegf\u00fchrung auch in der Operationsplanung der NATO ihren entsprechenden Platz findet (abgesehen davon, da\u00df sich die US-R\u00fcstungskonzerne damit neue riesige Absatzm\u00e4rkte erschlie\u00dfen). Die NATO hat auf ihrem Gipfel im Mai 2012 in Chicago das Programm einer allianzeigenen Boden\u00fcberwachung mit Gro\u00dfdrohnen (\u00bbAlliance Ground Surveillance \u2013 AGS\u00ab) und daf\u00fcr die Beschaffung von dieser Maschinen vom Typ \u00bbGlobal Hawk\u00ab beschlossen. Die Bundesregierung tr\u00e4gt daf\u00fcr ein Drittel der Gesamtkosten von 1,5 Milliarden Euro \u2013 aufgestockt von urspr\u00fcnglich \u00bbnur\u00ab 400 Millionen Euro auf vorl\u00e4ufig 483 Millionen Euro. Die strategischen Zielstellungen sind aus folgendem Beispiel erkennbar: In Vorbereitung der Aggression gegen Libyen 2011 hatten die USA Planungen in Auftrag gegeben, wie in die F\u00fchrungssysteme der libyischen Streitkr\u00e4fte eingedrungen und die Luftverteidigung Libyens elektronisch lahmgelegt werden kann. <\/span><br style=\"color: #333333; font-family: 'Lucida Grande', Verdana, 'Bitstream Vera Sans', Arial, Helvetica, sans-serif; line-height: normal;\" \/><br style=\"color: #333333; font-family: 'Lucida Grande', Verdana, 'Bitstream Vera Sans', Arial, Helvetica, sans-serif; line-height: normal;\" \/><em style=\"color: #333333; font-family: 'Lucida Grande', Verdana, 'Bitstream Vera Sans', Arial, Helvetica, sans-serif; line-height: normal;\">* Aus: junge Welt, Dienstag, 12. Februar 2013 <\/em><br style=\"color: #333333; font-family: 'Lucida Grande', Verdana, 'Bitstream Vera Sans', Arial, Helvetica, sans-serif; line-height: normal;\" \/><br style=\"color: #333333; font-family: 'Lucida Grande', Verdana, 'Bitstream Vera Sans', Arial, Helvetica, sans-serif; line-height: normal;\" \/><br style=\"color: #333333; font-family: 'Lucida Grande', Verdana, 'Bitstream Vera Sans', Arial, Helvetica, sans-serif; line-height: normal;\" \/><\/p>\n<h3 style=\"font-family: Arial, 'Bitstream Vera Sans', Helvetica, 'Gill Sans', sans-serif; letter-spacing: 1px; margin-bottom: 0.6em; margin-top: 0.6em; font-size: 1.1em; color: #333333; line-height: normal;\">Fliegende T\u00f6tungsmaschinen in der Bundeswehr<\/h3>\n<p><strong style=\"color: #333333; font-family: 'Lucida Grande', Verdana, 'Bitstream Vera Sans', Arial, Helvetica, sans-serif; line-height: normal;\">Auch die BRD wappnet sich f\u00fcr neue Kriege. Verteidigungsminister bagatellisiert Drohneneins\u00e4tze<\/p>\n<p>Von Klaus Eichner **<\/strong><span style=\"color: #333333; font-family: 'Lucida Grande', Verdana, 'Bitstream Vera Sans', Arial, Helvetica, sans-serif; line-height: normal;\"> <\/span><br style=\"color: #333333; font-family: 'Lucida Grande', Verdana, 'Bitstream Vera Sans', Arial, Helvetica, sans-serif; line-height: normal;\" \/><br style=\"color: #333333; font-family: 'Lucida Grande', Verdana, 'Bitstream Vera Sans', Arial, Helvetica, sans-serif; line-height: normal;\" \/><span style=\"color: #333333; font-family: 'Lucida Grande', Verdana, 'Bitstream Vera Sans', Arial, Helvetica, sans-serif; line-height: normal;\">Die Bundesregierung legte am 21. Februar 2008 ein Dokument unter dem Titel: \u00bbKonzeptionelle Grundvorstellungen (KGv) zum Einsatz unbemannter Luftfahrzeuge in der Bundeswehr\u00ab vor. Darin wurde erstmals \u00f6ffentlich als Option auch die Bewaffnung derartiger unbemannter Flugzeuge aufgef\u00fchrt. In vorhergehenden Dokumenten wurde seit Anfang der 90er Jahre lediglich die Funktion als Mittel der Aufkl\u00e4rung \u2013 insbesondere bei Auslandseins\u00e4tzen der Bundeswehr \u2013 formuliert. Immer noch verschl\u00fcsselt charakterisierten Bundeswehrautoren vor gut zwei Jahren die Bedeutung von Kampfdrohnen im Rahmen der Bundeswehrreform z.B. mit folgenden Worten: \u00bbDie Nutzung von unbemannten Luftfahrzeugsystemen oder Unmanned Aicraft Systems (UAS) gewinnt vor dem Hintergrund aktueller und zuk\u00fcnftiger Eins\u00e4tze der Bundeswehr erheblich an Bedeutung.\u00ab (Europ\u00e4ische Sicherheit, 8\/2010, S. 20) <\/span><br style=\"color: #333333; font-family: 'Lucida Grande', Verdana, 'Bitstream Vera Sans', Arial, Helvetica, sans-serif; line-height: normal;\" \/><br style=\"color: #333333; font-family: 'Lucida Grande', Verdana, 'Bitstream Vera Sans', Arial, Helvetica, sans-serif; line-height: normal;\" \/><span style=\"color: #333333; font-family: 'Lucida Grande', Verdana, 'Bitstream Vera Sans', Arial, Helvetica, sans-serif; line-height: normal;\">In den Grundprinzipien der Bundeswehrreform wird der \u00bbvernetzten Operationsf\u00fchrung\u00ab die Rolle eines \u00bbzentralen Weiterentwicklungsschrittes f\u00fcr die Streitkr\u00e4fte der Zukunft\u00ab zugewiesen. <\/span><br style=\"color: #333333; font-family: 'Lucida Grande', Verdana, 'Bitstream Vera Sans', Arial, Helvetica, sans-serif; line-height: normal;\" \/><br style=\"color: #333333; font-family: 'Lucida Grande', Verdana, 'Bitstream Vera Sans', Arial, Helvetica, sans-serif; line-height: normal;\" \/><\/p>\n<div style=\"padding: 0.2em; border: 1px solid #bbbbbb; color: #333333; font-family: 'Lucida Grande', Verdana, 'Bitstream Vera Sans', Arial, Helvetica, sans-serif; line-height: normal;\">\n<h3 style=\"font-family: Arial, 'Bitstream Vera Sans', Helvetica, 'Gill Sans', sans-serif; letter-spacing: 1px; margin-bottom: 0.6em; margin-top: 0.6em; font-size: 1.1em;\">Lesen Sie hierzu Bundestagsdrucksache 16\/12481:<\/h3>\n<p><a style=\"text-decoration: none; color: #444488;\" href=\"http:\/\/dip21.bundestag.de\/dip21\/btd\/16\/124\/1612481.pdf\"><strong>Antwort der Bundesregierung auf die Kleine Anfrage der Fraktion B\u00dcNDNIS 90\/DIEGR\u00dcNEN<\/strong><\/a><br \/>\nzum Thema: &#8222;Einf\u00fchrung und Bedeutung unbemannter milit\u00e4rischer Fahrzeuge und Luftfahrzeuge&#8220; vom 26.03.2009 [pdf, externer Link]<\/p>\n<p><em>Darin befinden sich zahlreiche Angaben und Tabellen zur Vergabe von Forschungs- und Entwicklungsauftr\u00e4gen an Firmen und Institute.<\/em><\/div>\n<p><br style=\"color: #333333; font-family: 'Lucida Grande', Verdana, 'Bitstream Vera Sans', Arial, Helvetica, sans-serif; line-height: normal;\" \/><br style=\"color: #333333; font-family: 'Lucida Grande', Verdana, 'Bitstream Vera Sans', Arial, Helvetica, sans-serif; line-height: normal;\" \/><span style=\"color: #333333; font-family: 'Lucida Grande', Verdana, 'Bitstream Vera Sans', Arial, Helvetica, sans-serif; line-height: normal;\">In der Zeitschrift Wehrtechnik (V\/2010, S. 108) hie\u00df es zu den universellen Grundfunktionen der T\u00f6tungsmaschinen: \u00bbDie klassischen Aufgabenfelder f\u00fcr UAV (unbemannte Luftfahrzeuge, d. Red.) werden in der Zukunft in den Bereichen Aufkl\u00e4rung (zivil und milit\u00e4risch), Waffeneinsatz und als Mikro\/Mini-Sensorentr\u00e4ger bei verdeckten Operationen liegen. (\u2026) UAV eignen sich grunds\u00e4tzlich als Waffenplattform zur Bek\u00e4mpfung von Zielen an Land, in der Luft und im Wasser sowie zum Wirken im Informationsraum.\u00ab Seit einiger Zeit testet die Bundeswehr eine eigene Version des US-amerikanischen Modells \u00bbGlobal Hawk\u00ab \u2013 den \u00bbEuro Hawk\u00ab, der von 2016 an zum Einsatz kommen soll. Sie hat in Afghanistan drei Drohnen vom Typ \u00bbHeron\u00ab (\u00bbReiher\u00ab) im Einsatz; diese wurden von Israel geleast (Kosten unbekannt). <\/span><br style=\"color: #333333; font-family: 'Lucida Grande', Verdana, 'Bitstream Vera Sans', Arial, Helvetica, sans-serif; line-height: normal;\" \/><br style=\"color: #333333; font-family: 'Lucida Grande', Verdana, 'Bitstream Vera Sans', Arial, Helvetica, sans-serif; line-height: normal;\" \/><span style=\"color: #333333; font-family: 'Lucida Grande', Verdana, 'Bitstream Vera Sans', Arial, Helvetica, sans-serif; line-height: normal;\">Bundesverteidigungsminister Thomas de Maizi\u00e8re lobt die angebliche pr\u00e4zise Kampftechnik der Drohnen und wehrt sich gegen Kritik an den T\u00f6tungsmaschinen: \u00bbWir k\u00f6nnen nicht sagen: \u203aWir bleiben bei der Postkutsche\u2039, w\u00e4hrend alle anderen die Eisenbahn entwickeln\u00ab, erkl\u00e4rte der Minister am 31. Januar im Bundestag. \u00bbMilit\u00e4risch gesehen ist eine bewaffnete Drohne nichts anderes als ein Flugzeug, das Raketen abschie\u00dft.\u00ab (Tagesspiegel vom 10.2.2013) <\/span><br style=\"color: #333333; font-family: 'Lucida Grande', Verdana, 'Bitstream Vera Sans', Arial, Helvetica, sans-serif; line-height: normal;\" \/><br style=\"color: #333333; font-family: 'Lucida Grande', Verdana, 'Bitstream Vera Sans', Arial, Helvetica, sans-serif; line-height: normal;\" \/><em style=\"color: #333333; font-family: 'Lucida Grande', Verdana, 'Bitstream Vera Sans', Arial, Helvetica, sans-serif; line-height: normal;\">** Aus: junge Welt, Dienstag, 12. Februar 2013 <\/em><\/p>\n","protected":false},"excerpt":{"rendered":"<p>Gezieltes Morden mit Kampfdrohnen als westliche Kriegsstrategie Von Klaus Eichner * Bereits unter US-Pr\u00e4sident \u00adGeorge Bush jr. hatten die USA begonnen, eine neue Doktrin der \u00bbmodernen Kriegf\u00fchrung\u00ab auszuarbeiten und aktiv anzuwenden.<\/p>\n","protected":false},"author":2,"featured_media":0,"comment_status":"open","ping_status":"open","sticky":false,"template":"","format":"standard","meta":{"footnotes":""},"categories":[3,20],"tags":[],"class_list":["post-2939","post","type-post","status-publish","format-standard","hentry","category-antimilitarismus","category-usa"],"_links":{"self":[{"href":"https:\/\/www.friedensplattform.at\/index.php?rest_route=\/wp\/v2\/posts\/2939","targetHints":{"allow":["GET"]}}],"collection":[{"href":"https:\/\/www.friedensplattform.at\/index.php?rest_route=\/wp\/v2\/posts"}],"about":[{"href":"https:\/\/www.friedensplattform.at\/index.php?rest_route=\/wp\/v2\/types\/post"}],"author":[{"embeddable":true,"href":"https:\/\/www.friedensplattform.at\/index.php?rest_route=\/wp\/v2\/users\/2"}],"replies":[{"embeddable":true,"href":"https:\/\/www.friedensplattform.at\/index.php?rest_route=%2Fwp%2Fv2%2Fcomments&post=2939"}],"version-history":[{"count":0,"href":"https:\/\/www.friedensplattform.at\/index.php?rest_route=\/wp\/v2\/posts\/2939\/revisions"}],"wp:attachment":[{"href":"https:\/\/www.friedensplattform.at\/index.php?rest_route=%2Fwp%2Fv2%2Fmedia&parent=2939"}],"wp:term":[{"taxonomy":"category","embeddable":true,"href":"https:\/\/www.friedensplattform.at\/index.php?rest_route=%2Fwp%2Fv2%2Fcategories&post=2939"},{"taxonomy":"post_tag","embeddable":true,"href":"https:\/\/www.friedensplattform.at\/index.php?rest_route=%2Fwp%2Fv2%2Ftags&post=2939"}],"curies":[{"name":"wp","href":"https:\/\/api.w.org\/{rel}","templated":true}]}}