{"id":295,"date":"2008-04-02T18:54:02","date_gmt":"2008-04-02T16:54:02","guid":{"rendered":"http:\/\/www.luxorbis.org\/friedensplattform.at\/?p=295"},"modified":"2008-04-02T18:54:02","modified_gmt":"2008-04-02T16:54:02","slug":"menschenkette-um-das-parlament","status":"publish","type":"post","link":"https:\/\/www.friedensplattform.at\/?p=295","title":{"rendered":"Menschenkette um das Parlament"},"content":{"rendered":"<p>Aufruf zur Menschenkette ums ParlamentEU-&#8222;Reform&#8220;-Vertrag ohne Volksabstimmung in \u00d6sterreich:<br \/>\nNicht in unserem Namen!<\/p>\n<p><strong>Menschenkette um das Parlament<br \/>\nSamstag, 5. April 2008 um 15:00<\/strong><\/p>\n<p><strong>Auftaktkundgebung Wien Westbahnhof um 13:00<\/strong><br \/>\ngemeinsamer Zug \u00fcber die Mariahilferstra\u00dfe zum Parlament<\/p>\n<p><strong>Von Graz gibt es einen Bus nach Wien zur Demonstration:<br \/>\nAnmeldungen werden unter 0316 \/ 712479 angenommen!<\/strong><\/p>\n<p><strong>Abfahrt von Graz um 10.00 Uhr, Volkshaus, Lagergasse 98a, Graz<br \/>\nZwischenstopp in Bruck an der Mur, ca. 11.00 Uhr, Bahnhof<br \/>\nR\u00fcckfahrt ca. 17.00 Uhr vom Parlament, Ankunft in Graz ca. 19.30 Uhr.<br \/>\nKosten: 10 Euro pro Person \u00a0<\/strong><\/p>\n<p><!--more--><\/p>\n<p>Noch vor dem Sommer ist der Beschluss des so genannten EU-\u201eReform&#8220;-Vertrages durch den Nationalrat geplant, wenige Zeit danach durch den Bundesrat. Eine Volksabstimmung soll, geht es nach dem Willen des EU-Establishments, unter allen Umst\u00e4nden verhindert werden, so auch in \u00d6sterreich. Gem\u00e4\u00df Art. 44 Abs. 3 B-VG kann jedoch ein Drittel der Mitglieder des National- oder des Bundesrats die Durchf\u00fchrung einer Volksabstimmung mit ihrem Stimmverhalten erzwingen. Wir erinnern alle Abgeordneten an ihre pers\u00f6nliche Verantwortung und fordern sie auf, eine Volksabstimmung zu erm\u00f6glichen. Wir rufen zur Organisierung von \u201eVolksabstimmungen von unten&#8220; auf: in Gemeinden, in Betrieben, Schulen, Stadtteilen usw.<\/p>\n<p>Die Plattform Volxabstimmung, der bereits mehr als 50 Organisationen angeh\u00f6ren, konzentriert sich auf die Durchsetzung einer Volksabstimmung, nicht auf einzelne Argumente f\u00fcr oder wider den EU-\u201eReform&#8220;-Vertrag. Sie ist \u00fcberparteilich und fordert alle Parteien auf, ihren demokratischen Verpflichtungen nachzukommen. Gleichzeitig grenzt sie sich gegen\u00fcber Parteien und Organisationen ab, welche die Forderung nach Volksabstimmung mit ausl\u00e4nderfeindlichen und nationalistischen Motiven vermengen. Es geht nicht um \u201euns&#8220; \u00d6sterreicherInnen gegen \u201edie EU&#8220;, sondern um eine demokratische Grundlage f\u00fcr ein solidarisches und friedliches Zusammenleben aller Menschen in Europa.<\/p>\n<p>Der EU-Verfassungsvertrag ist aufgrund ablehnender Volksabstimmungen in Frankreich und in den Niederlanden gescheitert. Stattdessen wurden nun dieselben Inhalte &#8211; mit wenigen kosmetischen Retuschen, die vor allem der Verhinderung von Volksabstimmungen dienen &#8211; in die bestehenden Unionsvertr\u00e4ge eingearbeitet und sollen als EU-&#8222;Reform&#8220;-Vertrag (Vertrag von Lissabon) Rechtskraft erlangen. Es gibt umfassende Kritik am vorliegenden Vertrag:<\/p>\n<p>1. an der Verpflichtung zur permanenten Aufr\u00fcstung, an der Selbsterm\u00e4chtigung zu globalen Milit\u00e4rinterventionen und der damit verbundenen Beugung der Neutralit\u00e4t<br \/>\n2. an der Verankerung einer offenen Marktwirtschaft mit freiem Wettbewerb<br \/>\n3. am nicht vorhandenen Schutz der \u00f6ffentlichen Dienste vor Liberalisierung und Privatisierung<br \/>\n4. an der Verpflichtung zur finanziellen F\u00f6rderung der Atomenergie<br \/>\n5. an der F\u00f6rderung des Steuer- und Sozialdumpings<br \/>\n6. an der \u00dcbertragung gro\u00dfer Entscheidungsmacht an demokratisch nicht mehr kontrollierbare Instanzen (Kommission, Rat, EZB, R\u00fcstungsagentur, Ratspr\u00e4sident, Hoher Beauftragter f\u00fcr Au\u00dfenpolitik).<\/p>\n<p>Ein System, das nicht auf Kooperation und Solidarit\u00e4t, sondern auf Wettbewerb und Egoismus aufgebaut ist, tr\u00e4gt den Keim von R\u00fccksichtslosigkeit und Gewalt in sich.<\/p>\n<p>Trotz unterschiedlicher Positionen in der Bewertung des \u201eReform&#8220;-Vertrages eint uns die \u00dcberzeugung, dass eine Volksabstimmung durchgef\u00fchrt werden muss und es keinen triftigen Grund dagegen gibt. Wir f\u00fchlen uns als Teil der europaweiten Bewegung f\u00fcr Volksabstimmungen \u00fcber den EU-\u201eReform&#8220;-Vertrag. Nur \u00fcber die Einbeziehung aller Menschen in die Entscheidungsfindung kann ein anderes \u00d6sterreich, ein anderes Europa entstehen. Kein Argument wird dadurch richtig, indem es verheimlicht und die \u00f6ffentlichen Debatte verweigert wird und indem die Regierungen den Vertrag mit T\u00e4uschung anstatt mit \u00dcberzeugung durchzusetzen versuchen. Die Menschen werden nicht vergessen, dass ihnen ihr Recht, \u00fcber ihre eigene Zukunft mitzubestimmen, vorenthalten wird, wenn jetzt dieser Vertrag im Parlament einfach durchgewunken wird. Sie werden sich dabei auch auf profunde Stimmen berufen k\u00f6nnen, welche die Durchf\u00fchrung einer Volksabstimmung als rechtlich zwingend erachten.<\/p>\n<p>Die Beschlussfassung des EU-\u201eReform&#8220;-Vertrages im Parlament ohne Durchf\u00fchrung einer Volksabstimmung in \u00d6sterreich erfolgt nicht in unserem Namen.<\/p>\n<p><a href=\"http:\/\/www.luxorbis.org\/friedensplattform.at\/wp-content\/uploads\/2008\/03\/menschenkette1.jpg\" title=\"Menschenkette\"><img decoding=\"async\" src=\"http:\/\/www.luxorbis.org\/friedensplattform.at\/wp-content\/uploads\/2008\/03\/menschenkette1.jpg\" alt=\"Menschenkette\" \/><\/a><\/p>\n","protected":false},"excerpt":{"rendered":"<p>Aufruf zur Menschenkette ums ParlamentEU-&#8222;Reform&#8220;-Vertrag ohne Volksabstimmung in \u00d6sterreich: Nicht in unserem Namen! Menschenkette um das Parlament Samstag, 5. April 2008 um 15:00 Auftaktkundgebung Wien Westbahnhof um 13:00 gemeinsamer Zug \u00fcber die Mariahilferstra\u00dfe zum Parlament Von Graz gibt es einen Bus nach Wien zur Demonstration: Anmeldungen werden unter 0316 \/ 712479 angenommen! Abfahrt von Graz &hellip; <a href=\"https:\/\/www.friedensplattform.at\/?p=295\" class=\"more-link\"><span class=\"screen-reader-text\">Menschenkette um das Parlament<\/span> weiterlesen <span class=\"meta-nav\">&rarr;<\/span><\/a><\/p>\n","protected":false},"author":1,"featured_media":0,"comment_status":"open","ping_status":"open","sticky":false,"template":"","format":"standard","meta":{"footnotes":""},"categories":[11,19],"tags":[],"class_list":["post-295","post","type-post","status-publish","format-standard","hentry","category-eu-reformvertrag","category-termine"],"_links":{"self":[{"href":"https:\/\/www.friedensplattform.at\/index.php?rest_route=\/wp\/v2\/posts\/295","targetHints":{"allow":["GET"]}}],"collection":[{"href":"https:\/\/www.friedensplattform.at\/index.php?rest_route=\/wp\/v2\/posts"}],"about":[{"href":"https:\/\/www.friedensplattform.at\/index.php?rest_route=\/wp\/v2\/types\/post"}],"author":[{"embeddable":true,"href":"https:\/\/www.friedensplattform.at\/index.php?rest_route=\/wp\/v2\/users\/1"}],"replies":[{"embeddable":true,"href":"https:\/\/www.friedensplattform.at\/index.php?rest_route=%2Fwp%2Fv2%2Fcomments&post=295"}],"version-history":[{"count":0,"href":"https:\/\/www.friedensplattform.at\/index.php?rest_route=\/wp\/v2\/posts\/295\/revisions"}],"wp:attachment":[{"href":"https:\/\/www.friedensplattform.at\/index.php?rest_route=%2Fwp%2Fv2%2Fmedia&parent=295"}],"wp:term":[{"taxonomy":"category","embeddable":true,"href":"https:\/\/www.friedensplattform.at\/index.php?rest_route=%2Fwp%2Fv2%2Fcategories&post=295"},{"taxonomy":"post_tag","embeddable":true,"href":"https:\/\/www.friedensplattform.at\/index.php?rest_route=%2Fwp%2Fv2%2Ftags&post=295"}],"curies":[{"name":"wp","href":"https:\/\/api.w.org\/{rel}","templated":true}]}}