{"id":2957,"date":"2013-03-25T08:23:34","date_gmt":"2013-03-25T06:23:34","guid":{"rendered":"http:\/\/www.luxorbis.org\/friedensplattform.at\/?p=2957"},"modified":"2013-03-25T08:23:34","modified_gmt":"2013-03-25T06:23:34","slug":"tunis-weltsozialforum-thema-wuerde","status":"publish","type":"post","link":"https:\/\/www.friedensplattform.at\/?p=2957","title":{"rendered":"TUNIS: Weltsozialforum Thema &quot;W&#252;rde&quot;"},"content":{"rendered":"<p>Das Motto des Weltsozialforum 2013 lautet &#8222;W\u00fcrde&#8220;.\u00a0Am  Programm\u00a0sind mehr als 4000 Organisationen beteiligt. Es umfasst  rund\u00a0650 Einzelveranstaltungen und gliedert sich in die folgenden elf  Themenbereiche:<\/p>\n<p><!--more--><\/p>\n<ol>\n<li>F\u00fcr eine radikale Vertiefung der revolution\u00e4ren und  entkolonialisierenden Prozesse im Norden als auch im S\u00fcden, durch die  Entwicklung von neuen sozialen Protestformen gegen die politischen und  marktwirtschaftlichen Diktaturen, und f\u00fcr die Wiederherstellung der  Rechte der Menschen auf Selbstbestimmung und auf die volle Souver\u00e4nit\u00e4t  \u00fcber ihre Ressourcen und ihr Schicksal.<\/li>\n<li>F\u00fcr eine Welt frei von jedweder Hegemonie oder  imperialistischen Herrschaft durch Schulden und den freien Handel als  Werkzeuge der Verarmung, Reichtums-Enteignung und Unterwerfung von  Menschen seitens transnationaler Konzerne und Finanzkapitalismus, frei  von patriarchaler\u00a0 Unterdr\u00fcckung und systemischen Ungleichheiten, frei  von neoliberaler Sozialpolitik als Kampfmaschine gegen Menschen.<\/li>\n<li>F\u00fcr den Bau neuer Universalismen &#8211; als Reaktion auf die  zivilisatorische Krise und der \u00d6konomisierung des Lebens -, basierend  auf Umweltgerechtigkeit und universellen und nachhaltigen Zugang der  Menschheit auf die Gemeing\u00fcter, die Erhaltung des Planeten als Quelle  des Lebens, insbesondere Land, Wasser, W\u00e4lder, nachhaltige Energien und  Artenvielfalt, die Achtung der indigenen, einheimischen, urspr\u00fcnglichen,  autonomen Rechte der Menschen und die Respektierung der Minderheiten,  ihrer Kulturen, Identit\u00e4ten, Territorien, Sprachen und ihres Wissen.<\/li>\n<li>F\u00fcr eine menschliche Gesellschaft, die auf den Grunds\u00e4tzen und  Werten der W\u00fcrde, Vielfalt, Gerechtigkeit, Gleichheit zwischen allen  Menschen beruht, unabh\u00e4ngig von Geschlechtern, Kulturen, Alter,  Behinderung, Religion, sowie auf der Grundlage der Achtung von  individuellen und kollektiven, b\u00fcrgerlichen und politischen,  wirtschaftlichen, sozialen, \u00f6kologischen und kulturellen Rechten  basiert, und f\u00fcr die Beseitigung aller Formen von Unterdr\u00fcckung und  Diskriminierung durch Rassismus, Fremdenfeindlichkeit, Kasten-Systemen,  sexueller Orientierung und anderem.<\/li>\n<li>F\u00fcr die Freiheit des Reisens und der Niederlassung f\u00fcr alle  Frauen und M\u00e4nner, insbesondere f\u00fcr Migranten und Asylbewerber, Opfer  von Menschenhandel, Fl\u00fcchtlinge, einheimische, urspr\u00fcngliche, autonome,  traditionelle und einheimische Bev\u00f6lkerungsgruppen, f\u00fcr Minderheiten,  fremdbestimmte V\u00f6lker und Bev\u00f6lkerungen, die Krieg und Konflikte  erleben, und f\u00fcr die Achtung der b\u00fcrgerlichen und politischen,  wirtschaftlichen, sozialen, \u00f6kologischen und kulturellen Rechte.<\/li>\n<li>F\u00fcr eine kognitive Gerechtigkeit: f\u00fcr das unver\u00e4u\u00dferliche Recht  der Menschen auf das kulturelle Erbe der Menschheit, f\u00fcr die  Entkolonialisierung des Denkens und die\u00a0 Demokratisierung von Wissen,  Kulturen, Kommunikation und Technologien; f\u00fcr die Beendigung\u00a0 des  hegemonialen Wissen sowie die Privatisierung von Wissen und  Technologien, f\u00fcr eine grundlegende \u00c4nderung des Systems der Rechte an  geistigem Eigentum und der wissenschaftlichen Forschung.<\/li>\n<li>F\u00fcr den Aufbau demokratischer Prozesse f\u00fcr die Integration von  Menschen und Vereinigungen, die Erf\u00fcllung ihrer W\u00fcnsche auf W\u00fcrde und  besseres Leben, die auf die\u00a0 Strategien der Spaltung und Hegemonie  reagieren, und f\u00fcr die Verbreitung von Praktiken der Solidarit\u00e4t sowie  von Formen, die die Zusammenarbeit zwischen Menschen st\u00e4rken.<\/li>\n<li>F\u00fcr eine Welt in Frieden, frei von Krieg als Instrument der  wirtschaftlichen, politischen und kulturellen Dominanz, frei von  milit\u00e4rischen Basen und Atomwaffen, das Recht der V\u00f6lker auf  Selbstbestimmung f\u00fcr sich und ihre Ressourcen respektierend, besch\u00fctzend  staatenlose Menschen und solche in Konflikten oder besetzten Gebieten.<\/li>\n<li>F\u00fcr eine demokratische Welt, die ohne jede Art von  Diskriminierung die Beteiligung aller am Leben gew\u00e4hrleistet sowie an  den politischen und wirtschaftlichen Entscheidungsprozessen auf allen  Ebenen, lokal, national und international, im Rahmen ordnungsgem\u00e4\u00dfer  demokratischer\u00a0 Institutionen und Regierungsmodelle, einschlie\u00dflich des  Systems der Vereinten Nationen und der internationalen  Finanzinstitutionen.<\/li>\n<li>F\u00fcr den Aufbau von Alternativen zum Kapitalismus und der  neoliberalen Globalisierung, basierend auf den Prinzipien der  Zusammenarbeit, steuerlichen Gerechtigkeit und der internationalen  Umverteilung des Reichtums, konzentriert auf die fundamentalen  Bed\u00fcrfnisse der Menschen, neue Wege der Produktion, des Konsums und des  Austausch in Gang setzend, nicht-nukleare erneuerbare Energien nutzend,  Steuernoasen verbietend.<\/li>\n<li>Die Zukunft der Sozialforen: F\u00fcr eine kollektive Reflexion \u00fcber  soziale Bewegungen, \u00fcber die Bedeutung von neuen K\u00e4mpfen und des  Weltsozialforumsprozesses, die Perspektiven und Strategien f\u00fcr die  Zukunft, um so die effektive Erreichung einer anderen m\u00f6glichen und  dringend notwendigen Welt f\u00fcr alle zu garantieren.<\/li>\n<\/ol>\n<p><strong>Zeitplan<\/strong><\/p>\n<ul>\n<li>26. M\u00e4rz \u2013 Er\u00f6ffnungs-Demonstration: Opening March<\/li>\n<li>27. M\u00e4rz \u2013 Revolutionen und K\u00e4mpfe f\u00fcr W\u00fcrde, Freiheit,  Demokratie und soziale Gerechtigkeit in Maghreb, Mashreq und \u00fcberall in  der Welt (selbstorganisierte Aktivit\u00e4ten)<\/li>\n<li>28. M\u00e4rz \u2013 selbstorganisierte Aktivit\u00e4ten<\/li>\n<li>29. M\u00e4rz \u2013 Versammlungen mit dem Ziel, Gemeinsamkeiten herauszuarbeiten<\/li>\n<li>30. M\u00e4rz \u2013 Morgens: Vollversammlung, die \u00fcber Aktionen beraten soll.<br \/>\nNachmittag: Abschlussmarsch im Rahmen des\u00a0 internationalen Tags zur Solidarit\u00e4t mit Pal\u00e4stina<\/li>\n<\/ul>\n<p><a href=\"http:\/\/\">http:\/\/www.weltsozialforum.org\/2013\/2013.wsf.2\/index.html<\/a><\/p>\n<ul><\/ul>\n","protected":false},"excerpt":{"rendered":"<p>Das Motto des Weltsozialforum 2013 lautet &#8222;W\u00fcrde&#8220;.\u00a0Am Programm\u00a0sind mehr als 4000 Organisationen beteiligt. Es umfasst rund\u00a0650 Einzelveranstaltungen und gliedert sich in die folgenden elf Themenbereiche:<\/p>\n","protected":false},"author":3,"featured_media":0,"comment_status":"open","ping_status":"open","sticky":false,"template":"","format":"standard","meta":{"footnotes":""},"categories":[1],"tags":[],"class_list":["post-2957","post","type-post","status-publish","format-standard","hentry","category-allgemein"],"_links":{"self":[{"href":"https:\/\/www.friedensplattform.at\/index.php?rest_route=\/wp\/v2\/posts\/2957","targetHints":{"allow":["GET"]}}],"collection":[{"href":"https:\/\/www.friedensplattform.at\/index.php?rest_route=\/wp\/v2\/posts"}],"about":[{"href":"https:\/\/www.friedensplattform.at\/index.php?rest_route=\/wp\/v2\/types\/post"}],"author":[{"embeddable":true,"href":"https:\/\/www.friedensplattform.at\/index.php?rest_route=\/wp\/v2\/users\/3"}],"replies":[{"embeddable":true,"href":"https:\/\/www.friedensplattform.at\/index.php?rest_route=%2Fwp%2Fv2%2Fcomments&post=2957"}],"version-history":[{"count":0,"href":"https:\/\/www.friedensplattform.at\/index.php?rest_route=\/wp\/v2\/posts\/2957\/revisions"}],"wp:attachment":[{"href":"https:\/\/www.friedensplattform.at\/index.php?rest_route=%2Fwp%2Fv2%2Fmedia&parent=2957"}],"wp:term":[{"taxonomy":"category","embeddable":true,"href":"https:\/\/www.friedensplattform.at\/index.php?rest_route=%2Fwp%2Fv2%2Fcategories&post=2957"},{"taxonomy":"post_tag","embeddable":true,"href":"https:\/\/www.friedensplattform.at\/index.php?rest_route=%2Fwp%2Fv2%2Ftags&post=2957"}],"curies":[{"name":"wp","href":"https:\/\/api.w.org\/{rel}","templated":true}]}}