{"id":2974,"date":"2013-03-30T14:41:25","date_gmt":"2013-03-30T12:41:25","guid":{"rendered":"http:\/\/www.luxorbis.org\/friedensplattform.at\/?p=2974"},"modified":"2013-03-30T14:41:25","modified_gmt":"2013-03-30T12:41:25","slug":"30-maerz-2013-tag-des-bodens-in-palaestina-feiert-den-widerstand-und-intensiviert-bds","status":"publish","type":"post","link":"https:\/\/www.friedensplattform.at\/?p=2974","title":{"rendered":"30. M&#228;rz 2013: Tag des Bodens in Pal&#228;stina &#8211; Feiert den Widerstand und intensiviert BDS"},"content":{"rendered":"<p><a href=\"http:\/\/www.bdsmovement.net\/2013\/land-day-celebrate-resistance-and-intensify-bds-10745\" target=\"_blank\"><img loading=\"lazy\" decoding=\"async\" src=\"http:\/\/www.bdsmovement.net\/wp-content\/themes\/BDSV2\/images\/header4.gif\" alt=\"\" hspace=\"10\" vspace=\"10\" width=\"150\" height=\"100\" align=\"left\" \/><\/a><\/p>\n<p>Am  30. M\u00e4rz werden Pal\u00e4stinenser_innen an den Tag des Bodens  erinnern, einen Tag, an dem im Jahr 1976 sechs junge Pal\u00e4stinenser, die  B\u00fcrger Israels waren, von der israelischen Armee erschossen wurden.<\/p>\n<p><!--more--><\/p>\n<p>Diese tapferen jungen Leute  waren unter Tausenden, die dagegen  protestierten, dass die israelische Regierung  pal\u00e4stinensisches Land  enteignete. Heute feiern wir den pal\u00e4stinensischen Widerstand, der sich  gegen Israels andauernden Enteignung, Kolonisierung, Besatzung und  Apartheid richtet.<\/p>\n<div id=\"extended\">\n<p>Siebenunddrei\u00dfig Jahre nach den ersten Demonstrationen  am Tag des Bodens, setzt Israel seine Enteignung und Kolonisierung von  pal\u00e4stinensischem Land fort. Israel dehnt seine illegalen Siedlungen im  besetzten pal\u00e4stinensischen Gebiet aus, und vertreibt so   Pal\u00e4stinenser_innen von ihrem Grund und Boden. Auch Pal\u00e4stinenser_innen  in Israel sind Enteignung und Vertreibung ausgesetzt.<\/p>\n<p>F\u00fcr internationale Unterst\u00fctzer_innen des pal\u00e4stinensischen Kampf f\u00fcr  Freiheit, Gerechtigkeit und Gleichheit ist der Tag des Bodens  eine   M\u00f6glichkeit, Kampagnen f\u00fcr Boykott, Desinvestition und Sanktionen (<span>BDS<\/span>)  gegen Israel zu entwickeln, insbesondere Kampagnen gegen den J\u00fcdischen  Nationalfonds , israelische Agrarunternehmen und Unternehmen, die in  illegalen israelischen Siedlungen operieren, die  alle eine wesentliche   Rolle beim fortgesetzten Raub von pal\u00e4stinensischem Land spielen.<\/p>\n<p>Das pal\u00e4stinensische <em>Boykott, Desinvestition und Sanktionen National Committee<\/em> (<span>BNC<\/span>)  l\u00e4dt Menschen mit Gewissen in der ganzen Welt dazu ein, sich ihm  anzuschlie\u00dfen und den Tag des Bodens  als einen Tag zu begehen, an dem <span>BDS<\/span> als eine wirksame Form der Solidarit\u00e4t mit dem pal\u00e4stinensischen Kampf hervorgehoben wird.<\/p>\n<p>La\u00dft uns  in einer Zeit, in der sich  Israel beispiellosem Druck  wegen seiner anhaltenden  Kolonisierung pal\u00e4stinensischen Landes  ausgesetzt sieht  und rasant die internationale Unterst\u00fctzung verliert,  auf die es angewiesen ist,  zusammenarbeiten, um unsere gemeinsamen  Bem\u00fchungen zu intensivieren um Israel und seine Unterst\u00fctzer_innen zur  Rechenschaft zu ziehen .<\/p>\n<p><span>BDS<\/span> National Committee<\/p>\n<p>Wenn Ihr <span>BDS<\/span> Aktivit\u00e4ten zum Tag des Bodens plant, sendet bitte Details an <strong>info@BDSmovement.net<\/strong><\/p>\n<p>Quelle deutsche \u00dcbersetzung: <a href=\"http:\/\/www.bds-kampagne.de\/articles\/2013\/03\/24\/30-mrz-2013-tag-des-bodens---feiert-den-widerstand-und-intensiviert-bds\/www.bds-kampagne.de\">www.bds-kampagne.de<\/a><\/p>\n<p>Original: <a href=\"http:\/\/www.bdsmovement.net\/2013\/land-day-celebrate-resistance-and-intensify-bds-10745\">http:\/\/www.bdsmovement.net\/2013\/land-day-celebrate-resistance-and-intensify-bds-10745<\/a><\/div>\n","protected":false},"excerpt":{"rendered":"<p>Am 30. M\u00e4rz werden Pal\u00e4stinenser_innen an den Tag des Bodens erinnern, einen Tag, an dem im Jahr 1976 sechs junge Pal\u00e4stinenser, die B\u00fcrger Israels waren, von der israelischen Armee erschossen wurden.<\/p>\n","protected":false},"author":3,"featured_media":0,"comment_status":"open","ping_status":"open","sticky":false,"template":"","format":"standard","meta":{"footnotes":""},"categories":[18],"tags":[],"class_list":["post-2974","post","type-post","status-publish","format-standard","hentry","category-palaestina-solidaritaet"],"_links":{"self":[{"href":"https:\/\/www.friedensplattform.at\/index.php?rest_route=\/wp\/v2\/posts\/2974","targetHints":{"allow":["GET"]}}],"collection":[{"href":"https:\/\/www.friedensplattform.at\/index.php?rest_route=\/wp\/v2\/posts"}],"about":[{"href":"https:\/\/www.friedensplattform.at\/index.php?rest_route=\/wp\/v2\/types\/post"}],"author":[{"embeddable":true,"href":"https:\/\/www.friedensplattform.at\/index.php?rest_route=\/wp\/v2\/users\/3"}],"replies":[{"embeddable":true,"href":"https:\/\/www.friedensplattform.at\/index.php?rest_route=%2Fwp%2Fv2%2Fcomments&post=2974"}],"version-history":[{"count":0,"href":"https:\/\/www.friedensplattform.at\/index.php?rest_route=\/wp\/v2\/posts\/2974\/revisions"}],"wp:attachment":[{"href":"https:\/\/www.friedensplattform.at\/index.php?rest_route=%2Fwp%2Fv2%2Fmedia&parent=2974"}],"wp:term":[{"taxonomy":"category","embeddable":true,"href":"https:\/\/www.friedensplattform.at\/index.php?rest_route=%2Fwp%2Fv2%2Fcategories&post=2974"},{"taxonomy":"post_tag","embeddable":true,"href":"https:\/\/www.friedensplattform.at\/index.php?rest_route=%2Fwp%2Fv2%2Ftags&post=2974"}],"curies":[{"name":"wp","href":"https:\/\/api.w.org\/{rel}","templated":true}]}}