{"id":298,"date":"2008-03-17T21:42:14","date_gmt":"2008-03-17T19:42:14","guid":{"rendered":"http:\/\/www.luxorbis.org\/friedensplattform.at\/?p=298"},"modified":"2008-03-17T21:42:14","modified_gmt":"2008-03-17T19:42:14","slug":"es-bleiben-zorn-und-hoffnung","status":"publish","type":"post","link":"https:\/\/www.friedensplattform.at\/?p=298","title":{"rendered":"&quot;Es bleiben Zorn und Hoffnung&quot;"},"content":{"rendered":"<p>Interview zum Welthunger<\/p>\n<p>UN-Sonderberichterstatter Jean Ziegler \u00fcber seinen Kampf gegen den Hunger.<\/p>\n<p><!--more--><\/p>\n<p><em>Herr Ziegler, trotz des Millenniumszieles, die Zahl der Unterern\u00e4hrten bis 2015 zu halbieren, steigt die Zahl der Hungertoten weiter. Scheiden Sie frustriert aus dem Amt des UN-Sonderberichterstatters f\u00fcr das Recht auf Nahrung?<\/em><\/p>\n<p>Erstens h\u00f6re ich nicht auf zu k\u00e4mpfen, sondern kandidiere f\u00fcr die Expertengruppe, die k\u00fcnftig den UN-Menschenrechtsrat ber\u00e4t. Zweitens geht es nicht um mich, den Kleinb\u00fcrger in Genf, sondern um die Opfer. Es ist ein Skandal, dass alle f\u00fcnf Sekunden ein Kind unter zehn Jahren verhungert.<\/p>\n<p><a href=\"http:\/\/www.fr-online.de\/in_und_ausland\/wirtschaft\/aktuell\/?em_cnt=1302125\" title=\"Frankfurter Rundschau\" target=\"_blank\">Weiterlesen in der Frankfurter Rundschau online<\/a><\/p>\n","protected":false},"excerpt":{"rendered":"<p>Interview zum Welthunger UN-Sonderberichterstatter Jean Ziegler \u00fcber seinen Kampf gegen den Hunger.<\/p>\n","protected":false},"author":1,"featured_media":0,"comment_status":"open","ping_status":"open","sticky":false,"template":"","format":"standard","meta":{"footnotes":""},"categories":[1],"tags":[],"class_list":["post-298","post","type-post","status-publish","format-standard","hentry","category-allgemein"],"_links":{"self":[{"href":"https:\/\/www.friedensplattform.at\/index.php?rest_route=\/wp\/v2\/posts\/298","targetHints":{"allow":["GET"]}}],"collection":[{"href":"https:\/\/www.friedensplattform.at\/index.php?rest_route=\/wp\/v2\/posts"}],"about":[{"href":"https:\/\/www.friedensplattform.at\/index.php?rest_route=\/wp\/v2\/types\/post"}],"author":[{"embeddable":true,"href":"https:\/\/www.friedensplattform.at\/index.php?rest_route=\/wp\/v2\/users\/1"}],"replies":[{"embeddable":true,"href":"https:\/\/www.friedensplattform.at\/index.php?rest_route=%2Fwp%2Fv2%2Fcomments&post=298"}],"version-history":[{"count":0,"href":"https:\/\/www.friedensplattform.at\/index.php?rest_route=\/wp\/v2\/posts\/298\/revisions"}],"wp:attachment":[{"href":"https:\/\/www.friedensplattform.at\/index.php?rest_route=%2Fwp%2Fv2%2Fmedia&parent=298"}],"wp:term":[{"taxonomy":"category","embeddable":true,"href":"https:\/\/www.friedensplattform.at\/index.php?rest_route=%2Fwp%2Fv2%2Fcategories&post=298"},{"taxonomy":"post_tag","embeddable":true,"href":"https:\/\/www.friedensplattform.at\/index.php?rest_route=%2Fwp%2Fv2%2Ftags&post=298"}],"curies":[{"name":"wp","href":"https:\/\/api.w.org\/{rel}","templated":true}]}}