{"id":2985,"date":"2013-04-04T19:11:24","date_gmt":"2013-04-04T17:11:24","guid":{"rendered":"http:\/\/www.luxorbis.org\/friedensplattform.at\/?p=2985"},"modified":"2013-04-04T19:11:24","modified_gmt":"2013-04-04T17:11:24","slug":"apartheid-und-ethnische-saeuberung-in-palaestina","status":"publish","type":"post","link":"https:\/\/www.friedensplattform.at\/?p=2985","title":{"rendered":"APARTHEID UND ETHNISCHE S&#196;UBERUNG IN PAL&#196;STINA"},"content":{"rendered":"<div style=\"font-family: Verdana; font-size: 12.0px;\">\n<div>\n<h2><strong>Buchpr\u00e4sentation mit der Autorin Petra Wild (Berlin) <\/strong><\/h2>\n<div><span style=\"font-family: verdana , geneva , sans-serif;\"><span style=\"font-size: 14.0px;\"><strong>am Donnerstag, 18. April 2013<\/strong><\/span><\/span><\/div>\n<div><span style=\"font-family: verdana , geneva , sans-serif;\"><span style=\"font-size: 14.0px;\"><strong>um 19:00 Uhr<\/strong><\/span><\/span><\/div>\n<div><span style=\"font-family: verdana , geneva , sans-serif;\"><span style=\"font-size: 14.0px;\"><strong>im Bildungsverein der KP\u00d6 Steiermark<\/strong><\/span><\/span><\/div>\n<div><span style=\"font-family: verdana , geneva , sans-serif;\"><span style=\"font-size: 14.0px;\"><strong>Lagergasse 98a<\/strong><\/span><\/span><\/div>\n<div><span style=\"font-family: verdana , geneva , sans-serif;\"><span style=\"font-size: 14.0px;\"><strong>8020 Graz<\/strong><\/span><\/span><\/div>\n<div><span style=\"font-family: verdana , geneva , sans-serif;\"><span style=\"font-size: 14.0px;\"><strong><!--more--><br \/>\n<\/strong><\/span><\/span><\/div>\n<div class=\"ce_text\">\n<div class=\"image_container\" style=\"padding-bottom: 5.0px; padding-left: 5.0px; float: right;\"><img decoding=\"async\" src=\"http:\/\/www.mediashop.at\/typolight\/system\/html\/wild_palaestina_web_355-9b90c3e0.jpg\" alt=\"Petra Wild Zionismus Pal\u00e4stina Israel Kolonialismus\" \/><\/div>\n<p>\u00dcber die Pal\u00e4stina-Frage scheint schon alles gesagt. Das Buch von Petra  Wild beweist das Gegenteil. Es orientiert sich an den neuesten  Erkenntnissen der Kolonialismus- und Genozidforschung, die den Zionismus  als eine Form des europ\u00e4ischen Siedlerkolonialismus ausweisen.<\/p>\n<p>Nach einer Einf\u00fchrung in den Ursprung des pal\u00e4stinensisch-israelischen  Konflikts und den exklusiv ethno-relig\u00f6sen Charakter des Staates Israel  wird in diesem Werk detailliert auf die israelische Politik gegen\u00fcber  den Pal\u00e4stinensern innerhalb der Grenzen Israels und in den 1967  besetzten Gebieten eingegangen. Diese wird von israelischen,  pal\u00e4stinensischen und internationalen Menschenrechtsorganisationen wie  auch von UN-Organisationen immer wieder als Apartheid angeprangert.<\/p>\n<p>Da der zionistische Siedlerkolonialismus anders als der s\u00fcdafrikanische  nicht auf die Ausbeutung der einheimischen Bev\u00f6lkerung als billige  Arbeitskr\u00e4fte, sondern auf deren m\u00f6glichst vollst\u00e4ndige Ersetzung durch  die Siedlerbev\u00f6lkerung zielt, ist die schleichende ethnische S\u00e4uberung  neben der Apartheid das Hauptmerkmal der zionistischen Kolonialpolitik.  Wie diese Politik in der Praxis aussieht, wird in einzelnen Kapiteln  \u00fcber die Ghettoisierungspolitik in der Westbank, die ethnische S\u00e4uberung  des Jordantals, die Gewalt der kolonialen Siedler sowie die Vertreibung  der einheimischen Bev\u00f6lkerung und die Zerst\u00f6rung der historischen Stadt  Jerusalem dargelegt.<\/p>\n<p>Dass es dennoch einen Silberstreif am Horizont gibt, zeigt das  Abschlusskapitel zur Debatte \u00fcber die Ein-Staat-L\u00f6sung, wie sie unter  Pal\u00e4stinensern, antizionistischen Israelis und Aktivisten der  internationalen Solidarit\u00e4tsbewegung gef\u00fchrt wird. Angestrebt wird die  Errichtung eines demokratischen s\u00e4kularen Staates auf dem Boden des  historischen Pal\u00e4stinas, in dem muslimische, christliche und drusische  Pal\u00e4stinenser sowie j\u00fcdische Israelis auf der Basis von gleichen Rechten  zusammenleben. Der seinem Anspruch nach exklusiv j\u00fcdische Staat Israel  soll durch einen multiethnischen, multireligi\u00f6sen und multikulturellen  ersetzt werden. Die Ein-Staat-L\u00f6sung w\u00fcrde nicht nur den Pal\u00e4stinensern  ihre von der UNO anerkannten Rechte auf Selbstbestimmung, R\u00fcckkehr und  Entsch\u00e4digung garantieren, sondern auch die j\u00fcdisch-israelische  Bev\u00f6lkerung von ihrem Status als Kolonialherren befreien.<\/p>\n<p><strong>Die Autorin<\/strong><br \/>\n<em>Petra Wild, <\/em>geboren 1963 in Aarbergen\/Hessen, studierte  arabische Sprache und Islamwissenschaften in Jerusalem, Leipzig,  Damaskus und Berlin. Sie arbeitet als freiberufliche Publizistin vor  allem zur Pal\u00e4stina-Frage und zur Arabischen Revolution.<\/div>\n<\/div>\n<\/div>\n","protected":false},"excerpt":{"rendered":"<p>Buchpr\u00e4sentation mit der Autorin Petra Wild (Berlin) am Donnerstag, 18. April 2013 um 19:00 Uhr im Bildungsverein der KP\u00d6 Steiermark Lagergasse 98a 8020 Graz<\/p>\n","protected":false},"author":3,"featured_media":0,"comment_status":"open","ping_status":"open","sticky":false,"template":"","format":"standard","meta":{"footnotes":""},"categories":[18,21],"tags":[],"class_list":["post-2985","post","type-post","status-publish","format-standard","hentry","category-palaestina-solidaritaet","category-veranstaltungshinweise"],"_links":{"self":[{"href":"https:\/\/www.friedensplattform.at\/index.php?rest_route=\/wp\/v2\/posts\/2985","targetHints":{"allow":["GET"]}}],"collection":[{"href":"https:\/\/www.friedensplattform.at\/index.php?rest_route=\/wp\/v2\/posts"}],"about":[{"href":"https:\/\/www.friedensplattform.at\/index.php?rest_route=\/wp\/v2\/types\/post"}],"author":[{"embeddable":true,"href":"https:\/\/www.friedensplattform.at\/index.php?rest_route=\/wp\/v2\/users\/3"}],"replies":[{"embeddable":true,"href":"https:\/\/www.friedensplattform.at\/index.php?rest_route=%2Fwp%2Fv2%2Fcomments&post=2985"}],"version-history":[{"count":0,"href":"https:\/\/www.friedensplattform.at\/index.php?rest_route=\/wp\/v2\/posts\/2985\/revisions"}],"wp:attachment":[{"href":"https:\/\/www.friedensplattform.at\/index.php?rest_route=%2Fwp%2Fv2%2Fmedia&parent=2985"}],"wp:term":[{"taxonomy":"category","embeddable":true,"href":"https:\/\/www.friedensplattform.at\/index.php?rest_route=%2Fwp%2Fv2%2Fcategories&post=2985"},{"taxonomy":"post_tag","embeddable":true,"href":"https:\/\/www.friedensplattform.at\/index.php?rest_route=%2Fwp%2Fv2%2Ftags&post=2985"}],"curies":[{"name":"wp","href":"https:\/\/api.w.org\/{rel}","templated":true}]}}