{"id":299,"date":"2008-03-18T22:00:15","date_gmt":"2008-03-18T20:00:15","guid":{"rendered":"http:\/\/www.luxorbis.org\/friedensplattform.at\/?p=299"},"modified":"2008-03-18T22:00:15","modified_gmt":"2008-03-18T20:00:15","slug":"stellungnahme-zu-den-protesten-in-tibet","status":"publish","type":"post","link":"https:\/\/www.friedensplattform.at\/?p=299","title":{"rendered":"Stellungnahme zu den Protesten in Tibet"},"content":{"rendered":"<p>Stellungnahme der Steirischen Friedensplattform zu den Protesten in Tibet<\/p>\n<p>Die Steirische Friedensplattform verurteilt auf das Sch\u00e4rfste die brutale Niederschlagung der Proteste der M\u00f6nche und Jugendlichen in Tibet, die gegen die chinesische Besatzung gerichtet sind, bei der laut chinesischen Angaben 16, laut tibetischen Angaben \u00fcber hundert Menschen ums Leben gekommen sein sollen.. Die Tibeter waren offensichtlich der Ansicht, dass die internationale Aufmerksamkeit wegen der olympischen Spiele sie vor einer brutalen Niederschlagung bewahren w\u00fcrde. Die chinesische Regierung hat mit r\u00fccksichtsloser H\u00e4rte und totaler Informationssperre auf die Ausschreitungen und die Repression reagiert. In China wird jede demokratische Bewegung unterdr\u00fcckt und die sozialen Bewegungen werden kriminalisiert.<\/p>\n<p><!--more--><\/p>\n<p>Wir hoffen, dass die internationale Aufmerksamkeit auch zu nachhaltigen  internationalen Protesten f\u00fchrt. Es kann nicht sein, dass man dieses Jahr nach China schaut, und nur die olympischen Spiele sieht, aber nicht das, was sonst in diesem Land geschieht.<\/p>\n<p>Das \u00d6sterreichische Olympische Komitee und seinem Vorsitzenden Leo Wallner fordern wir auf, seine zynische Trennung des Sports von den Menschenrechten aufzugeben und bei anhaltender Repression in Tibet einen \u00f6sterreichischen Boykott der Spiele in Peking durchzuf\u00fchren.  Solidarit\u00e4t mit unterdr\u00fcckten V\u00f6lkern und systematisch gepeinigten Menschen hat deutlich \u00fcber jenem erhofften nationalen Prestigegewinn zu stehen, der mit einigen Olympiamedaillen verbunden sein k\u00f6nnte.<\/p>\n<p>Jene Menschen in unserem Land, die bereit sind diese Solidarit\u00e4t zu leisten, ersuchen wir den nachfolgenden Protest zu unterst\u00fctzen: <a href=\"http:\/\/www.avaaz.org\" target=\"_blank\">http:\/\/www.avaaz.org<\/a><\/p>\n","protected":false},"excerpt":{"rendered":"<p>Stellungnahme der Steirischen Friedensplattform zu den Protesten in Tibet Die Steirische Friedensplattform verurteilt auf das Sch\u00e4rfste die brutale Niederschlagung der Proteste der M\u00f6nche und Jugendlichen in Tibet, die gegen die chinesische Besatzung gerichtet sind, bei der laut chinesischen Angaben 16, laut tibetischen Angaben \u00fcber hundert Menschen ums Leben gekommen sein sollen.. Die Tibeter waren offensichtlich &hellip; <a href=\"https:\/\/www.friedensplattform.at\/?p=299\" class=\"more-link\"><span class=\"screen-reader-text\">Stellungnahme zu den Protesten in Tibet<\/span> weiterlesen <span class=\"meta-nav\">&rarr;<\/span><\/a><\/p>\n","protected":false},"author":1,"featured_media":0,"comment_status":"open","ping_status":"open","sticky":false,"template":"","format":"standard","meta":{"footnotes":""},"categories":[1],"tags":[],"class_list":["post-299","post","type-post","status-publish","format-standard","hentry","category-allgemein"],"_links":{"self":[{"href":"https:\/\/www.friedensplattform.at\/index.php?rest_route=\/wp\/v2\/posts\/299","targetHints":{"allow":["GET"]}}],"collection":[{"href":"https:\/\/www.friedensplattform.at\/index.php?rest_route=\/wp\/v2\/posts"}],"about":[{"href":"https:\/\/www.friedensplattform.at\/index.php?rest_route=\/wp\/v2\/types\/post"}],"author":[{"embeddable":true,"href":"https:\/\/www.friedensplattform.at\/index.php?rest_route=\/wp\/v2\/users\/1"}],"replies":[{"embeddable":true,"href":"https:\/\/www.friedensplattform.at\/index.php?rest_route=%2Fwp%2Fv2%2Fcomments&post=299"}],"version-history":[{"count":0,"href":"https:\/\/www.friedensplattform.at\/index.php?rest_route=\/wp\/v2\/posts\/299\/revisions"}],"wp:attachment":[{"href":"https:\/\/www.friedensplattform.at\/index.php?rest_route=%2Fwp%2Fv2%2Fmedia&parent=299"}],"wp:term":[{"taxonomy":"category","embeddable":true,"href":"https:\/\/www.friedensplattform.at\/index.php?rest_route=%2Fwp%2Fv2%2Fcategories&post=299"},{"taxonomy":"post_tag","embeddable":true,"href":"https:\/\/www.friedensplattform.at\/index.php?rest_route=%2Fwp%2Fv2%2Ftags&post=299"}],"curies":[{"name":"wp","href":"https:\/\/api.w.org\/{rel}","templated":true}]}}