{"id":300,"date":"2008-03-20T22:00:35","date_gmt":"2008-03-20T20:00:35","guid":{"rendered":"http:\/\/www.luxorbis.org\/friedensplattform.at\/?p=300"},"modified":"2008-03-20T22:00:35","modified_gmt":"2008-03-20T20:00:35","slug":"protest-gegen-den-irakkrieg","status":"publish","type":"post","link":"https:\/\/www.friedensplattform.at\/?p=300","title":{"rendered":"Protest gegen den Irakkrieg"},"content":{"rendered":"<p>170 Festnahmen in den USAWashington\/Bagdad (ap) &#8211; Bei Demonstrationen zum f\u00fcnften Jahrestag des Irak-Kriegs sind in den USA mehr als 170 Personen festgenommen worden. Kriegsgegner blockierten Stra\u00dfen und Beh\u00f6rdengeb\u00e4ude in Washington, San Francisco, New York und anderen St\u00e4dten.<\/p>\n<p><a href=\"http:\/\/www.fr-online.de\/top_news\/?sid=0df839e552a210aa58fa2640067fca9f&amp;em_cnt=1306881\" title=\"Frankfurter Rundschau online\" target=\"_blank\">Weiterlesen in der Frankfurter Rundschau<\/a><\/p>\n","protected":false},"excerpt":{"rendered":"<p>170 Festnahmen in den USAWashington\/Bagdad (ap) &#8211; Bei Demonstrationen zum f\u00fcnften Jahrestag des Irak-Kriegs sind in den USA mehr als 170 Personen festgenommen worden. Kriegsgegner blockierten Stra\u00dfen und Beh\u00f6rdengeb\u00e4ude in Washington, San Francisco, New York und anderen St\u00e4dten. Weiterlesen in der Frankfurter Rundschau<\/p>\n","protected":false},"author":1,"featured_media":0,"comment_status":"open","ping_status":"open","sticky":false,"template":"","format":"standard","meta":{"footnotes":""},"categories":[1],"tags":[],"class_list":["post-300","post","type-post","status-publish","format-standard","hentry","category-allgemein"],"_links":{"self":[{"href":"https:\/\/www.friedensplattform.at\/index.php?rest_route=\/wp\/v2\/posts\/300","targetHints":{"allow":["GET"]}}],"collection":[{"href":"https:\/\/www.friedensplattform.at\/index.php?rest_route=\/wp\/v2\/posts"}],"about":[{"href":"https:\/\/www.friedensplattform.at\/index.php?rest_route=\/wp\/v2\/types\/post"}],"author":[{"embeddable":true,"href":"https:\/\/www.friedensplattform.at\/index.php?rest_route=\/wp\/v2\/users\/1"}],"replies":[{"embeddable":true,"href":"https:\/\/www.friedensplattform.at\/index.php?rest_route=%2Fwp%2Fv2%2Fcomments&post=300"}],"version-history":[{"count":0,"href":"https:\/\/www.friedensplattform.at\/index.php?rest_route=\/wp\/v2\/posts\/300\/revisions"}],"wp:attachment":[{"href":"https:\/\/www.friedensplattform.at\/index.php?rest_route=%2Fwp%2Fv2%2Fmedia&parent=300"}],"wp:term":[{"taxonomy":"category","embeddable":true,"href":"https:\/\/www.friedensplattform.at\/index.php?rest_route=%2Fwp%2Fv2%2Fcategories&post=300"},{"taxonomy":"post_tag","embeddable":true,"href":"https:\/\/www.friedensplattform.at\/index.php?rest_route=%2Fwp%2Fv2%2Ftags&post=300"}],"curies":[{"name":"wp","href":"https:\/\/api.w.org\/{rel}","templated":true}]}}