{"id":301,"date":"2008-03-25T22:19:17","date_gmt":"2008-03-25T20:19:17","guid":{"rendered":"http:\/\/www.luxorbis.org\/friedensplattform.at\/?p=301"},"modified":"2008-03-25T22:19:17","modified_gmt":"2008-03-25T20:19:17","slug":"leserbrief-zu-der-grose-unterschied-der-kleinen-worte","status":"publish","type":"post","link":"https:\/\/www.friedensplattform.at\/?p=301","title":{"rendered":"Leserbrief zu &quot;Der gro&#223;e Unterschied der kleinen Worte&quot;."},"content":{"rendered":"<p><font face=\"Arial\">Leserbrief zu  Henryk M. Broders Debattenbeitrag vom 21. M\u00e4rz 2008 &#8222;Der gro\u00dfe Unterschied der  kleinen Worte&#8220;.<\/font><\/p>\n<p><!--more--><\/p>\n<p>&#8222;Die Wortwahl des iranischen Pr\u00e4sidenten Achmadinejad bez\u00fcglich Israel ist ebenso entschieden abzulehnen wie alle Versuche sie durch nachtr\u00e4gliche Interpretation &#8222;verdaulich&#8220; zu machen. Schade nur, dass Broder mit vergleichbaren Tiraden israelischer Politiker gegen\u00fcber den Pal\u00e4stinensern offensichtlich kein Problem hat. So hat j\u00fcngst der israelische Verteidigungsminister Matan Vilnai den BewohnerInnen des Gaza eine &#8222;shoah&#8220; &#8211; das hebr\u00e4ische Wort f\u00fcr Holocaust &#8211; angedroht. Und nat\u00fcrlich gab es daraufhin auch in Israel zahlreiche Versuche diese ungeheuerliche Aussage nachtr\u00e4glich zu verharmlosen. Bedenklicher als Broders ohnehin bekannter Blindfleck bez\u00fcglich der Politik Israels, ist freilich der Umstand, dass \u00fcber die Entgleisung Vilnais zwar zahlreiche internationale Medien (Harold Tribune etc.) berichtet haben, in den \u00f6sterreichischen Massenbl\u00e4ttern aber nichts zu lesen war.&#8220;<\/p>\n<p>Franz S\u00f6lkner<br \/>\nThal bei Graz<\/p>\n","protected":false},"excerpt":{"rendered":"<p>Leserbrief zu Henryk M. Broders Debattenbeitrag vom 21. M\u00e4rz 2008 &#8222;Der gro\u00dfe Unterschied der kleinen Worte&#8220;.<\/p>\n","protected":false},"author":1,"featured_media":0,"comment_status":"open","ping_status":"open","sticky":false,"template":"","format":"standard","meta":{"footnotes":""},"categories":[1],"tags":[],"class_list":["post-301","post","type-post","status-publish","format-standard","hentry","category-allgemein"],"_links":{"self":[{"href":"https:\/\/www.friedensplattform.at\/index.php?rest_route=\/wp\/v2\/posts\/301","targetHints":{"allow":["GET"]}}],"collection":[{"href":"https:\/\/www.friedensplattform.at\/index.php?rest_route=\/wp\/v2\/posts"}],"about":[{"href":"https:\/\/www.friedensplattform.at\/index.php?rest_route=\/wp\/v2\/types\/post"}],"author":[{"embeddable":true,"href":"https:\/\/www.friedensplattform.at\/index.php?rest_route=\/wp\/v2\/users\/1"}],"replies":[{"embeddable":true,"href":"https:\/\/www.friedensplattform.at\/index.php?rest_route=%2Fwp%2Fv2%2Fcomments&post=301"}],"version-history":[{"count":0,"href":"https:\/\/www.friedensplattform.at\/index.php?rest_route=\/wp\/v2\/posts\/301\/revisions"}],"wp:attachment":[{"href":"https:\/\/www.friedensplattform.at\/index.php?rest_route=%2Fwp%2Fv2%2Fmedia&parent=301"}],"wp:term":[{"taxonomy":"category","embeddable":true,"href":"https:\/\/www.friedensplattform.at\/index.php?rest_route=%2Fwp%2Fv2%2Fcategories&post=301"},{"taxonomy":"post_tag","embeddable":true,"href":"https:\/\/www.friedensplattform.at\/index.php?rest_route=%2Fwp%2Fv2%2Ftags&post=301"}],"curies":[{"name":"wp","href":"https:\/\/api.w.org\/{rel}","templated":true}]}}