{"id":3017,"date":"2013-04-18T21:41:03","date_gmt":"2013-04-18T19:41:03","guid":{"rendered":"http:\/\/www.luxorbis.org\/friedensplattform.at\/?p=3017"},"modified":"2013-04-18T21:41:03","modified_gmt":"2013-04-18T19:41:03","slug":"protestkundgebung-der-steirischen-friedensplattform-anlaesslich-der-magbit-benefizgala-am-21-4","status":"publish","type":"post","link":"https:\/\/www.friedensplattform.at\/?p=3017","title":{"rendered":"Protestkundgebung der Steirischen Friedensplattform anl&#228;sslich der Magbit Benefizgala am 21.4."},"content":{"rendered":"<div>\n<h3 id=\"post-2126\"><strong>Die Kundgebung findet vor dem Grazer Congress (am Gehsteig Richtung Eingang s\u00fcdwestseitlich)<\/strong><strong> am Sonntag, 21.4. von 17:30-18:30 statt.<\/strong><\/h3>\n<p><strong>Anl\u00e4sslich  der Veranstaltung des Israelischen Vereins Keren Hajessod, an welcher  auch der Botschafter des Staates Israel in \u00d6sterreich teilnehmen wird<\/strong><strong>, protestieren wir gegen die Politik der Israelischen Regierung.<\/strong><\/p>\n<p><a rel=\"attachment wp-att-3018\" href=\"http:\/\/www.luxorbis.org\/friedensplattform.at\/?attachment_id=3018\">Flugblatt KH 2013<\/a><strong><!--more--><br \/>\n<\/strong><\/p>\n<div><span style=\"text-decoration: underline;\">Lesen Sie hier unser Flugblatt mit Informationen \u00fcber den Veranstalter Keren Hayessod:<\/span><\/div>\n<div>\n<div><strong>Keine Spenden f\u00fcr Kolonialismus und Apartheid!<br \/>\n<\/strong><\/div>\n<div><strong>Keine Spenden f\u00fcr Keren Hayessod!<\/strong><\/div>\n<div>Keren  Hayessod ist eine in Israel gesetzlich begr\u00fcndete Organisation. Sie  tritt in europ\u00e4ischen Gro\u00dfst\u00e4dten als spendensammelnde Organisation f\u00fcr  wohlt\u00e4tige Zwecke auf.<\/div>\n<div>Die Steirische Friedensplattform  hat bereits 2012 gegen eine solche Gala im Grazer Congress protestiert.  Denn letztlich handelt es sich &#8211; unter dem Deckmantel der Wohlt\u00e4tigkeit &#8211;  um eine <strong>Werbeveranstaltung f\u00fcr Israel, die die \u00a0Geschichte und Situation der Pal\u00e4stinenserInnen v\u00f6llig ausblendet<\/strong>!<\/div>\n<div>Den  Eingeladenen aus Wirtschaft, Kultur, Politik und Verwaltung wurde eine  Karte von Israel pr\u00e4sentiert, die der zionistischen Idee eines  \u201eGro\u00df-Israel\u201c entspricht und <strong>nicht die geringste Andeutung von den besetzen Gebieten<\/strong>, der <strong>Mauer <\/strong>oder gar einem <strong>pal\u00e4stinensischen Staat<\/strong> enth\u00e4lt. Auf ihr erscheinen die seit 45 Jahren besetzten pal\u00e4stinensischen Gebiete als <strong>annektiert<\/strong>!<\/div>\n<div><img loading=\"lazy\" decoding=\"async\" src=\"file:\/\/\/C:%5CDOKUME%7E1%5Chelga%5CLOKALE%7E1%5CTemp%5Cmsohtml1%5C01%5Cclip_image004.gif\" alt=\"Textfeld:   Jedes Jahr werden im Durchschnitt rund 700 pal\u00e4stinensische Kinder,  von der israelischen Armee, Polizei und Sicherheitsagenten verhaftet, verh\u00f6rt und inhaftiert.  Der aktuelle UNICEF\u2013Report spricht von sch\u00e4tzungsweise 7000 Kindern w\u00e4hrend der letzten zehn Jahre! \" hspace=\"12\" width=\"222\" height=\"169\" align=\"left\" \/><\/div>\n<div>Die  Projekte, f\u00fcr die der Fond die Spendentrommel r\u00fchrt, pr\u00e4sentieren sich  als F\u00f6rderungen f\u00fcr benachteiligte Gruppen der israelischen Jugend. Dass  in der engsten Nachbarschaft <strong>pal\u00e4stinensische Kinder <\/strong>mit Absicht <strong>von Bildung ferngehalten<\/strong> werden, ihre <strong>H\u00e4user zerst\u00f6rt<\/strong> und die <strong>Lebensgrundlagen ihrer Familien vernichtet<\/strong> werden, davon erf\u00e4hrt man nichts.<\/div>\n<div>Erst  j\u00fcngst wurden 27 Schulkinder zwischen sieben und 15 Jahren auf ihrem  Schulweg in Hebron durch israelische Soldaten verhaftet.<\/div>\n<div>Keren  Hajessod ist aktiver Teil der offiziellen israelischen  Regierungspolitik. Der Fond ist eng mit dem Jewish National Fond (JNF)  und der Jewish Agency (JA) verbunden. Die Jewish Agency strebte &#8222;ein  Land ohne Volk f\u00fcr ein Volk ohne Land&#8220; an. Pal\u00e4stina war nie ein leeres  Land, aber die Existenz der arabischen Bev\u00f6lkerung vor Ort wurde  geleugnet und m\u00fcndete in die NAKBA, die \u201egro\u00dfe Katastrophe\u201c f\u00fcr die  Pal\u00e4stinenserInnen: <strong>nahezu 800 000 Menschen wurden unter schlimmsten Menschenrechtsverletzungen zwischen 1947 und 1949 vertrieben<\/strong>.<\/div>\n<div>Der  JNF war und ist zust\u00e4ndig f\u00fcr die Finanzierung von Landerwerb und die  Besiedlung in Pal\u00e4stina, und zwar ausschlie\u00dflich zugunsten\u00a0 von  Angeh\u00f6rigen der j\u00fcdischen Bev\u00f6lkerungsgruppe.<\/div>\n<div><strong>Keren Hajessod ist als Teil von JNF und JA mitverantwortlich f\u00fcr<\/strong><\/div>\n<ul>\n<li><strong>die andauernde Vertreibung der Pal\u00e4stinenserInnen von ihrem Land<\/strong><\/li>\n<li><strong>die Enteignung ihres Landes und Besitzes<\/strong><\/li>\n<li><strong>die fortandauernde Kolonialisierung und<\/strong><\/li>\n<li><strong>die Zerst\u00f6rung der nat\u00fcrlichen Umwelt Pal\u00e4stinas<\/strong><\/li>\n<\/ul>\n<div><img loading=\"lazy\" decoding=\"async\" src=\"file:\/\/\/C:%5CDOKUME%7E1%5Chelga%5CLOKALE%7E1%5CTemp%5Cmsohtml1%5C01%5Cclip_image007.gif\" alt=\"Textfeld: &quot;Die neue Regierung ist eine rechte Regierung\u2026Sie werden das Geld dazu nutzen, um die Siedlungen auszubauen und auch um neue Siedlungen zu bauen.&quot;  Michal Rozin, oppositionelle Meretz-Partei\/Israel \" hspace=\"12\" width=\"150\" height=\"190\" align=\"left\" \/>Israel verst\u00f6\u00dft  durch den Bau illegaler Siedlungen und durch die landwirtschaftliche  Nutzung der Siedlungsgebiete gegen das internationale V\u00f6lkerrecht. Durch  den Anbau von Agrarprodukten in den besetzen Gebieten durch israelische  Siedler werden die nat\u00fcrlichen Ressourcen in den besetzten  pal\u00e4stinensischen Gebieten ausgebeutet. Dies verletzt die souver\u00e4nen und  unver\u00e4u\u00dferlichen Rechte des pal\u00e4stinensischen Volkes, wie sie in  Artikel 1 im UNO-Menschenrechtspakt festgeschrieben sind.<\/div>\n<div><strong>Unterst\u00fctzt man Keren Hayessod mit einer Spende <\/strong><\/div>\n<div><strong>!\u00a0 <span style=\"text-decoration: underline;\">unterst\u00fctzt man rechtswidrigen Landraub<\/span> ! <\/strong><\/div>\n<div><strong>! \u00a0<span style=\"text-decoration: underline;\">unterst\u00fctzt man die rechtswidrige Besatzungs- und Siedlungspolitik\u00a0der israelischen Regierung<\/span> ! <\/strong><\/div>\n<div>Wer  mit einer Spende echten Frieden f\u00f6rdern und massive  Unrechtsverh\u00e4ltnisse \u00fcberwinden will, spendet f\u00fcr Friedens- und  Menschenrechtsorganisationen in Israel und Pal\u00e4stina!<\/div>\n<div><strong><em>Spenden Sie f\u00fcr den Frieden!<\/em><\/strong><\/div>\n<div><strong><em> <\/em><\/strong><\/div>\n<div><strong><em>Die Steirische Friedensplattform <\/em><\/strong><\/div>\n<div><strong><em>www.friedensplattform.at<\/em><\/strong><\/div>\n<\/div>\n<\/div>\n","protected":false},"excerpt":{"rendered":"<p>Die Kundgebung findet vor dem Grazer Congress (am Gehsteig Richtung Eingang s\u00fcdwestseitlich) am Sonntag, 21.4. von 17:30-18:30 statt. Anl\u00e4sslich der Veranstaltung des Israelischen Vereins Keren Hajessod, an welcher auch der Botschafter des Staates Israel in \u00d6sterreich teilnehmen wird, protestieren wir gegen die Politik der Israelischen Regierung. Flugblatt KH 2013<\/p>\n","protected":false},"author":3,"featured_media":0,"comment_status":"open","ping_status":"open","sticky":false,"template":"","format":"standard","meta":{"footnotes":""},"categories":[18],"tags":[],"class_list":["post-3017","post","type-post","status-publish","format-standard","hentry","category-palaestina-solidaritaet"],"_links":{"self":[{"href":"https:\/\/www.friedensplattform.at\/index.php?rest_route=\/wp\/v2\/posts\/3017","targetHints":{"allow":["GET"]}}],"collection":[{"href":"https:\/\/www.friedensplattform.at\/index.php?rest_route=\/wp\/v2\/posts"}],"about":[{"href":"https:\/\/www.friedensplattform.at\/index.php?rest_route=\/wp\/v2\/types\/post"}],"author":[{"embeddable":true,"href":"https:\/\/www.friedensplattform.at\/index.php?rest_route=\/wp\/v2\/users\/3"}],"replies":[{"embeddable":true,"href":"https:\/\/www.friedensplattform.at\/index.php?rest_route=%2Fwp%2Fv2%2Fcomments&post=3017"}],"version-history":[{"count":0,"href":"https:\/\/www.friedensplattform.at\/index.php?rest_route=\/wp\/v2\/posts\/3017\/revisions"}],"wp:attachment":[{"href":"https:\/\/www.friedensplattform.at\/index.php?rest_route=%2Fwp%2Fv2%2Fmedia&parent=3017"}],"wp:term":[{"taxonomy":"category","embeddable":true,"href":"https:\/\/www.friedensplattform.at\/index.php?rest_route=%2Fwp%2Fv2%2Fcategories&post=3017"},{"taxonomy":"post_tag","embeddable":true,"href":"https:\/\/www.friedensplattform.at\/index.php?rest_route=%2Fwp%2Fv2%2Ftags&post=3017"}],"curies":[{"name":"wp","href":"https:\/\/api.w.org\/{rel}","templated":true}]}}