{"id":3033,"date":"2013-05-03T07:56:51","date_gmt":"2013-05-03T05:56:51","guid":{"rendered":"http:\/\/www.luxorbis.org\/friedensplattform.at\/?p=3033"},"modified":"2013-05-03T07:56:51","modified_gmt":"2013-05-03T05:56:51","slug":"revolten-in-der-peripherie-zentral-und-osteuropaeisches-sozial-forum-2-5-mai-2013-campus-uni-wien","status":"publish","type":"post","link":"https:\/\/www.friedensplattform.at\/?p=3033","title":{"rendered":"Revolten in der Peripherie? Zentral und Osteurop&#228;isches Sozial Forum 2-5 Mai 2013 Campus Uni Wien"},"content":{"rendered":"<p class=\"MsoNormal\" style=\"margin-top: 0cm; margin-right: -6.1pt; margin-bottom: .0001pt; margin-left: 0cm; text-align: right; line-height: normal;\" align=\"right\"><strong style=\"mso-bidi-font-weight: normal;\"><span style=\"font-size: 18.0pt; font-family: 'Arial','sans-serif'; mso-fareast-font-family: 'Times New Roman'; color: #e2032f;\">PROGRAMM<\/span><\/strong><\/p>\n<p class=\"MsoNormal\" style=\"margin-top: 0cm; margin-right: -6.1pt; margin-bottom: .0001pt; margin-left: 0cm; text-align: right; line-height: normal;\" align=\"right\"><strong style=\"mso-bidi-font-weight: normal;\"><span style=\"font-size: 10.0pt; font-family: 'Arial','sans-serif'; mso-fareast-font-family: 'Times New Roman';\">1. MITTEL- UND OSTEUROP\u00c4ISCHES <\/span><\/strong><\/p>\n<p class=\"MsoNormal\" style=\"margin-top: 0cm; margin-right: -6.1pt; margin-bottom: .0001pt; margin-left: 0cm; text-align: right; line-height: normal;\" align=\"right\"><strong style=\"mso-bidi-font-weight: normal;\"><span style=\"font-size: 10.0pt; font-family: 'Arial','sans-serif'; mso-fareast-font-family: 'Times New Roman';\">SOZIAL- UND UMWELTFORUM IN WIEN <\/span><\/strong><strong style=\"mso-bidi-font-weight: normal;\"><span style=\"font-size: 10.0pt; font-family: 'Arial','sans-serif'; mso-fareast-font-family: 'Times New Roman'; color: #4e97cc; mso-ansi-language: DE;\" lang=\"DE\">2. bis 5. <\/span><\/strong><strong style=\"mso-bidi-font-weight: normal;\"><span style=\"font-size: 10.0pt; font-family: 'Arial','sans-serif'; mso-fareast-font-family: 'Times New Roman'; color: #4e97cc; mso-ansi-language: EN-GB;\" lang=\"EN-GB\">Mai 2013<\/span><\/strong><\/p>\n<p class=\"MsoNormal\" style=\"margin-top: 5.0pt; margin-right: -6.25pt; margin-bottom: .0001pt; margin-left: 0cm; text-align: right; text-indent: -9.0pt; line-height: normal;\" align=\"right\"><strong style=\"mso-bidi-font-weight: normal;\"><span style=\"font-size: 10.0pt; font-family: 'Arial','sans-serif'; mso-fareast-font-family: 'Times New Roman'; mso-ansi-language: EN-GB;\" lang=\"EN-GB\">1st CENTRAL AND EASTERN EUROPEAN SOCIAL AND <span style=\"letter-spacing: -.1pt;\">ENVIRONMENTAL FORUM (CEESEF) IN VIENNA <span style=\"color: #4e97cc;\">May 2nd to May 5th, 2013<\/span><\/span><\/span><\/strong><\/p>\n<p><!--more--> http:\/\/www.sozialforum-asf.at\/index.php\/programm<\/p>\n<table class=\"MsoNormalTable\" border=\"1\" cellspacing=\"0\" cellpadding=\"0\" width=\"642\" align=\"left\">\n<tbody>\n<tr style=\"mso-yfti-irow: 0; mso-yfti-firstrow: yes;\">\n<td style=\"width: 372.8pt; border: solid windowtext 1.0pt; mso-border-alt: solid windowtext .5pt; padding: 2.85pt 4.25pt 2.85pt 4.25pt;\" colspan=\"2\" width=\"497\" valign=\"top\">\n<p class=\"MsoNormal\" style=\"margin-top: 5.0pt; margin-right: 0cm; margin-bottom: .0001pt; margin-left: 0cm; line-height: 15.0pt; mso-line-height-rule: exactly; mso-element: frame; mso-element-frame-hspace: 7.1pt; mso-element-wrap: around; mso-element-anchor-vertical: paragraph; mso-element-anchor-horizontal: margin; mso-element-left: center; mso-element-top: .05pt; mso-height-rule: exactly;\"><strong style=\"mso-bidi-font-weight: normal;\"><span style=\"font-size: 18.0pt; font-family: 'Arial','sans-serif'; mso-fareast-font-family: 'Times New Roman'; color: #e2032f; letter-spacing: -.2pt; mso-ansi-language: EN-GB;\" lang=\"EN-GB\">REVOLTEN AN DER PERIPHIERIE? <\/span><\/strong><\/p>\n<p class=\"MsoNormal\" style=\"margin-top: 5.0pt; margin-right: 0cm; margin-bottom: 5.0pt; margin-left: 0cm; text-align: right; line-height: 15.0pt; mso-line-height-rule: exactly; mso-element: frame; mso-element-frame-hspace: 7.1pt; mso-element-wrap: around; mso-element-anchor-vertical: paragraph; mso-element-anchor-horizontal: margin; mso-element-left: center; mso-element-top: .05pt; mso-height-rule: exactly;\" align=\"right\"><strong style=\"mso-bidi-font-weight: normal;\"><span style=\"font-size: 18.0pt; font-family: 'Arial','sans-serif'; mso-fareast-font-family: 'Times New Roman'; color: #e2032f; letter-spacing: -.2pt; mso-ansi-language: EN-GB;\" lang=\"EN-GB\">REVOLTS ON THE PERIPHERY?<\/span><\/strong><\/p>\n<\/td>\n<\/tr>\n<tr style=\"mso-yfti-irow: 1;\">\n<td style=\"width: 372.8pt; border: solid windowtext 1.0pt; border-top: none; mso-border-top-alt: solid windowtext .5pt; mso-border-alt: solid windowtext .5pt; background: #4E97CC; padding: 2.85pt 4.25pt 2.85pt 4.25pt;\" colspan=\"2\" width=\"497\" valign=\"top\">\n<p class=\"MsoNormal\" style=\"margin-bottom: .0001pt; text-align: center; line-height: normal; mso-element: frame; mso-element-frame-hspace: 7.1pt; mso-element-wrap: around; mso-element-anchor-vertical: paragraph; mso-element-anchor-horizontal: margin; mso-element-left: center; mso-element-top: .05pt; mso-height-rule: exactly;\" align=\"center\"><strong style=\"mso-bidi-font-weight: normal;\"><span style=\"font-size: 10.0pt; font-family: 'Arial','sans-serif'; mso-fareast-font-family: 'Times New Roman'; color: white; mso-ansi-language: EN-GB;\" lang=\"EN-GB\">Thursday, May 2<sup>nd<\/sup> \/ Donnerstag 2. Mai<\/span><\/strong><\/p>\n<\/td>\n<\/tr>\n<tr style=\"mso-yfti-irow: 2;\">\n<td style=\"width: 73.25pt; border: solid windowtext 1.0pt; border-top: none; mso-border-top-alt: solid windowtext .5pt; mso-border-alt: solid windowtext .5pt; padding: 2.85pt 4.25pt 2.85pt 4.25pt;\" rowspan=\"2\" width=\"98\" valign=\"top\">\n<p class=\"MsoNormal\" style=\"mso-margin-top-alt: auto; margin-right: 2.85pt; mso-margin-bottom-alt: auto; mso-element: frame; mso-element-frame-hspace: 7.1pt; mso-element-wrap: around; mso-element-anchor-vertical: paragraph; mso-element-anchor-horizontal: margin; mso-element-left: center; mso-element-top: .05pt; mso-height-rule: exactly;\"><strong style=\"mso-bidi-font-weight: normal;\"><span style=\"font-size: 9.0pt; line-height: 115%; font-family: 'Arial','sans-serif'; mso-fareast-font-family: 'Times New Roman';\">19:00 \u2013 22:00<\/span><\/strong><\/p>\n<p class=\"MsoNormal\" style=\"margin-bottom: .0001pt; line-height: normal; mso-element: frame; mso-element-frame-hspace: 7.1pt; mso-element-wrap: around; mso-element-anchor-vertical: paragraph; mso-element-anchor-horizontal: margin; mso-element-left: center; mso-element-top: .05pt; mso-height-rule: exactly;\"><span style=\"font-size: 9.0pt; font-family: 'Arial','sans-serif'; mso-fareast-font-family: 'Times New Roman';\">H\u00f6rsaal D <\/span><\/p>\n<p class=\"MsoNormal\" style=\"margin-bottom: .0001pt; line-height: normal; mso-element: frame; mso-element-frame-hspace: 7.1pt; mso-element-wrap: around; mso-element-anchor-vertical: paragraph; mso-element-anchor-horizontal: margin; mso-element-left: center; mso-element-top: .05pt; mso-height-rule: exactly;\"><span style=\"font-size: 9.0pt; font-family: 'Arial','sans-serif'; mso-fareast-font-family: 'Times New Roman';\">Hof 10 <\/span><\/p>\n<p class=\"MsoNormal\" style=\"margin-bottom: .0001pt; line-height: normal; mso-element: frame; mso-element-frame-hspace: 7.1pt; mso-element-wrap: around; mso-element-anchor-vertical: paragraph; mso-element-anchor-horizontal: margin; mso-element-left: center; mso-element-top: .05pt; mso-height-rule: exactly;\"><span style=\"font-size: 9.0pt; font-family: 'Arial','sans-serif'; mso-fareast-font-family: 'Times New Roman';\">(Alte Anatomie)<\/span><\/p>\n<p class=\"MsoNormal\" style=\"mso-margin-top-alt: auto; margin-right: 2.85pt; mso-margin-bottom-alt: auto; mso-element: frame; mso-element-frame-hspace: 7.1pt; mso-element-wrap: around; mso-element-anchor-vertical: paragraph; mso-element-anchor-horizontal: margin; mso-element-left: center; mso-element-top: .05pt; mso-height-rule: exactly;\"><span class=\"hps\"><strong style=\"mso-bidi-font-weight: normal;\"><span style=\"font-size: 9.0pt; line-height: 115%; font-family: 'Arial','sans-serif'; text-transform: uppercase; letter-spacing: -.5pt;\"> <\/span><\/strong><\/span><\/p>\n<\/td>\n<td style=\"width: 299.55pt; border-top: none; border-left: none; border-bottom: solid windowtext 1.0pt; border-right: solid windowtext 1.0pt; mso-border-top-alt: solid windowtext .5pt; mso-border-left-alt: solid windowtext .5pt; mso-border-alt: solid windowtext .5pt; padding: 2.85pt 4.25pt 2.85pt 4.25pt;\" width=\"399\" valign=\"top\">\n<p class=\"MsoNormal\" style=\"margin-bottom: .0001pt; line-height: normal; mso-element: frame; mso-element-frame-hspace: 7.1pt; mso-element-wrap: around; mso-element-anchor-vertical: paragraph; mso-element-anchor-horizontal: margin; mso-element-left: center; mso-element-top: .05pt; mso-height-rule: exactly;\"><strong style=\"mso-bidi-font-weight: normal;\"><span style=\"font-size: 9.0pt; font-family: 'Arial','sans-serif'; mso-fareast-font-family: 'Times New Roman'; color: #e2032f;\">Opening session \/ Er\u00f6ffnung<\/span><\/strong><\/p>\n<p class=\"MsoNormal\" style=\"margin-top: 5.0pt; margin-right: 0cm; margin-bottom: .0001pt; margin-left: 0cm; line-height: normal; mso-element: frame; mso-element-frame-hspace: 7.1pt; mso-element-wrap: around; mso-element-anchor-vertical: paragraph; mso-element-anchor-horizontal: margin; mso-element-left: center; mso-element-top: .05pt; mso-height-rule: exactly;\"><strong style=\"mso-bidi-font-weight: normal;\"><span style=\"font-size: 9.0pt; font-family: 'Arial','sans-serif'; mso-fareast-font-family: 'Times New Roman'; text-transform: uppercase;\">Welcome to the participants \/<\/span><\/strong><\/p>\n<p class=\"MsoNormal\" style=\"margin-bottom: .0001pt; line-height: normal; mso-element: frame; mso-element-frame-hspace: 7.1pt; mso-element-wrap: around; mso-element-anchor-vertical: paragraph; mso-element-anchor-horizontal: margin; mso-element-left: center; mso-element-top: .05pt; mso-height-rule: exactly;\"><strong style=\"mso-bidi-font-weight: normal;\"><span style=\"font-size: 9.0pt; font-family: 'Arial','sans-serif'; mso-fareast-font-family: 'Times New Roman'; text-transform: uppercase;\">Begr\u00fcssung der TeilnehmerInnen <\/span><\/strong><\/p>\n<p class=\"MsoNormal\" style=\"margin-top: 5.0pt; margin-right: 0cm; margin-bottom: .0001pt; margin-left: 0cm; line-height: normal; mso-element: frame; mso-element-frame-hspace: 7.1pt; mso-element-wrap: around; mso-element-anchor-vertical: paragraph; mso-element-anchor-horizontal: margin; mso-element-left: center; mso-element-top: .05pt; mso-height-rule: exactly;\"><strong style=\"mso-bidi-font-weight: normal;\"><em style=\"mso-bidi-font-style: normal;\"><span style=\"font-size: 9.0pt; font-family: 'Arial','sans-serif'; mso-fareast-font-family: 'Times New Roman'; mso-ansi-language: EN-GB;\" lang=\"EN-GB\">Leo Gabriel<\/span><\/em><\/strong><span style=\"font-size: 9.0pt; font-family: 'Arial','sans-serif'; mso-fareast-font-family: 'Times New Roman'; mso-ansi-language: EN-GB;\" lang=\"EN-GB\"> (member of the IC of the World Social Forum) on behalf of the organising team \/ im Namen des Organisationsteams<\/span><\/p>\n<\/td>\n<\/tr>\n<tr style=\"mso-yfti-irow: 3;\">\n<td style=\"width: 299.55pt; border-top: none; border-left: none; border-bottom: solid windowtext 1.0pt; border-right: solid windowtext 1.0pt; mso-border-top-alt: solid windowtext .5pt; mso-border-left-alt: solid windowtext .5pt; mso-border-alt: solid windowtext .5pt; padding: 2.85pt 4.25pt 2.85pt 4.25pt;\" width=\"399\" valign=\"top\">\n<p class=\"MsoNormal\" style=\"margin-bottom: .0001pt; line-height: normal; mso-element: frame; mso-element-frame-hspace: 7.1pt; mso-element-wrap: around; mso-element-anchor-vertical: paragraph; mso-element-anchor-horizontal: margin; mso-element-left: center; mso-element-top: .05pt; mso-height-rule: exactly;\"><strong style=\"mso-bidi-font-weight: normal;\"><span style=\"font-size: 9.0pt; font-family: 'Arial','sans-serif'; mso-fareast-font-family: 'Times New Roman'; color: #e2032f; mso-ansi-language: EN-GB;\" lang=\"EN-GB\">Panel Discussion I<\/span><\/strong><\/p>\n<p class=\"MsoNormal\" style=\"margin-top: 5.0pt; margin-right: 0cm; margin-bottom: .0001pt; margin-left: 0cm; line-height: normal; mso-element: frame; mso-element-frame-hspace: 7.1pt; mso-element-wrap: around; mso-element-anchor-vertical: paragraph; mso-element-anchor-horizontal: margin; mso-element-left: center; mso-element-top: .05pt; mso-height-rule: exactly;\"><strong style=\"mso-bidi-font-weight: normal;\"><span style=\"font-size: 9.0pt; font-family: 'Arial','sans-serif'; mso-fareast-font-family: 'Times New Roman'; text-transform: uppercase;\">WHICH EUROPE DO WE WANT? \/<\/span><\/strong><\/p>\n<p class=\"MsoNormal\" style=\"margin-bottom: .0001pt; line-height: normal; mso-element: frame; mso-element-frame-hspace: 7.1pt; mso-element-wrap: around; mso-element-anchor-vertical: paragraph; mso-element-anchor-horizontal: margin; mso-element-left: center; mso-element-top: .05pt; mso-height-rule: exactly;\"><strong style=\"mso-bidi-font-weight: normal;\"><span style=\"font-size: 9.0pt; font-family: 'Arial','sans-serif'; mso-fareast-font-family: 'Times New Roman'; mso-ansi-language: EN-GB;\" lang=\"EN-GB\">WELCHES EUROPA WOLLEN WIR?<\/span><\/strong><\/p>\n<p class=\"MsoNormal\" style=\"margin-top: 5.0pt; margin-right: 0cm; margin-bottom: .0001pt; margin-left: 0cm; line-height: normal; mso-element: frame; mso-element-frame-hspace: 7.1pt; mso-element-wrap: around; mso-element-anchor-vertical: paragraph; mso-element-anchor-horizontal: margin; mso-element-left: center; mso-element-top: .05pt; mso-height-rule: exactly;\"><span style=\"font-size: 9.0pt; font-family: 'Arial','sans-serif'; mso-fareast-font-family: 'Times New Roman'; mso-ansi-language: EN-GB;\" lang=\"EN-GB\">The  slogan of a \u201eEurope without boarders\u201c remains void if we are not  capable to overcome the social, economic, political and cultural  barriers within and between the local, national and continental levels.<\/span><\/p>\n<p class=\"MsoNormal\" style=\"margin-top: 5.0pt; margin-right: 0cm; margin-bottom: .0001pt; margin-left: 0cm; line-height: normal; mso-element: frame; mso-element-frame-hspace: 7.1pt; mso-element-wrap: around; mso-element-anchor-vertical: paragraph; mso-element-anchor-horizontal: margin; mso-element-left: center; mso-element-top: .05pt; mso-height-rule: exactly;\"><span style=\"font-size: 9.0pt; font-family: 'Arial','sans-serif'; mso-fareast-font-family: 'Times New Roman'; mso-ansi-language: DE;\" lang=\"DE\">Das Schlagwort von einem \u201eEuropa ohne Grenzen\u201c wird solange leer bleiben, bis<\/span><span style=\"font-size: 9.0pt; font-family: 'Arial','sans-serif'; mso-fareast-font-family: 'Times New Roman';\"> es uns gelingt, die sozialen, \u00f6konomischen , politischen und  kulturellen Barrieren innerhalb und zwischen den lokalen, nationalen und  kontinentalen Ebenen zu \u00fcberwinden.<\/span><\/p>\n<p class=\"MsoNormal\" style=\"margin-top: 5.0pt; margin-right: 0cm; margin-bottom: .0001pt; margin-left: 0cm; line-height: normal; mso-element: frame; mso-element-frame-hspace: 7.1pt; mso-element-wrap: around; mso-element-anchor-vertical: paragraph; mso-element-anchor-horizontal: margin; mso-element-left: center; mso-element-top: .05pt; mso-height-rule: exactly;\"><strong style=\"mso-bidi-font-weight: normal;\"><em style=\"mso-bidi-font-style: normal;\"><span style=\"font-size: 9.0pt; font-family: 'Arial','sans-serif'; mso-fareast-font-family: 'Times New Roman';\">Alexander Buzgalin<\/span><\/em><\/strong><span style=\"font-size: 9.0pt; font-family: 'Arial','sans-serif'; mso-fareast-font-family: 'Times New Roman';\"> (Alternativy-Russia), <strong style=\"mso-bidi-font-weight: normal;\"><em style=\"mso-bidi-font-style: normal;\">Monika Vana<\/em><\/strong><br \/>\n(Die Gr\u00fcnen-Wien), <strong style=\"mso-bidi-font-weight: normal;\"><em style=\"mso-bidi-font-style: normal;\">Walter Baier<\/em><\/strong> (transform! \u2013 Austria)<br \/>\n<strong style=\"mso-bidi-font-weight: normal;\"><em style=\"mso-bidi-font-style: normal;\">Isabelle Bourboulon<\/em><\/strong> (Attac-Frankreich)\u00a0<span class=\"msoIns\"><ins datetime=\"2013-05-01T22:20\" cite=\"mailto:WH\"><span style=\"mso-spacerun: yes;\"> <\/span><\/ins><\/span><br \/>\nCoordination: <strong style=\"mso-bidi-font-weight: normal;\"><em style=\"mso-bidi-font-style: normal;\">Hermann Dworczak <\/em><\/strong>(Austrian Social Forum)<\/span><\/td>\n<\/tr>\n<tr style=\"mso-yfti-irow: 4;\">\n<td style=\"width: 372.8pt; border: solid windowtext 1.0pt; border-top: none; mso-border-top-alt: solid windowtext .5pt; mso-border-alt: solid windowtext .5pt; background: #4E97CC; padding: 2.85pt 4.25pt 2.85pt 4.25pt;\" colspan=\"2\" width=\"497\" valign=\"top\">\n<p class=\"MsoNormal\" style=\"margin-bottom: .0001pt; text-align: center; line-height: normal; mso-element: frame; mso-element-frame-hspace: 7.1pt; mso-element-wrap: around; mso-element-anchor-vertical: paragraph; mso-element-anchor-horizontal: margin; mso-element-left: center; mso-element-top: .05pt; mso-height-rule: exactly;\" align=\"center\"><strong style=\"mso-bidi-font-weight: normal;\"><span style=\"font-size: 10.0pt; font-family: 'Arial','sans-serif'; mso-fareast-font-family: 'Times New Roman'; color: white; mso-ansi-language: EN-GB;\" lang=\"EN-GB\"> Friday, May 3<sup>rd<\/sup> \/ Freitag 3. Mai &#8211; Achtung: Orts\u00e4nderungen!<br \/>\n<\/span><\/strong><\/td>\n<\/tr>\n<tr style=\"mso-yfti-irow: 5; height: 77.65pt;\">\n<td style=\"width: 73.25pt; border: solid windowtext 1.0pt; border-top: none; mso-border-top-alt: solid windowtext .5pt; mso-border-alt: solid windowtext .5pt; padding: 2.85pt 4.25pt 2.85pt 4.25pt; height: 77.65pt;\" width=\"98\" valign=\"top\">\n<p class=\"MsoNormal\" style=\"mso-margin-top-alt: auto; margin-right: 2.85pt; mso-margin-bottom-alt: auto; mso-element: frame; mso-element-frame-hspace: 7.1pt; mso-element-wrap: around; mso-element-anchor-vertical: paragraph; mso-element-anchor-horizontal: margin; mso-element-left: center; mso-element-top: .05pt; mso-height-rule: exactly;\"><strong style=\"mso-bidi-font-weight: normal;\"><span style=\"font-size: 9.0pt; line-height: 115%; font-family: 'Arial','sans-serif'; mso-fareast-font-family: 'Times New Roman'; mso-ansi-language: EN-GB;\" lang=\"EN-GB\">9:00 \u2013 12:00<\/span><\/strong><\/p>\n<p class=\"MsoNormal\" style=\"mso-margin-top-alt: auto; margin-right: 2.85pt; mso-margin-bottom-alt: auto; mso-element: frame; mso-element-frame-hspace: 7.1pt; mso-element-wrap: around; mso-element-anchor-vertical: paragraph; mso-element-anchor-horizontal: margin; mso-element-left: center; mso-element-top: .05pt; mso-height-rule: exactly;\"><strong style=\"mso-bidi-font-weight: normal;\"><span style=\"font-size: 9.0pt; line-height: 115%; font-family: 'Arial','sans-serif'; mso-fareast-font-family: 'Times New Roman'; color: red;\">Achtung neuer Ort<\/span><\/strong><span style=\"font-size: 9.0pt; line-height: 115%; font-family: 'Arial','sans-serif'; mso-fareast-font-family: 'Times New Roman'; color: red;\">:<\/span><\/p>\n<p class=\"MsoNormal\" style=\"margin-bottom: .0001pt; line-height: normal; mso-element: frame; mso-element-frame-hspace: 7.1pt; mso-element-wrap: around; mso-element-anchor-vertical: paragraph; mso-element-anchor-horizontal: margin; mso-element-left: center; mso-element-top: .05pt; mso-height-rule: exactly;\"><span style=\"font-size: 9.0pt; font-family: 'Arial','sans-serif'; mso-fareast-font-family: 'Times New Roman'; color: red;\">NIG &#8211; Neues<\/span><span style=\"font-size: 9.0pt; font-family: 'Arial','sans-serif'; mso-fareast-font-family: 'Times New Roman';\"> <span style=\"color: red;\">Instituts-geb\u00e4ude H\u00f6rsaal 3<\/span><\/span><\/p>\n<p class=\"MsoNormal\" style=\"margin-bottom: .0001pt; line-height: normal; mso-element: frame; mso-element-frame-hspace: 7.1pt; mso-element-wrap: around; mso-element-anchor-vertical: paragraph; mso-element-anchor-horizontal: margin; mso-element-left: center; mso-element-top: .05pt; mso-height-rule: exactly;\"><span style=\"font-size: 9.0pt; font-family: 'Arial','sans-serif'; mso-fareast-font-family: 'Times New Roman'; color: red;\">1010 Wien<\/span><\/p>\n<p class=\"MsoNormal\" style=\"margin-bottom: .0001pt; line-height: normal; mso-element: frame; mso-element-frame-hspace: 7.1pt; mso-element-wrap: around; mso-element-anchor-vertical: paragraph; mso-element-anchor-horizontal: margin; mso-element-left: center; mso-element-top: .05pt; mso-height-rule: exactly;\"><span style=\"font-size: 9.0pt; font-family: 'Arial','sans-serif'; mso-fareast-font-family: 'Times New Roman'; color: red;\">Universit\u00e4tsstr.7<\/span><\/p>\n<p class=\"MsoNormal\" style=\"margin-bottom: .0001pt; line-height: normal; mso-element: frame; mso-element-frame-hspace: 7.1pt; mso-element-wrap: around; mso-element-anchor-vertical: paragraph; mso-element-anchor-horizontal: margin; mso-element-left: center; mso-element-top: .05pt; mso-height-rule: exactly;\"><span style=\"font-size: 9.0pt; font-family: 'Arial','sans-serif'; mso-fareast-font-family: 'Times New Roman'; color: red;\"> <\/span><\/p>\n<p class=\"MsoNormal\" style=\"margin-bottom: .0001pt; line-height: normal; mso-element: frame; mso-element-frame-hspace: 7.1pt; mso-element-wrap: around; mso-element-anchor-vertical: paragraph; mso-element-anchor-horizontal: margin; mso-element-left: center; mso-element-top: .05pt; mso-height-rule: exactly;\"><span style=\"font-size: 9.0pt; font-family: 'Arial','sans-serif'; mso-fareast-font-family: 'Times New Roman'; color: black; mso-themecolor: text1;\">(es ist jemand am alten Ort, um die Leute hinzuf\u00fchren)<\/span><\/p>\n<p class=\"MsoNormal\" style=\"mso-margin-top-alt: auto; margin-right: 2.85pt; mso-margin-bottom-alt: auto; mso-element: frame; mso-element-frame-hspace: 7.1pt; mso-element-wrap: around; mso-element-anchor-vertical: paragraph; mso-element-anchor-horizontal: margin; mso-element-left: center; mso-element-top: .05pt; mso-height-rule: exactly;\"><span class=\"hps\"><strong style=\"mso-bidi-font-weight: normal;\"><span style=\"font-size: 9.0pt; line-height: 115%; font-family: 'Arial','sans-serif'; text-transform: uppercase; letter-spacing: -.5pt;\"> <\/span><\/strong><\/span><\/p>\n<\/td>\n<td style=\"width: 299.55pt; border-top: none; border-left: none; border-bottom: solid windowtext 1.0pt; border-right: solid windowtext 1.0pt; mso-border-top-alt: solid windowtext .5pt; mso-border-left-alt: solid windowtext .5pt; mso-border-alt: solid windowtext .5pt; padding: 2.85pt 4.25pt 2.85pt 4.25pt; height: 77.65pt;\" width=\"399\" valign=\"top\">\n<p class=\"MsoNormal\" style=\"margin-bottom: .0001pt; line-height: normal; mso-element: frame; mso-element-frame-hspace: 7.1pt; mso-element-wrap: around; mso-element-anchor-vertical: paragraph; mso-element-anchor-horizontal: margin; mso-element-left: center; mso-element-top: .05pt; mso-height-rule: exactly;\"><strong style=\"mso-bidi-font-weight: normal;\"><span style=\"font-size: 9.0pt; font-family: 'Arial','sans-serif'; mso-fareast-font-family: 'Times New Roman'; color: #e2032f; mso-ansi-language: EN-GB;\" lang=\"EN-GB\">Panel Discussion II <span style=\"mso-tab-count: 5;\"> <\/span><\/span><\/strong><\/p>\n<p class=\"MsoNormal\" style=\"margin-top: 5.0pt; margin-right: 0cm; margin-bottom: .0001pt; margin-left: 0cm; line-height: normal; mso-element: frame; mso-element-frame-hspace: 7.1pt; mso-element-wrap: around; mso-element-anchor-vertical: paragraph; mso-element-anchor-horizontal: margin; mso-element-left: center; mso-element-top: .05pt; mso-height-rule: exactly;\"><strong style=\"mso-bidi-font-weight: normal;\"><span style=\"font-size: 9.0pt; font-family: 'Arial','sans-serif'; mso-fareast-font-family: 'Times New Roman'; mso-ansi-language: EN-GB;\" lang=\"EN-GB\">ENVIRONMENT, ENERGY, TRAFFIC: HOW TO ESCAPE THE DEADLOCKS\u00a0OF THE 21st CENTURY? \/<\/span><\/strong><\/p>\n<p class=\"MsoNormal\" style=\"margin-bottom: .0001pt; line-height: normal; mso-element: frame; mso-element-frame-hspace: 7.1pt; mso-element-wrap: around; mso-element-anchor-vertical: paragraph; mso-element-anchor-horizontal: margin; mso-element-left: center; mso-element-top: .05pt; mso-height-rule: exactly;\"><strong style=\"mso-bidi-font-weight: normal;\"><span style=\"font-size: 9.0pt; font-family: 'Arial','sans-serif'; mso-fareast-font-family: 'Times New Roman';\">UMWELT, ENERGIE, VERKEHR: WIE DEN SACKGASSEN DES 21. <\/span><\/strong><strong style=\"mso-bidi-font-weight: normal;\"><span style=\"font-size: 9.0pt; font-family: 'Arial','sans-serif'; mso-fareast-font-family: 'Times New Roman'; mso-ansi-language: EN-GB;\" lang=\"EN-GB\">JAHRHUNDERTS ENTGEHEN?<\/span><\/strong><\/p>\n<p class=\"MsoNormal\" style=\"margin-top: 5.0pt; margin-right: 0cm; margin-bottom: .0001pt; margin-left: 0cm; line-height: normal; mso-element: frame; mso-element-frame-hspace: 7.1pt; mso-element-wrap: around; mso-element-anchor-vertical: paragraph; mso-element-anchor-horizontal: margin; mso-element-left: center; mso-element-top: .05pt; mso-height-rule: exactly;\"><span style=\"font-size: 9.0pt; font-family: 'Arial','sans-serif'; mso-fareast-font-family: 'Times New Roman'; mso-ansi-language: EN-GB;\" lang=\"EN-GB\">The  environmental and clima \u2013 summits of the United Nations have presented  us the deadlocks of the international communities of States, but no  viable results. Solutions of the civil society between global thinking  and communal action.<\/span><\/p>\n<p class=\"MsoNormal\" style=\"margin-top: 5.0pt; margin-right: 0cm; margin-bottom: .0001pt; margin-left: 0cm; line-height: normal; mso-element: frame; mso-element-frame-hspace: 7.1pt; mso-element-wrap: around; mso-element-anchor-vertical: paragraph; mso-element-anchor-horizontal: margin; mso-element-left: center; mso-element-top: .05pt; mso-height-rule: exactly;\"><span style=\"font-size: 9.0pt; font-family: 'Arial','sans-serif'; mso-fareast-font-family: 'Times New Roman';\">Die  Umwelt- und Klimagipfel der Vereinten Nationen u.a. Events haben uns  zwar die Ausweglosigkeit der internationalen Staatengemeinschaft vor  Augen gef\u00fchrt, aber keine brauchbaren Resultate geliefert. L\u00f6sungen der  Zivilgesellschaft zwischen globalem Denken und lokalem Handeln.<\/span><\/p>\n<p class=\"MsoNormal\" style=\"margin-top: 5.0pt; margin-right: 0cm; margin-bottom: .0001pt; margin-left: 0cm; line-height: normal; mso-element: frame; mso-element-frame-hspace: 7.1pt; mso-element-wrap: around; mso-element-anchor-vertical: paragraph; mso-element-anchor-horizontal: margin; mso-element-left: center; mso-element-top: .05pt; mso-height-rule: exactly;\"><strong style=\"mso-bidi-font-weight: normal;\"><em style=\"mso-bidi-font-style: normal;\"><span style=\"font-size: 9.0pt; font-family: 'Arial','sans-serif'; mso-fareast-font-family: 'Times New Roman';\">Tord Bj\u00f6rk<\/span><\/em><\/strong><span style=\"font-size: 9.0pt; font-family: 'Arial','sans-serif'; mso-fareast-font-family: 'Times New Roman';\"> (Friends of the Earth \u2013 Sweden), <strong style=\"mso-bidi-font-weight: normal;\"><em style=\"mso-bidi-font-style: normal;\">Mirek Prokes<\/em><\/strong> (Naturfreunde \u2013 Tschechische Republik), <strong style=\"mso-bidi-font-weight: normal;\"><em style=\"mso-bidi-font-style: normal;\">Josef Baum<\/em><\/strong> (transform! &#8211; Uni-Wien)<\/span><\/p>\n<\/td>\n<\/tr>\n<tr style=\"mso-yfti-irow: 6;\">\n<td style=\"width: 73.25pt; border: solid windowtext 1.0pt; border-top: none; mso-border-top-alt: solid windowtext .5pt; mso-border-alt: solid windowtext .5pt; padding: 2.85pt 4.25pt 2.85pt 4.25pt;\" width=\"98\" valign=\"top\">\n<p class=\"MsoNormal\" style=\"mso-margin-top-alt: auto; margin-right: 2.85pt; mso-margin-bottom-alt: auto; mso-element: frame; mso-element-frame-hspace: 7.1pt; mso-element-wrap: around; mso-element-anchor-vertical: paragraph; mso-element-anchor-horizontal: margin; mso-element-left: center; mso-element-top: .05pt; mso-height-rule: exactly;\"><strong style=\"mso-bidi-font-weight: normal;\"><span style=\"font-size: 9.0pt; line-height: 115%; font-family: 'Arial','sans-serif'; mso-fareast-font-family: 'Times New Roman';\">13:00-15:00<\/span><\/strong><\/p>\n<p class=\"MsoNormal\" style=\"margin-bottom: .0001pt; line-height: normal; mso-element: frame; mso-element-frame-hspace: 7.1pt; mso-element-wrap: around; mso-element-anchor-vertical: paragraph; mso-element-anchor-horizontal: margin; mso-element-left: center; mso-element-top: .05pt; mso-height-rule: exactly;\"><span style=\"font-size: 9.0pt; font-family: 'Arial','sans-serif'; mso-fareast-font-family: 'Times New Roman'; color: red;\">Neuer Ort: Thelemangasse 4 (bei Hernalser G\u00fcrtel, Station U6\/ Alserstr.)<\/span><\/p>\n<p class=\"MsoNormal\" style=\"mso-margin-top-alt: auto; margin-right: 2.85pt; mso-margin-bottom-alt: auto; mso-element: frame; mso-element-frame-hspace: 7.1pt; mso-element-wrap: around; mso-element-anchor-vertical: paragraph; mso-element-anchor-horizontal: margin; mso-element-left: center; mso-element-top: .05pt; mso-height-rule: exactly;\"><span class=\"hps\"><strong style=\"mso-bidi-font-weight: normal;\"><span style=\"font-size: 9.0pt; line-height: 115%; font-family: 'Arial','sans-serif'; text-transform: uppercase; letter-spacing: -.5pt;\"> <\/span><\/strong><\/span><\/p>\n<\/td>\n<td style=\"width: 299.55pt; border-top: none; border-left: none; border-bottom: solid windowtext 1.0pt; border-right: solid windowtext 1.0pt; mso-border-top-alt: solid windowtext .5pt; mso-border-left-alt: solid windowtext .5pt; mso-border-alt: solid windowtext .5pt; padding: 2.85pt 4.25pt 2.85pt 4.25pt;\" width=\"399\" valign=\"top\">\n<p class=\"MsoNormal\" style=\"margin-bottom: .0001pt; line-height: normal; mso-element: frame; mso-element-frame-hspace: 7.1pt; mso-element-wrap: around; mso-element-anchor-vertical: paragraph; mso-element-anchor-horizontal: margin; mso-element-left: center; mso-element-top: .05pt; mso-height-rule: exactly;\"><strong style=\"mso-bidi-font-weight: normal;\"><span style=\"font-size: 9.0pt; font-family: 'Arial','sans-serif'; mso-fareast-font-family: 'Times New Roman'; color: #e2032f; mso-ansi-language: EN-GB;\" lang=\"EN-GB\">Panel Discussion III<\/span><\/strong><span style=\"font-size: 9.0pt; font-family: 'Arial','sans-serif'; mso-fareast-font-family: 'Times New Roman';\"><span style=\"mso-tab-count: 4;\"> <\/span><\/span><\/p>\n<p class=\"MsoNormal\" style=\"margin-top: 5.0pt; margin-right: 0cm; margin-bottom: .0001pt; margin-left: 0cm; line-height: normal; mso-element: frame; mso-element-frame-hspace: 7.1pt; mso-element-wrap: around; mso-element-anchor-vertical: paragraph; mso-element-anchor-horizontal: margin; mso-element-left: center; mso-element-top: .05pt; mso-height-rule: exactly;\"><strong style=\"mso-bidi-font-weight: normal;\"><span style=\"font-size: 9.0pt; font-family: 'Arial','sans-serif'; mso-fareast-font-family: 'Times New Roman';\">WIE DER GEFAHR VON RECHTSEXTREMISMUS UND RECHTSPOPULISMUS BEGEGNEN? \/<\/span><\/strong><\/p>\n<p class=\"MsoNormal\" style=\"margin-bottom: .0001pt; line-height: normal; mso-element: frame; mso-element-frame-hspace: 7.1pt; mso-element-wrap: around; mso-element-anchor-vertical: paragraph; mso-element-anchor-horizontal: margin; mso-element-left: center; mso-element-top: .05pt; mso-height-rule: exactly;\"><strong style=\"mso-bidi-font-weight: normal;\"><span style=\"font-size: 9.0pt; font-family: 'Arial','sans-serif'; mso-fareast-font-family: 'Times New Roman'; mso-ansi-language: EN-GB;\" lang=\"EN-GB\">HOW TO COUNTERACT RIGHTWING EXTREMISM AND RIGHTWING POPULISM?<\/span><\/strong><\/p>\n<p class=\"MsoNormal\" style=\"margin-top: 5.0pt; margin-right: 0cm; margin-bottom: .0001pt; margin-left: 0cm; line-height: normal; mso-element: frame; mso-element-frame-hspace: 7.1pt; mso-element-wrap: around; mso-element-anchor-vertical: paragraph; mso-element-anchor-horizontal: margin; mso-element-left: center; mso-element-top: .05pt; mso-height-rule: exactly;\"><span style=\"font-size: 9.0pt; font-family: 'Arial','sans-serif'; mso-fareast-font-family: 'Times New Roman'; mso-ansi-language: EN-GB;\" lang=\"EN-GB\">As  a consequence of the global crises the upsurge of rightwing extremism  and rightwing populism in Central and Eastern Europe represents a  serious threat to any form of democracy. How should we face this threat  in the framework of democratic and anticapitalist alliances?<\/span><\/p>\n<p class=\"MsoNormal\" style=\"margin-top: 5.0pt; margin-right: 0cm; margin-bottom: .0001pt; margin-left: 0cm; line-height: normal; mso-element: frame; mso-element-frame-hspace: 7.1pt; mso-element-wrap: around; mso-element-anchor-vertical: paragraph; mso-element-anchor-horizontal: margin; mso-element-left: center; mso-element-top: .05pt; mso-height-rule: exactly;\"><span style=\"font-size: 9.0pt; font-family: 'Arial','sans-serif'; mso-fareast-font-family: 'Times New Roman';\">Als  Folge der globalen Krisen bilden Rechtsextremismus und Rechtspopulismus  in Mittel- und Osteuropa eine ernsthafte Bedrohung f\u00fcr jede Art von  Demokratie. Wie k\u00f6nnen wir dieser Gefahr im Rahmen demokratischer und  antikapitalistischer Allianzen begegnen?<span style=\"mso-spacerun: yes;\"> <\/span> <\/span><\/p>\n<p class=\"MsoNormal\" style=\"margin-top: 5.0pt; margin-right: 0cm; margin-bottom: .0001pt; margin-left: 0cm; line-height: normal; mso-element: frame; mso-element-frame-hspace: 7.1pt; mso-element-wrap: around; mso-element-anchor-vertical: paragraph; mso-element-anchor-horizontal: margin; mso-element-left: center; mso-element-top: .05pt; mso-height-rule: exactly;\"><strong style=\"mso-bidi-font-weight: normal;\"><em style=\"mso-bidi-font-style: normal;\"><span style=\"font-size: 9.0pt; font-family: 'Arial','sans-serif'; mso-fareast-font-family: 'Times New Roman';\">Sergei Kirichuk<\/span><\/em><\/strong><span style=\"font-size: 9.0pt; font-family: 'Arial','sans-serif'; mso-fareast-font-family: 'Times New Roman';\"> (Borotba \u2013 Ukraine),<\/span> <span style=\"font-size: 9.0pt; font-family: 'Arial','sans-serif'; mso-fareast-font-family: 'Times New Roman';\">Iosif Abramson (Politologist \u2013 Russia), <strong style=\"mso-bidi-font-weight: normal;\"><em style=\"mso-bidi-font-style: normal;\">David Ellensohn<\/em><\/strong> (Die GR\u00dcNEN \u2013 Wien, Austria), <strong style=\"mso-bidi-font-weight: normal;\"><em style=\"mso-bidi-font-style: normal;\">Piotr Kawiorski<\/em><\/strong><span style=\"mso-spacerun: yes;\"> <\/span>(Trade Unionist, Polen) u.a. Coordination: <strong style=\"mso-bidi-font-weight: normal;\"><em style=\"mso-bidi-font-style: normal;\">Hermann Dworczak<\/em><\/strong><\/span><\/p>\n<\/td>\n<\/tr>\n<tr style=\"mso-yfti-irow: 7;\">\n<td style=\"width: 73.25pt; border: solid windowtext 1.0pt; border-top: none; mso-border-top-alt: solid windowtext .5pt; mso-border-alt: solid windowtext .5pt; padding: 2.85pt 4.25pt 2.85pt 4.25pt;\" width=\"98\" valign=\"top\">\n<p class=\"MsoNormal\" style=\"margin-bottom: .0001pt; line-height: normal; mso-element: frame; mso-element-frame-hspace: 7.1pt; mso-element-wrap: around; mso-element-anchor-vertical: paragraph; mso-element-anchor-horizontal: margin; mso-element-left: center; mso-element-top: .05pt; mso-height-rule: exactly;\"><strong style=\"mso-bidi-font-weight: normal;\"><span style=\"font-size: 9.0pt; font-family: 'Arial','sans-serif'; mso-fareast-font-family: 'Times New Roman';\">15:30-18:00<\/span><\/strong><\/p>\n<p class=\"MsoNormal\" style=\"margin-bottom: .0001pt; line-height: normal; mso-element: frame; mso-element-frame-hspace: 7.1pt; mso-element-wrap: around; mso-element-anchor-vertical: paragraph; mso-element-anchor-horizontal: margin; mso-element-left: center; mso-element-top: .05pt; mso-height-rule: exactly;\"><span style=\"font-size: 9.0pt; font-family: 'Arial','sans-serif'; mso-fareast-font-family: 'Times New Roman'; color: red;\"> <\/span><\/p>\n<p class=\"MsoNormal\" style=\"margin-bottom: .0001pt; line-height: normal; mso-element: frame; mso-element-frame-hspace: 7.1pt; mso-element-wrap: around; mso-element-anchor-vertical: paragraph; mso-element-anchor-horizontal: margin; mso-element-left: center; mso-element-top: .05pt; mso-height-rule: exactly;\"><span style=\"font-size: 9.0pt; font-family: 'Arial','sans-serif'; mso-fareast-font-family: 'Times New Roman'; color: red;\">Neuer Ort: <\/span><\/p>\n<p class=\"MsoNormal\" style=\"margin-bottom: .0001pt; line-height: normal; mso-element: frame; mso-element-frame-hspace: 7.1pt; mso-element-wrap: around; mso-element-anchor-vertical: paragraph; mso-element-anchor-horizontal: margin; mso-element-left: center; mso-element-top: .05pt; mso-height-rule: exactly;\"><span style=\"font-size: 9.0pt; font-family: 'Arial','sans-serif'; mso-fareast-font-family: 'Times New Roman'; color: red;\">Afro-Asiatisches Institut, 1090 Wien, T\u00fcrkenstr. 3<\/span><\/p>\n<p class=\"MsoNormal\" style=\"margin-bottom: .0001pt; line-height: normal; mso-element: frame; mso-element-frame-hspace: 7.1pt; mso-element-wrap: around; mso-element-anchor-vertical: paragraph; mso-element-anchor-horizontal: margin; mso-element-left: center; mso-element-top: .05pt; mso-height-rule: exactly;\"><span style=\"font-size: 9.0pt; font-family: 'Arial','sans-serif'; mso-fareast-font-family: 'Times New Roman'; color: red;\"> <\/span><\/p>\n<p class=\"MsoNormal\" style=\"margin-bottom: .0001pt; line-height: normal; mso-element: frame; mso-element-frame-hspace: 7.1pt; mso-element-wrap: around; mso-element-anchor-vertical: paragraph; mso-element-anchor-horizontal: margin; mso-element-left: center; mso-element-top: .05pt; mso-height-rule: exactly;\"><span style=\"font-size: 9.0pt; font-family: 'Arial','sans-serif'; mso-fareast-font-family: 'Times New Roman'; color: red;\"> <\/span><\/p>\n<p class=\"MsoNormal\" style=\"margin-bottom: .0001pt; line-height: normal; mso-element: frame; mso-element-frame-hspace: 7.1pt; mso-element-wrap: around; mso-element-anchor-vertical: paragraph; mso-element-anchor-horizontal: margin; mso-element-left: center; mso-element-top: .05pt; mso-height-rule: exactly;\"><span style=\"font-size: 9.0pt; font-family: 'Arial','sans-serif'; mso-fareast-font-family: 'Times New Roman'; color: red;\"> <\/span><\/p>\n<p class=\"MsoNormal\" style=\"margin-bottom: .0001pt; line-height: normal; mso-element: frame; mso-element-frame-hspace: 7.1pt; mso-element-wrap: around; mso-element-anchor-vertical: paragraph; mso-element-anchor-horizontal: margin; mso-element-left: center; mso-element-top: .05pt; mso-height-rule: exactly;\"><span style=\"font-size: 9.0pt; font-family: 'Arial','sans-serif'; mso-fareast-font-family: 'Times New Roman'; color: red;\"> <\/span><\/p>\n<p class=\"MsoNormal\" style=\"margin-bottom: .0001pt; line-height: normal; mso-element: frame; mso-element-frame-hspace: 7.1pt; mso-element-wrap: around; mso-element-anchor-vertical: paragraph; mso-element-anchor-horizontal: margin; mso-element-left: center; mso-element-top: .05pt; mso-height-rule: exactly;\"><span style=\"font-size: 9.0pt; font-family: 'Arial','sans-serif'; mso-fareast-font-family: 'Times New Roman'; color: red;\"> <\/span><\/p>\n<p class=\"MsoNormal\" style=\"margin-bottom: .0001pt; line-height: normal; mso-element: frame; mso-element-frame-hspace: 7.1pt; mso-element-wrap: around; mso-element-anchor-vertical: paragraph; mso-element-anchor-horizontal: margin; mso-element-left: center; mso-element-top: .05pt; mso-height-rule: exactly;\"><span style=\"font-size: 9.0pt; font-family: 'Arial','sans-serif'; mso-fareast-font-family: 'Times New Roman'; color: red;\"> <\/span><\/p>\n<p class=\"MsoNormal\" style=\"margin-bottom: .0001pt; line-height: normal; mso-element: frame; mso-element-frame-hspace: 7.1pt; mso-element-wrap: around; mso-element-anchor-vertical: paragraph; mso-element-anchor-horizontal: margin; mso-element-left: center; mso-element-top: .05pt; mso-height-rule: exactly;\"><span style=\"font-size: 9.0pt; font-family: 'Arial','sans-serif'; mso-fareast-font-family: 'Times New Roman'; color: red;\"> <\/span><\/p>\n<p class=\"MsoNormal\" style=\"margin-bottom: .0001pt; line-height: normal; mso-element: frame; mso-element-frame-hspace: 7.1pt; mso-element-wrap: around; mso-element-anchor-vertical: paragraph; mso-element-anchor-horizontal: margin; mso-element-left: center; mso-element-top: .05pt; mso-height-rule: exactly;\"><span style=\"mso-fareast-font-family: 'Times New Roman';\"> <\/span><\/p>\n<\/td>\n<td style=\"width: 299.55pt; border-top: none; border-left: none; border-bottom: solid windowtext 1.0pt; border-right: solid windowtext 1.0pt; mso-border-top-alt: solid windowtext .5pt; mso-border-left-alt: solid windowtext .5pt; mso-border-alt: solid windowtext .5pt; padding: 2.85pt 4.25pt 2.85pt 4.25pt;\" width=\"399\" valign=\"top\">\n<p class=\"MsoNormal\" style=\"margin-bottom: .0001pt; line-height: normal; mso-element: frame; mso-element-frame-hspace: 7.1pt; mso-element-wrap: around; mso-element-anchor-vertical: paragraph; mso-element-anchor-horizontal: margin; mso-element-left: center; mso-element-top: .05pt; mso-height-rule: exactly;\"><strong style=\"mso-bidi-font-weight: normal;\"><span style=\"font-size: 9.0pt; font-family: 'Arial','sans-serif'; mso-fareast-font-family: 'Times New Roman'; color: #e2032f; mso-ansi-language: EN-GB;\" lang=\"EN-GB\">Seminaries<\/span><\/strong><\/p>\n<p class=\"MsoListParagraph\" style=\"margin-top: 5.0pt; margin-right: 0cm; margin-bottom: .0001pt; margin-left: 7.75pt; text-indent: -7.75pt; line-height: normal; mso-list: l1 level1 lfo1; mso-element: frame; mso-element-frame-hspace: 7.1pt; mso-element-wrap: around; mso-element-anchor-vertical: paragraph; mso-element-anchor-horizontal: margin; mso-element-left: center; mso-element-top: .05pt; mso-height-rule: exactly;\"><span style=\"font-size: 9.0pt; font-family: Symbol; mso-fareast-font-family: Symbol; mso-bidi-font-family: Symbol;\"><span style=\"mso-list: Ignore;\">\u00b7<span style=\"font: 7.0pt 'Times New Roman';\"> <\/span><\/span><\/span><span style=\"font-size: 9.0pt; font-family: 'Arial','sans-serif'; mso-fareast-font-family: 'Times New Roman';\">NATIONAL PROFILES OF RIGHT WING EXTREMISMS\/ <span style=\"text-transform: uppercase;\">Exemplarische<\/span> <span style=\"text-transform: uppercase;\">L\u00e4nderstudien zum Rechtsextremismus: <\/span>Russland, Ukraine, Polen. <\/span><\/p>\n<p class=\"MsoListParagraph\" style=\"margin-top: 5.0pt; margin-right: 0cm; margin-bottom: .0001pt; margin-left: 7.75pt; text-indent: -7.75pt; line-height: normal; mso-list: l1 level1 lfo1; mso-element: frame; mso-element-frame-hspace: 7.1pt; mso-element-wrap: around; mso-element-anchor-vertical: paragraph; mso-element-anchor-horizontal: margin; mso-element-left: center; mso-element-top: .05pt; mso-height-rule: exactly;\"><span style=\"font-size: 9.0pt; font-family: Symbol; mso-fareast-font-family: Symbol; mso-bidi-font-family: Symbol;\"><span style=\"mso-list: Ignore;\">\u00b7<span style=\"font: 7.0pt 'Times New Roman';\"> <\/span><\/span><\/span><span style=\"font-size: 9.0pt; font-family: 'Arial','sans-serif'; mso-fareast-font-family: 'Times New Roman'; text-transform: uppercase; mso-ansi-language: EN-GB;\" lang=\"EN-GB\">Another Economy for another Europe? <\/span><span style=\"font-size: 9.0pt; font-family: 'Arial','sans-serif'; mso-fareast-font-family: 'Times New Roman'; text-transform: uppercase;\">The  economic and social situation in Eastern Europe and the Euro-crisis \/  Eine andere Wirtschaft f\u00fcr ein anderes Europa? Die wirtschaftliche und  soziale Lage in Osteuropa und die Euro-Krise<span style=\"mso-spacerun: yes;\"> <\/span><\/span><\/p>\n<p class=\"MsoNormal\" style=\"margin-top: 5.0pt; margin-right: 0cm; margin-bottom: .0001pt; margin-left: 7.75pt; line-height: normal; mso-element: frame; mso-element-frame-hspace: 7.1pt; mso-element-wrap: around; mso-element-anchor-vertical: paragraph; mso-element-anchor-horizontal: margin; mso-element-left: center; mso-element-top: .05pt; mso-height-rule: exactly;\"><strong style=\"mso-bidi-font-weight: normal;\"><em style=\"mso-bidi-font-style: normal;\"><span style=\"font-size: 9.0pt; font-family: 'Arial','sans-serif'; mso-fareast-font-family: 'Times New Roman';\">Peter Farkas \/ Matyas Benyik<\/span><\/em><\/strong><span style=\"font-size: 9.0pt; font-family: 'Arial','sans-serif'; mso-fareast-font-family: 'Times New Roman';\"> (ATTAC-Hungary); <strong style=\"mso-bidi-font-weight: normal;\"><em style=\"mso-bidi-font-style: normal;\">Isabelle Bourboulon <\/em><\/strong>(ATTAC-France); <strong style=\"mso-bidi-font-weight: normal;\"><em style=\"mso-bidi-font-style: normal;\">Stefan Hinsch \/ Albert Reiterer<\/em><\/strong> (Uni-Wien) Coordination: <strong style=\"mso-bidi-font-weight: normal;\"><em style=\"mso-bidi-font-style: normal;\">Wilhelm Langthaler <\/em><\/strong><em style=\"mso-bidi-font-style: normal;\">(Austria)<\/em><\/span><\/p>\n<p class=\"MsoListParagraph\" style=\"margin-top: 5.0pt; margin-right: 0cm; margin-bottom: .0001pt; margin-left: 7.75pt; text-indent: -7.75pt; line-height: normal; mso-list: l0 level1 lfo2; mso-element: frame; mso-element-frame-hspace: 7.1pt; mso-element-wrap: around; mso-element-anchor-vertical: paragraph; mso-element-anchor-horizontal: margin; mso-element-left: center; mso-element-top: .05pt; mso-height-rule: exactly;\"><span style=\"font-family: Symbol; mso-fareast-font-family: Symbol; mso-bidi-font-family: Symbol;\"><span style=\"mso-list: Ignore;\">\u00b7<span style=\"font: 7.0pt 'Times New Roman';\"> <\/span><\/span><\/span><span style=\"font-size: 9.0pt; font-family: 'Arial','sans-serif'; mso-fareast-font-family: 'Times New Roman'; text-transform: uppercase;\">Health <span style=\"mso-spacerun: yes;\"> <\/span>\/ Gesundheit<\/span> F\u00dcR ALLE (<strong style=\"mso-bidi-font-weight: normal;\"><em style=\"mso-bidi-font-style: normal;\">Andreas Exner<\/em><\/strong>, Austria) \u2013 Beginn: 16 Uhr<\/p>\n<p class=\"MsoListParagraph\" style=\"margin-top: 5.0pt; margin-right: 0cm; margin-bottom: .0001pt; margin-left: 7.75pt; text-indent: -7.75pt; line-height: normal; mso-list: l0 level1 lfo2; mso-element: frame; mso-element-frame-hspace: 7.1pt; mso-element-wrap: around; mso-element-anchor-vertical: paragraph; mso-element-anchor-horizontal: margin; mso-element-left: center; mso-element-top: .05pt; mso-height-rule: exactly;\"><span style=\"font-size: 9.0pt; font-family: Symbol; mso-fareast-font-family: Symbol; mso-bidi-font-family: Symbol;\"><span style=\"mso-list: Ignore;\">\u00b7<span style=\"font: 7.0pt 'Times New Roman';\"> <\/span><\/span><\/span><span style=\"font-size: 9.0pt; font-family: 'Arial','sans-serif'; mso-fareast-font-family: 'Times New Roman'; text-transform: uppercase;\">Bildung \/ Education<\/span><span style=\"font-size: 9.0pt; font-family: 'Arial','sans-serif'; mso-fareast-font-family: 'Times New Roman';\"> (<strong style=\"mso-bidi-font-weight: normal;\"><em style=\"mso-bidi-font-style: normal;\">Zoltan Zarandy<\/em><\/strong> (LMP<span style=\"mso-spacerun: yes;\"> <\/span>&#8211; Gr\u00fcne Partei, Ungarn)<\/span><\/p>\n<p class=\"MsoListParagraph\" style=\"margin-top: 5.0pt; margin-right: 0cm; margin-bottom: .0001pt; margin-left: 7.75pt; line-height: normal; mso-element: frame; mso-element-frame-hspace: 7.1pt; mso-element-wrap: around; mso-element-anchor-vertical: paragraph; mso-element-anchor-horizontal: margin; mso-element-left: center; mso-element-top: .05pt; mso-height-rule: exactly;\"><span class=\"hps\"><span style=\"font-size: 9.0pt; font-family: 'Arial','sans-serif';\"> <\/span><\/span><\/p>\n<\/td>\n<\/tr>\n<tr style=\"mso-yfti-irow: 8;\">\n<td style=\"width: 372.8pt; border: solid windowtext 1.0pt; border-top: none; mso-border-top-alt: solid windowtext .5pt; mso-border-alt: solid windowtext .5pt; background: #4E97CC; padding: 2.85pt 4.25pt 2.85pt 4.25pt;\" colspan=\"2\" width=\"497\" valign=\"top\">\n<p class=\"MsoNormal\" style=\"mso-margin-top-alt: auto; margin-right: 2.85pt; mso-margin-bottom-alt: auto; text-align: center; mso-element: frame; mso-element-frame-hspace: 7.1pt; mso-element-wrap: around; mso-element-anchor-vertical: paragraph; mso-element-anchor-horizontal: margin; mso-element-left: center; mso-element-top: .05pt; mso-height-rule: exactly;\" align=\"center\"><strong style=\"mso-bidi-font-weight: normal;\"><span style=\"font-size: 10.0pt; line-height: 115%; font-family: 'Arial','sans-serif'; mso-fareast-font-family: 'Times New Roman'; color: white; mso-ansi-language: EN-GB;\" lang=\"EN-GB\">Saturday, May 4<sup>th<\/sup> \/ Samstag 4. Mai<\/span><\/strong><\/p>\n<\/td>\n<\/tr>\n<tr style=\"mso-yfti-irow: 9;\">\n<td style=\"width: 73.25pt; border: solid windowtext 1.0pt; border-top: none; mso-border-top-alt: solid windowtext .5pt; mso-border-alt: solid windowtext .5pt; padding: 2.85pt 4.25pt 2.85pt 4.25pt;\" width=\"98\" valign=\"top\">\n<p class=\"MsoNormal\" style=\"mso-margin-top-alt: auto; margin-right: 2.85pt; mso-margin-bottom-alt: auto; mso-element: frame; mso-element-frame-hspace: 7.1pt; mso-element-wrap: around; mso-element-anchor-vertical: paragraph; mso-element-anchor-horizontal: margin; mso-element-left: center; mso-element-top: .05pt; mso-height-rule: exactly;\"><strong style=\"mso-bidi-font-weight: normal;\"><span style=\"font-size: 9.0pt; line-height: 115%; font-family: 'Arial','sans-serif'; mso-fareast-font-family: 'Times New Roman'; mso-ansi-language: DE;\" lang=\"DE\">9:00 &#8211; 12:00<\/span><\/strong><\/p>\n<p class=\"MsoNormal\" style=\"margin-bottom: .0001pt; line-height: normal; mso-element: frame; mso-element-frame-hspace: 7.1pt; mso-element-wrap: around; mso-element-anchor-vertical: paragraph; mso-element-anchor-horizontal: margin; mso-element-left: center; mso-element-top: .05pt; mso-height-rule: exactly;\"><span style=\"font-size: 9.0pt; font-family: 'Arial','sans-serif'; mso-fareast-font-family: 'Times New Roman';\">H\u00f6rsaal D <\/span><\/p>\n<p class=\"MsoNormal\" style=\"margin-bottom: .0001pt; line-height: normal; mso-element: frame; mso-element-frame-hspace: 7.1pt; mso-element-wrap: around; mso-element-anchor-vertical: paragraph; mso-element-anchor-horizontal: margin; mso-element-left: center; mso-element-top: .05pt; mso-height-rule: exactly;\"><span style=\"font-size: 9.0pt; font-family: 'Arial','sans-serif'; mso-fareast-font-family: 'Times New Roman';\">Hof 10 <\/span><\/p>\n<p class=\"MsoNormal\" style=\"margin-bottom: .0001pt; line-height: normal; mso-element: frame; mso-element-frame-hspace: 7.1pt; mso-element-wrap: around; mso-element-anchor-vertical: paragraph; mso-element-anchor-horizontal: margin; mso-element-left: center; mso-element-top: .05pt; mso-height-rule: exactly;\"><span style=\"font-size: 9.0pt; font-family: 'Arial','sans-serif'; mso-fareast-font-family: 'Times New Roman';\">(Alte Anatomie)<\/span><\/p>\n<p class=\"MsoNormal\" style=\"mso-margin-top-alt: auto; margin-right: 2.85pt; mso-margin-bottom-alt: auto; mso-element: frame; mso-element-frame-hspace: 7.1pt; mso-element-wrap: around; mso-element-anchor-vertical: paragraph; mso-element-anchor-horizontal: margin; mso-element-left: center; mso-element-top: .05pt; mso-height-rule: exactly;\"><span class=\"hps\"><strong style=\"mso-bidi-font-weight: normal;\"><span style=\"font-size: 9.0pt; line-height: 115%; font-family: 'Arial','sans-serif'; text-transform: uppercase; letter-spacing: -.5pt;\"> <\/span><\/strong><\/span><\/p>\n<\/td>\n<td style=\"width: 299.55pt; border-top: none; border-left: none; border-bottom: solid windowtext 1.0pt; border-right: solid windowtext 1.0pt; mso-border-top-alt: solid windowtext .5pt; mso-border-left-alt: solid windowtext .5pt; mso-border-alt: solid windowtext .5pt; padding: 2.85pt 4.25pt 2.85pt 4.25pt;\" width=\"399\" valign=\"top\">\n<p class=\"MsoNormal\" style=\"margin-bottom: .0001pt; line-height: normal; mso-element: frame; mso-element-frame-hspace: 7.1pt; mso-element-wrap: around; mso-element-anchor-vertical: paragraph; mso-element-anchor-horizontal: margin; mso-element-left: center; mso-element-top: .05pt; mso-height-rule: exactly;\"><strong style=\"mso-bidi-font-weight: normal;\"><span style=\"font-size: 9.0pt; font-family: 'Arial','sans-serif'; mso-fareast-font-family: 'Times New Roman'; color: #e2032f; mso-ansi-language: EN-GB;\" lang=\"EN-GB\">Panel Discussion IV<\/span><\/strong><\/p>\n<p class=\"MsoNormal\" style=\"margin-top: 5.0pt; margin-right: 0cm; margin-bottom: .0001pt; margin-left: 0cm; line-height: normal; mso-element: frame; mso-element-frame-hspace: 7.1pt; mso-element-wrap: around; mso-element-anchor-vertical: paragraph; mso-element-anchor-horizontal: margin; mso-element-left: center; mso-element-top: .05pt; mso-height-rule: exactly;\"><strong style=\"mso-bidi-font-weight: normal;\"><span style=\"font-size: 9.0pt; font-family: 'Arial','sans-serif'; mso-fareast-font-family: 'Times New Roman'; mso-ansi-language: DE;\" lang=\"DE\">WOMEN AND RESISTANCE: FROM SELF-EMPOWERMENT<br \/>\nTO SOCIAL TRANSFORMATION \/<\/span><\/strong><span style=\"font-size: 9.0pt; font-family: 'Arial','sans-serif'; mso-ansi-language: DE;\" lang=\"DE\"><br \/>\n<\/span><strong style=\"mso-bidi-font-weight: normal;\"><span style=\"font-size: 9.0pt; font-family: 'Arial','sans-serif'; mso-fareast-font-family: 'Times New Roman';\">FRAUEN UND WIDERSTAND: VOM EMPOWERMENT ZUM GESELLSCHAFTLICHEN WANDEL<\/span><\/strong><\/p>\n<p class=\"MsoNormal\" style=\"margin-top: 5.0pt; margin-right: 0cm; margin-bottom: .0001pt; margin-left: 0cm; line-height: normal; mso-element: frame; mso-element-frame-hspace: 7.1pt; mso-element-wrap: around; mso-element-anchor-vertical: paragraph; mso-element-anchor-horizontal: margin; mso-element-left: center; mso-element-top: .05pt; mso-height-rule: exactly;\"><span style=\"font-size: 9.0pt; font-family: 'Arial','sans-serif'; mso-fareast-font-family: 'Times New Roman'; mso-ansi-language: EN-GB;\" lang=\"EN-GB\">Women  always have been at the roots of social transformation; however only in  recent times they have managed to question and partially overcome the  fundaments of patriarchal cultures. What are the lessons to draw from  this struggle for life?<\/span><\/p>\n<p class=\"MsoNormal\" style=\"margin-top: 5.0pt; margin-right: 0cm; margin-bottom: .0001pt; margin-left: 0cm; line-height: normal; mso-element: frame; mso-element-frame-hspace: 7.1pt; mso-element-wrap: around; mso-element-anchor-vertical: paragraph; mso-element-anchor-horizontal: margin; mso-element-left: center; mso-element-top: .05pt; mso-height-rule: exactly;\"><span style=\"font-size: 9.0pt; font-family: 'Arial','sans-serif'; mso-fareast-font-family: 'Times New Roman';\">Frauen  sind schon immer an der Wurzel gesellschaftlichen Wandels gewesen; aber  erst in j\u00fcngster Zeit haben sie die Fundamente der patriarchalen  Kulturen hinterfragt und teilweise \u00fcberwunden. Welche Lehren m\u00fcssen aus  diesem Kampf f\u00fcr das Leben gezogen werden?<\/span><\/p>\n<p class=\"MsoNormal\" style=\"margin-top: 5.0pt; margin-right: 0cm; margin-bottom: .0001pt; margin-left: 0cm; line-height: normal; mso-element: frame; mso-element-frame-hspace: 7.1pt; mso-element-wrap: around; mso-element-anchor-vertical: paragraph; mso-element-anchor-horizontal: margin; mso-element-left: center; mso-element-top: .05pt; mso-height-rule: exactly;\"><strong style=\"mso-bidi-font-weight: normal;\"><em style=\"mso-bidi-font-style: normal;\"><span style=\"font-size: 9.0pt; font-family: 'Arial','sans-serif'; mso-fareast-font-family: 'Times New Roman';\">Monika Karbowska<\/span><\/em><\/strong><span style=\"font-size: 9.0pt; font-family: 'Arial','sans-serif'; mso-fareast-font-family: 'Times New Roman';\"> (Polen), <strong style=\"mso-bidi-font-weight: normal;\"><em style=\"mso-bidi-font-style: normal;\">Eva Brenner<\/em><\/strong> (Experimentaltheater \u2013 New York \/ Vienna), <strong style=\"mso-bidi-font-weight: normal;\"><em style=\"mso-bidi-font-style: normal;\">Elisabeth List<\/em><\/strong> (Linke Steiermark, Austria) etc.<\/span><\/p>\n<\/td>\n<\/tr>\n<tr style=\"mso-yfti-irow: 10;\">\n<td style=\"width: 73.25pt; border: solid windowtext 1.0pt; border-top: none; mso-border-top-alt: solid windowtext .5pt; mso-border-alt: solid windowtext .5pt; padding: 2.85pt 4.25pt 2.85pt 4.25pt;\" width=\"98\" valign=\"top\">\n<p class=\"MsoNormal\" style=\"margin-bottom: .0001pt; line-height: normal; mso-element: frame; mso-element-frame-hspace: 7.1pt; mso-element-wrap: around; mso-element-anchor-vertical: paragraph; mso-element-anchor-horizontal: margin; mso-element-left: center; mso-element-top: .05pt; mso-height-rule: exactly;\"><strong style=\"mso-bidi-font-weight: normal;\"><span style=\"font-size: 9.0pt; font-family: 'Arial','sans-serif'; mso-fareast-font-family: 'Times New Roman';\">11:00 \u2013 14:00 <\/span><\/strong><\/p>\n<p class=\"MsoNormal\" style=\"margin-bottom: .0001pt; line-height: normal; mso-element: frame; mso-element-frame-hspace: 7.1pt; mso-element-wrap: around; mso-element-anchor-vertical: paragraph; mso-element-anchor-horizontal: margin; mso-element-left: center; mso-element-top: .05pt; mso-height-rule: exactly;\"><span style=\"font-size: 9.0pt; font-family: 'Arial','sans-serif'; mso-fareast-font-family: 'Times New Roman';\"> <\/span><\/p>\n<p class=\"MsoNormal\" style=\"margin-bottom: .0001pt; line-height: normal; mso-element: frame; mso-element-frame-hspace: 7.1pt; mso-element-wrap: around; mso-element-anchor-vertical: paragraph; mso-element-anchor-horizontal: margin; mso-element-left: center; mso-element-top: .05pt; mso-height-rule: exactly;\"><span style=\"font-size: 9.0pt; font-family: 'Arial','sans-serif'; mso-fareast-font-family: 'Times New Roman';\">Sinologie<\/span><\/p>\n<p class=\"MsoNormal\" style=\"margin-bottom: .0001pt; line-height: normal; mso-element: frame; mso-element-frame-hspace: 7.1pt; mso-element-wrap: around; mso-element-anchor-vertical: paragraph; mso-element-anchor-horizontal: margin; mso-element-left: center; mso-element-top: .05pt; mso-height-rule: exactly;\"><span style=\"font-size: 9.0pt; font-family: 'Arial','sans-serif'; mso-fareast-font-family: 'Times New Roman';\">2. Hof<\/span><\/p>\n<p class=\"MsoNormal\" style=\"mso-margin-top-alt: auto; margin-right: 2.85pt; mso-margin-bottom-alt: auto; mso-element: frame; mso-element-frame-hspace: 7.1pt; mso-element-wrap: around; mso-element-anchor-vertical: paragraph; mso-element-anchor-horizontal: margin; mso-element-left: center; mso-element-top: .05pt; mso-height-rule: exactly;\"><span class=\"hps\"><strong style=\"mso-bidi-font-weight: normal;\"><span style=\"font-size: 9.0pt; line-height: 115%; font-family: 'Arial','sans-serif'; text-transform: uppercase; letter-spacing: -.5pt; mso-ansi-language: RU;\" lang=\"RU\"> <\/span><\/strong><\/span><\/p>\n<\/td>\n<td style=\"width: 299.55pt; border-top: none; border-left: none; border-bottom: solid windowtext 1.0pt; border-right: solid windowtext 1.0pt; mso-border-top-alt: solid windowtext .5pt; mso-border-left-alt: solid windowtext .5pt; mso-border-alt: solid windowtext .5pt; padding: 2.85pt 4.25pt 2.85pt 4.25pt;\" width=\"399\" valign=\"top\">\n<p class=\"MsoNormal\" style=\"margin-bottom: .0001pt; line-height: normal; mso-element: frame; mso-element-frame-hspace: 7.1pt; mso-element-wrap: around; mso-element-anchor-vertical: paragraph; mso-element-anchor-horizontal: margin; mso-element-left: center; mso-element-top: .05pt; mso-height-rule: exactly;\"><strong style=\"mso-bidi-font-weight: normal;\"><span style=\"font-size: 9.0pt; font-family: 'Arial','sans-serif'; mso-fareast-font-family: 'Times New Roman'; color: #e2032f; mso-ansi-language: EN-GB;\" lang=\"EN-GB\">Panel Discussion V<\/span><\/strong><\/p>\n<p class=\"MsoNormal\" style=\"margin-top: 5.0pt; margin-right: 0cm; margin-bottom: .0001pt; margin-left: 0cm; line-height: normal; mso-element: frame; mso-element-frame-hspace: 7.1pt; mso-element-wrap: around; mso-element-anchor-vertical: paragraph; mso-element-anchor-horizontal: margin; mso-element-left: center; mso-element-top: .05pt; mso-height-rule: exactly;\"><strong style=\"mso-bidi-font-weight: normal;\"><span style=\"font-size: 9.0pt; font-family: 'Arial','sans-serif'; text-transform: uppercase;\">Refugees  and asylum seekers: how to stop legal and political discimination? \/  FL\u00dcCHTLINGE UND asylwerberInnen: wie kann die gesetzliche und politische  diskriminierung gestoppt werden?<\/span><\/strong><\/p>\n<p class=\"MsoNormal\" style=\"margin-top: 5.0pt; margin-right: 0cm; margin-bottom: .0001pt; margin-left: 0cm; line-height: normal; mso-element: frame; mso-element-frame-hspace: 7.1pt; mso-element-wrap: around; mso-element-anchor-vertical: paragraph; mso-element-anchor-horizontal: margin; mso-element-left: center; mso-element-top: .05pt; mso-height-rule: exactly;\"><strong style=\"mso-bidi-font-weight: normal;\"><em style=\"mso-bidi-font-style: normal;\"><span style=\"font-size: 9.0pt; font-family: 'Arial','sans-serif'; mso-fareast-font-family: 'Times New Roman';\">Jahangir Mir<\/span><\/em><\/strong><span style=\"font-size: 9.0pt; font-family: 'Arial','sans-serif'; mso-fareast-font-family: 'Times New Roman';\"> (Kashmir),\u00a0Muhamad<span style=\"mso-spacerun: yes;\"> <\/span>Numan (Pakistan), Unterst\u00fctzerInnen des Refugee-Camps (Austria), <\/span><span style=\"font-size: 9.0pt; font-family: 'Arial','sans-serif'; mso-fareast-font-family: 'Times New Roman'; mso-ansi-language: EN-GB;\" lang=\"EN-GB\">Coordination: <strong style=\"mso-bidi-font-weight: normal;\"><em style=\"mso-bidi-font-style: normal;\">Wilfried Hanser <\/em><\/strong><\/span><\/p>\n<\/td>\n<\/tr>\n<tr style=\"mso-yfti-irow: 11;\">\n<td style=\"width: 73.25pt; border: solid windowtext 1.0pt; border-top: none; mso-border-top-alt: solid windowtext .5pt; mso-border-alt: solid windowtext .5pt; padding: 2.85pt 4.25pt 2.85pt 4.25pt;\" width=\"98\" valign=\"top\">\n<p class=\"MsoNormal\" style=\"margin-bottom: .0001pt; line-height: normal; mso-element: frame; mso-element-frame-hspace: 7.1pt; mso-element-wrap: around; mso-element-anchor-vertical: paragraph; mso-element-anchor-horizontal: margin; mso-element-left: center; mso-element-top: .05pt; mso-height-rule: exactly;\"><strong style=\"mso-bidi-font-weight: normal;\"><span style=\"font-size: 9.0pt; font-family: 'Arial','sans-serif'; mso-fareast-font-family: 'Times New Roman'; mso-ansi-language: EN-GB;\" lang=\"EN-GB\">9:00 \u2013 12:00<\/span><\/strong><\/p>\n<\/td>\n<td style=\"width: 299.55pt; border-top: none; border-left: none; border-bottom: solid windowtext 1.0pt; border-right: solid windowtext 1.0pt; mso-border-top-alt: solid windowtext .5pt; mso-border-left-alt: solid windowtext .5pt; mso-border-alt: solid windowtext .5pt; padding: 2.85pt 4.25pt 2.85pt 4.25pt;\" width=\"399\" valign=\"top\">\n<p class=\"MsoNormal\" style=\"margin-bottom: .0001pt; line-height: normal; mso-element: frame; mso-element-frame-hspace: 7.1pt; mso-element-wrap: around; mso-element-anchor-vertical: paragraph; mso-element-anchor-horizontal: margin; mso-element-left: center; mso-element-top: .05pt; mso-height-rule: exactly;\"><strong style=\"mso-bidi-font-weight: normal;\"><span style=\"font-size: 9.0pt; font-family: 'Arial','sans-serif'; mso-fareast-font-family: 'Times New Roman'; color: #e2032f; mso-ansi-language: EN-GB;\" lang=\"EN-GB\">Seminary \/ Seminar<\/span><\/strong><span style=\"font-size: 9.0pt; font-family: 'Arial','sans-serif'; mso-fareast-font-family: 'Times New Roman'; mso-ansi-language: EN-GB;\" lang=\"EN-GB\"><span style=\"mso-spacerun: yes;\"> <\/span><span style=\"mso-spacerun: yes;\"> <\/span><\/span><\/p>\n<p class=\"MsoNormal\" style=\"margin-top: 5.0pt; margin-right: 0cm; margin-bottom: .0001pt; margin-left: 0cm; line-height: normal; mso-element: frame; mso-element-frame-hspace: 7.1pt; mso-element-wrap: around; mso-element-anchor-vertical: paragraph; mso-element-anchor-horizontal: margin; mso-element-left: center; mso-element-top: .05pt; mso-height-rule: exactly;\"><span style=\"font-size: 9.0pt; font-family: 'Arial','sans-serif'; mso-fareast-font-family: 'Times New Roman'; mso-ansi-language: EN-GB;\" lang=\"EN-GB\">Discussion about the book of Michael Proebsting &#8222;The great Robbery of the\u00a0of the South&#8220;<\/span><\/p>\n<p class=\"MsoNormal\" style=\"margin-bottom: .0001pt; line-height: normal; mso-element: frame; mso-element-frame-hspace: 7.1pt; mso-element-wrap: around; mso-element-anchor-vertical: paragraph; mso-element-anchor-horizontal: margin; mso-element-left: center; mso-element-top: .05pt; mso-height-rule: exactly;\"><strong style=\"mso-bidi-font-weight: normal;\"><em style=\"mso-bidi-font-style: normal;\"><span style=\"font-size: 9.0pt; font-family: 'Arial','sans-serif'; mso-fareast-font-family: 'Times New Roman'; mso-ansi-language: EN-GB;\" lang=\"EN-GB\">Michael Pr\u00f6bsting<\/span><\/em><\/strong><span style=\"font-size: 9.0pt; font-family: 'Arial','sans-serif'; mso-fareast-font-family: 'Times New Roman'; mso-ansi-language: EN-GB;\" lang=\"EN-GB\"> (RK , Austria), <strong style=\"mso-bidi-font-weight: normal;\"><em style=\"mso-bidi-font-style: normal;\">Hermann Dworczak<\/em><\/strong>, Matyas <strong style=\"mso-bidi-font-weight: normal;\"><em style=\"mso-bidi-font-style: normal;\">Benyik<\/em><\/strong> (ATTAC \u2013 Hungary)<\/span><\/p>\n<\/td>\n<\/tr>\n<tr style=\"mso-yfti-irow: 12;\">\n<td style=\"width: 73.25pt; border: solid windowtext 1.0pt; border-top: none; mso-border-top-alt: solid windowtext .5pt; mso-border-alt: solid windowtext .5pt; padding: 2.85pt 4.25pt 2.85pt 4.25pt;\" width=\"98\" valign=\"top\">\n<p class=\"MsoNormal\" style=\"margin-bottom: .0001pt; line-height: normal; mso-element: frame; mso-element-frame-hspace: 7.1pt; mso-element-wrap: around; mso-element-anchor-vertical: paragraph; mso-element-anchor-horizontal: margin; mso-element-left: center; mso-element-top: .05pt; mso-height-rule: exactly;\"><strong style=\"mso-bidi-font-weight: normal;\"><span style=\"font-size: 9.0pt; font-family: 'Arial','sans-serif'; mso-fareast-font-family: 'Times New Roman'; mso-ansi-language: EN-GB;\" lang=\"EN-GB\">13:00 \u2013 15:00<\/span><\/strong><\/p>\n<p class=\"MsoNormal\" style=\"margin-bottom: .0001pt; line-height: normal; mso-element: frame; mso-element-frame-hspace: 7.1pt; mso-element-wrap: around; mso-element-anchor-vertical: paragraph; mso-element-anchor-horizontal: margin; mso-element-left: center; mso-element-top: .05pt; mso-height-rule: exactly;\"><span class=\"hps\"><strong style=\"mso-bidi-font-weight: normal;\"><span style=\"font-size: 9.0pt; font-family: 'Arial','sans-serif'; text-transform: uppercase; letter-spacing: -.5pt; mso-ansi-language: DE;\" lang=\"DE\"> <\/span><\/strong><\/span><\/p>\n<p class=\"MsoNormal\" style=\"margin-bottom: .0001pt; line-height: normal; mso-element: frame; mso-element-frame-hspace: 7.1pt; mso-element-wrap: around; mso-element-anchor-vertical: paragraph; mso-element-anchor-horizontal: margin; mso-element-left: center; mso-element-top: .05pt; mso-height-rule: exactly;\"><span style=\"font-size: 9.0pt; font-family: 'Arial','sans-serif'; mso-fareast-font-family: 'Times New Roman';\">H\u00f6rsaal D <\/span><\/p>\n<p class=\"MsoNormal\" style=\"margin-bottom: .0001pt; line-height: normal; mso-element: frame; mso-element-frame-hspace: 7.1pt; mso-element-wrap: around; mso-element-anchor-vertical: paragraph; mso-element-anchor-horizontal: margin; mso-element-left: center; mso-element-top: .05pt; mso-height-rule: exactly;\"><span style=\"font-size: 9.0pt; font-family: 'Arial','sans-serif'; mso-fareast-font-family: 'Times New Roman';\">Hof 10 <\/span><\/p>\n<p class=\"MsoNormal\" style=\"margin-bottom: .0001pt; line-height: normal; mso-element: frame; mso-element-frame-hspace: 7.1pt; mso-element-wrap: around; mso-element-anchor-vertical: paragraph; mso-element-anchor-horizontal: margin; mso-element-left: center; mso-element-top: .05pt; mso-height-rule: exactly;\"><span style=\"font-size: 9.0pt; font-family: 'Arial','sans-serif'; mso-fareast-font-family: 'Times New Roman';\">(Alte Anatomie)<\/span><\/p>\n<p class=\"MsoNormal\" style=\"margin-bottom: .0001pt; line-height: normal; mso-element: frame; mso-element-frame-hspace: 7.1pt; mso-element-wrap: around; mso-element-anchor-vertical: paragraph; mso-element-anchor-horizontal: margin; mso-element-left: center; mso-element-top: .05pt; mso-height-rule: exactly;\"><span class=\"hps\"><strong style=\"mso-bidi-font-weight: normal;\"><span style=\"font-size: 9.0pt; font-family: 'Arial','sans-serif'; text-transform: uppercase; letter-spacing: -.5pt;\"> <\/span><\/strong><\/span><\/p>\n<\/td>\n<td style=\"width: 299.55pt; border-top: none; border-left: none; border-bottom: solid windowtext 1.0pt; border-right: solid windowtext 1.0pt; mso-border-top-alt: solid windowtext .5pt; mso-border-left-alt: solid windowtext .5pt; mso-border-alt: solid windowtext .5pt; padding: 2.85pt 4.25pt 2.85pt 4.25pt;\" width=\"399\" valign=\"top\">\n<p class=\"MsoNormal\" style=\"margin-bottom: .0001pt; line-height: normal; mso-element: frame; mso-element-frame-hspace: 7.1pt; mso-element-wrap: around; mso-element-anchor-vertical: paragraph; mso-element-anchor-horizontal: margin; mso-element-left: center; mso-element-top: .05pt; mso-height-rule: exactly;\"><strong style=\"mso-bidi-font-weight: normal;\"><span style=\"font-size: 9.0pt; font-family: 'Arial','sans-serif'; mso-fareast-font-family: 'Times New Roman'; color: #e2032f; mso-ansi-language: EN-GB;\" lang=\"EN-GB\">Panel Discussion VI<\/span><\/strong><span style=\"font-size: 9.0pt; font-family: 'Arial','sans-serif'; mso-fareast-font-family: 'Times New Roman'; mso-ansi-language: EN-GB;\" lang=\"EN-GB\"><span style=\"mso-tab-count: 1;\"> <\/span><\/span><\/p>\n<p class=\"MsoNormal\" style=\"margin-top: 5.0pt; margin-right: 0cm; margin-bottom: .0001pt; margin-left: 0cm; line-height: normal; mso-element: frame; mso-element-frame-hspace: 7.1pt; mso-element-wrap: around; mso-element-anchor-vertical: paragraph; mso-element-anchor-horizontal: margin; mso-element-left: center; mso-element-top: .05pt; mso-height-rule: exactly;\"><strong style=\"mso-bidi-font-weight: normal;\"><span style=\"font-size: 9.0pt; font-family: 'Arial','sans-serif'; mso-fareast-font-family: 'Times New Roman'; mso-ansi-language: EN-GB;\" lang=\"EN-GB\">ALTERNATIVES TO SOCIAL PRECARITY: SOLIDARITY ECONOMCS, UNCONDITIONAL BASIC INCOME, PARLAMENTS OF THE UNEMPLOYED \/<\/span><\/strong><\/p>\n<p class=\"MsoNormal\" style=\"margin-bottom: .0001pt; line-height: normal; mso-element: frame; mso-element-frame-hspace: 7.1pt; mso-element-wrap: around; mso-element-anchor-vertical: paragraph; mso-element-anchor-horizontal: margin; mso-element-left: center; mso-element-top: .05pt; mso-height-rule: exactly;\"><strong style=\"mso-bidi-font-weight: normal;\"><span style=\"font-size: 9.0pt; font-family: 'Arial','sans-serif'; mso-fareast-font-family: 'Times New Roman';\">ALTERNATIVEN ZUR SOZIALEN PREKARIT\u00c4T: SOLIDARISCHE \u00d6KONOMIE, BEDINGUNGSLOSES GRUNDEINKOMMEN, ERWERBSLOSENPARLAMENTE<\/span><\/strong><\/p>\n<p class=\"MsoNormal\" style=\"margin-bottom: .0001pt; line-height: normal; mso-element: frame; mso-element-frame-hspace: 7.1pt; mso-element-wrap: around; mso-element-anchor-vertical: paragraph; mso-element-anchor-horizontal: margin; mso-element-left: center; mso-element-top: .05pt; mso-height-rule: exactly;\"><strong style=\"mso-bidi-font-weight: normal;\"><span style=\"text-decoration: underline;\"><span style=\"font-size: 9.0pt; font-family: 'Arial','sans-serif'; mso-fareast-font-family: 'Times New Roman';\"><span style=\"text-decoration: none;\"> <\/span><\/span><\/span><\/strong><\/p>\n<p class=\"MsoNormal\" style=\"margin-bottom: .0001pt; line-height: normal; mso-element: frame; mso-element-frame-hspace: 7.1pt; mso-element-wrap: around; mso-element-anchor-vertical: paragraph; mso-element-anchor-horizontal: margin; mso-element-left: center; mso-element-top: .05pt; mso-height-rule: exactly;\"><strong style=\"mso-bidi-font-weight: normal;\"><em style=\"mso-bidi-font-style: normal;\"><span style=\"font-size: 9.0pt; font-family: 'Arial','sans-serif'; mso-fareast-font-family: 'Times New Roman';\">Erich Fenninger<\/span><\/em><\/strong><span style=\"font-size: 9.0pt; font-family: 'Arial','sans-serif'; mso-fareast-font-family: 'Times New Roman';\"> (Volkshilfe \u2013 \u00d6sterreich), <strong style=\"mso-bidi-font-weight: normal;\"><em style=\"mso-bidi-font-style: normal;\">Franz S\u00f6lkner<\/em><\/strong> (Steirische Friedensplattform)<strong style=\"mso-bidi-font-weight: normal;\"><em style=\"mso-bidi-font-style: normal;\">, Martin Ciril Osir <\/em><\/strong><span style=\"mso-spacerun: yes;\"> <\/span>(Ungarisches Sozialforum), <strong style=\"mso-bidi-font-weight: normal;\"><em style=\"mso-bidi-font-style: normal;\">Hans Hermann Hoffmann<\/em><\/strong> (DGB-Erfurt \u2013 Deutschland), <strong style=\"mso-bidi-font-weight: normal;\"><em style=\"mso-bidi-font-style: normal;\">Ingrid Schindler<\/em><\/strong> (Euromarches \u2013 Deutschland), <strong style=\"mso-bidi-font-weight: normal;\"><em style=\"mso-bidi-font-style: normal;\">Michel Rousseau<\/em><\/strong> (Euromarches \u2013 Frankreich).\u00a0Coordination: <strong style=\"mso-bidi-font-weight: normal;\"><em style=\"mso-bidi-font-style: normal;\">Leo Gabriel<\/em><\/strong><\/span><\/p>\n<p class=\"MsoNormal\" style=\"margin-bottom: .0001pt; line-height: normal; mso-element: frame; mso-element-frame-hspace: 7.1pt; mso-element-wrap: around; mso-element-anchor-vertical: paragraph; mso-element-anchor-horizontal: margin; mso-element-left: center; mso-element-top: .05pt; mso-height-rule: exactly;\"><strong style=\"mso-bidi-font-weight: normal;\"><em style=\"mso-bidi-font-style: normal;\"><span style=\"font-size: 9.0pt; font-family: 'Arial','sans-serif'; mso-fareast-font-family: 'Times New Roman';\"><span class=\"msoIns\"><ins datetime=\"2013-05-01T22:27\" cite=\"mailto:WH\"> <\/ins><\/span><\/span><\/em><\/strong><\/p>\n<p class=\"MsoNormal\" style=\"margin-bottom: .0001pt; line-height: normal; mso-element: frame; mso-element-frame-hspace: 7.1pt; mso-element-wrap: around; mso-element-anchor-vertical: paragraph; mso-element-anchor-horizontal: margin; mso-element-left: center; mso-element-top: .05pt; mso-height-rule: exactly;\"><span class=\"hps\"><span style=\"font-size: 9.0pt; font-family: 'Arial','sans-serif';\"> <\/span><\/span><\/p>\n<\/td>\n<\/tr>\n<tr style=\"mso-yfti-irow: 13;\">\n<td style=\"width: 73.25pt; border: solid windowtext 1.0pt; border-top: none; mso-border-top-alt: solid windowtext .5pt; mso-border-alt: solid windowtext .5pt; padding: 2.85pt 4.25pt 2.85pt 4.25pt;\" width=\"98\" valign=\"top\">\n<p class=\"MsoNormal\" style=\"mso-margin-top-alt: auto; margin-right: 2.85pt; mso-margin-bottom-alt: auto; mso-element: frame; mso-element-frame-hspace: 7.1pt; mso-element-wrap: around; mso-element-anchor-vertical: paragraph; mso-element-anchor-horizontal: margin; mso-element-left: center; mso-element-top: .05pt; mso-height-rule: exactly;\"><strong style=\"mso-bidi-font-weight: normal;\"><span style=\"font-size: 9.0pt; line-height: 115%; font-family: 'Arial','sans-serif'; mso-fareast-font-family: 'Times New Roman';\">15:30- 17:45 <\/span><\/strong><\/p>\n<\/td>\n<td style=\"width: 299.55pt; border-top: none; border-left: none; border-bottom: solid windowtext 1.0pt; border-right: solid windowtext 1.0pt; mso-border-top-alt: solid windowtext .5pt; mso-border-left-alt: solid windowtext .5pt; mso-border-alt: solid windowtext .5pt; padding: 2.85pt 4.25pt 2.85pt 4.25pt;\" width=\"399\" valign=\"top\">\n<p class=\"MsoNormal\" style=\"margin-bottom: .0001pt; line-height: normal; mso-element: frame; mso-element-frame-hspace: 7.1pt; mso-element-wrap: around; mso-element-anchor-vertical: paragraph; mso-element-anchor-horizontal: margin; mso-element-left: center; mso-element-top: .05pt; mso-height-rule: exactly;\"><strong style=\"mso-bidi-font-weight: normal;\"><span style=\"font-size: 9.0pt; font-family: 'Arial','sans-serif'; mso-fareast-font-family: 'Times New Roman'; color: #e2032f; mso-ansi-language: EN-GB;\" lang=\"EN-GB\">Seminaries<\/span><\/strong><\/p>\n<p class=\"MsoListParagraph\" style=\"margin-top: 5.0pt; margin-right: 0cm; margin-bottom: .0001pt; margin-left: 7.65pt; text-indent: -7.65pt; line-height: normal; mso-list: l2 level1 lfo3; mso-element: frame; mso-element-frame-hspace: 7.1pt; mso-element-wrap: around; mso-element-anchor-vertical: paragraph; mso-element-anchor-horizontal: margin; mso-element-left: center; mso-element-top: .05pt; mso-height-rule: exactly;\"><span style=\"font-size: 9.0pt; font-family: Symbol; mso-fareast-font-family: Symbol; mso-bidi-font-family: Symbol;\"><span style=\"mso-list: Ignore;\">\u00b7<span style=\"font: 7.0pt 'Times New Roman';\"> <\/span><\/span><\/span><span style=\"font-size: 9.0pt; font-family: 'Arial','sans-serif'; mso-fareast-font-family: 'Times New Roman'; text-transform: uppercase;\">National  profiles of the social and political crises \/ dazu exemplarische  L\u00e4nderstudien \u00fcber die sozialen und politischen Krisen in:<\/span><\/p>\n<p class=\"MsoNormal\" style=\"margin-top: 5.0pt; margin-right: 0cm; margin-bottom: .0001pt; margin-left: 7.65pt; text-indent: .1pt; line-height: normal; mso-element: frame; mso-element-frame-hspace: 7.1pt; mso-element-wrap: around; mso-element-anchor-vertical: paragraph; mso-element-anchor-horizontal: margin; mso-element-left: center; mso-element-top: .05pt; mso-height-rule: exactly;\"><span style=\"font-size: 9.0pt; font-family: 'Arial','sans-serif'; mso-fareast-font-family: 'Times New Roman';\">Rum\u00e4nien, Polen, <strong style=\"mso-bidi-font-weight: normal;\"><em style=\"mso-bidi-font-style: normal;\">Grazyn Durkalec<\/em><\/strong> (Right to housing), Russland (<strong style=\"mso-bidi-font-weight: normal;\"><em style=\"mso-bidi-font-style: normal;\">Gulnara Aitona<\/em><\/strong>) Montenegro, \u00d6sterreich (<strong style=\"mso-bidi-font-weight: normal;\"><em style=\"mso-bidi-font-style: normal;\">Eva Steinb\u00f6ck <\/em><\/strong>&#8211; Volkshilfe \u00d6sterreich)<\/span><\/p>\n<p class=\"MsoListParagraph\" style=\"margin-top: 5.0pt; margin-right: 0cm; margin-bottom: .0001pt; margin-left: 7.65pt; text-indent: -7.65pt; line-height: normal; mso-list: l2 level1 lfo3; mso-element: frame; mso-element-frame-hspace: 7.1pt; mso-element-wrap: around; mso-element-anchor-vertical: paragraph; mso-element-anchor-horizontal: margin; mso-element-left: center; mso-element-top: .05pt; mso-height-rule: exactly;\"><span style=\"font-size: 9.0pt; font-family: Symbol; mso-fareast-font-family: Symbol; mso-bidi-font-family: Symbol;\"><span style=\"mso-list: Ignore;\">\u00b7<span style=\"font: 7.0pt 'Times New Roman';\"> <\/span><\/span><\/span><span style=\"font-size: 9.0pt; font-family: 'Arial','sans-serif'; mso-fareast-font-family: 'Times New Roman';\">CIVIL  SOCIETY SOCIETY AS POLITICAL ACTOR: THE ROLE OF THE SOCIAL FORUMS \/  ZIVILGESELLSCHAFT ALS POLITISCHER AKTEUR: DIE ROLLE DER SOZIALFOREN.<\/span><\/p>\n<p class=\"MsoNormal\" style=\"margin-top: 5.0pt; margin-right: 0cm; margin-bottom: .0001pt; margin-left: 7.65pt; text-indent: -7.65pt; line-height: normal; mso-element: frame; mso-element-frame-hspace: 7.1pt; mso-element-wrap: around; mso-element-anchor-vertical: paragraph; mso-element-anchor-horizontal: margin; mso-element-left: center; mso-element-top: .05pt; mso-height-rule: exactly;\"><span style=\"font-size: 9.0pt; font-family: 'Arial','sans-serif'; mso-fareast-font-family: 'Times New Roman';\"><span style=\"mso-tab-count: 1;\"> <\/span><strong style=\"mso-bidi-font-weight: normal;\"><em style=\"mso-bidi-font-style: normal;\">Leo Gabriel<\/em><\/strong> (CI-WSF \u2013 Austria), <strong style=\"mso-bidi-font-weight: normal;\"><em style=\"mso-bidi-font-style: normal;\">Matyas Benyik<\/em><\/strong> (ATTAC \u2013 Hungary),\u00a0<strong style=\"mso-bidi-font-weight: normal;\"><em style=\"mso-bidi-font-style: normal;\">Michel Rousseau<\/em><\/strong> (Fondation Copernique \u2013 France) Coordination: <strong style=\"mso-bidi-font-weight: normal;\"><em style=\"mso-bidi-font-style: normal;\">Johann Sch\u00f6gler<\/em><\/strong> \/ Linke Steiermark-\u00d6sterreich)<\/span><\/p>\n<\/td>\n<\/tr>\n<tr style=\"mso-yfti-irow: 14;\">\n<td style=\"width: 73.25pt; border: solid windowtext 1.0pt; border-top: none; mso-border-top-alt: solid windowtext .5pt; mso-border-alt: solid windowtext .5pt; padding: 2.85pt 4.25pt 2.85pt 4.25pt;\" width=\"98\" valign=\"top\">\n<p class=\"MsoNormal\" style=\"mso-margin-top-alt: auto; margin-right: 2.85pt; mso-margin-bottom-alt: auto; mso-element: frame; mso-element-frame-hspace: 7.1pt; mso-element-wrap: around; mso-element-anchor-vertical: paragraph; mso-element-anchor-horizontal: margin; mso-element-left: center; mso-element-top: .05pt; mso-height-rule: exactly;\"><strong style=\"mso-bidi-font-weight: normal;\"><span style=\"font-size: 9.0pt; line-height: 115%; font-family: 'Arial','sans-serif'; mso-fareast-font-family: 'Times New Roman'; mso-ansi-language: EN-GB;\" lang=\"EN-GB\">18:00 \u2013 19:00<span style=\"mso-spacerun: yes;\"> <\/span><\/span><\/strong><\/p>\n<\/td>\n<td style=\"width: 299.55pt; border-top: none; border-left: none; border-bottom: solid windowtext 1.0pt; border-right: solid windowtext 1.0pt; mso-border-top-alt: solid windowtext .5pt; mso-border-left-alt: solid windowtext .5pt; mso-border-alt: solid windowtext .5pt; padding: 2.85pt 4.25pt 2.85pt 4.25pt;\" width=\"399\" valign=\"top\">\n<p class=\"MsoNormal\" style=\"margin-bottom: .0001pt; line-height: normal; mso-element: frame; mso-element-frame-hspace: 7.1pt; mso-element-wrap: around; mso-element-anchor-vertical: paragraph; mso-element-anchor-horizontal: margin; mso-element-left: center; mso-element-top: .05pt; mso-height-rule: exactly;\"><strong style=\"mso-bidi-font-weight: normal;\"><span style=\"font-size: 9.0pt; font-family: 'Arial','sans-serif'; mso-fareast-font-family: 'Times New Roman'; color: #e2032f; mso-ansi-language: DE;\" lang=\"DE\">OPEN-AIR-SOLIDARITY-ACTION<\/span><\/strong><span style=\"font-size: 9.0pt; font-family: 'Arial','sans-serif'; mso-fareast-font-family: 'Times New Roman'; mso-ansi-language: DE;\" lang=\"DE\"> <strong style=\"mso-bidi-font-weight: normal;\">WITH THE RESISTANCE IN GREECE \/ <\/strong><\/span><strong style=\"mso-bidi-font-weight: normal;\"><span style=\"font-size: 9.0pt; font-family: 'Arial','sans-serif'; mso-fareast-font-family: 'Times New Roman';\">SOLIDARIT\u00c4TSKUNDGEBUNG MIT DEM WIDERSTAND IN GRIECHENLAND<\/span><\/strong><\/p>\n<\/td>\n<\/tr>\n<tr style=\"mso-yfti-irow: 15;\">\n<td style=\"width: 73.25pt; border: solid windowtext 1.0pt; border-top: none; mso-border-top-alt: solid windowtext .5pt; mso-border-alt: solid windowtext .5pt; padding: 2.85pt 4.25pt 2.85pt 4.25pt;\" width=\"98\" valign=\"top\">\n<p class=\"MsoNormal\" style=\"mso-margin-top-alt: auto; margin-right: 2.85pt; mso-margin-bottom-alt: auto; mso-element: frame; mso-element-frame-hspace: 7.1pt; mso-element-wrap: around; mso-element-anchor-vertical: paragraph; mso-element-anchor-horizontal: margin; mso-element-left: center; mso-element-top: .05pt; mso-height-rule: exactly;\"><strong style=\"mso-bidi-font-weight: normal;\"><span style=\"font-size: 9.0pt; line-height: 115%; font-family: 'Arial','sans-serif'; mso-fareast-font-family: 'Times New Roman';\">19:30<\/span><\/strong><\/p>\n<\/td>\n<td style=\"width: 299.55pt; border-top: none; border-left: none; border-bottom: solid windowtext 1.0pt; border-right: solid windowtext 1.0pt; mso-border-top-alt: solid windowtext .5pt; mso-border-left-alt: solid windowtext .5pt; mso-border-alt: solid windowtext .5pt; padding: 2.85pt 4.25pt 2.85pt 4.25pt;\" width=\"399\" valign=\"top\">\n<p class=\"MsoNormal\" style=\"margin-bottom: .0001pt; line-height: normal; mso-element: frame; mso-element-frame-hspace: 7.1pt; mso-element-wrap: around; mso-element-anchor-vertical: paragraph; mso-element-anchor-horizontal: margin; mso-element-left: center; mso-element-top: .05pt; mso-height-rule: exactly;\"><strong style=\"mso-bidi-font-weight: normal;\"><span style=\"font-size: 9.0pt; font-family: 'Arial','sans-serif'; mso-fareast-font-family: 'Times New Roman'; color: #e2032f; mso-ansi-language: DE;\" lang=\"DE\">Panel Discussion VII<\/span><\/strong><\/p>\n<p class=\"MsoNormal\" style=\"margin-top: 5.0pt; margin-right: 0cm; margin-bottom: .0001pt; margin-left: 0cm; line-height: normal; mso-element: frame; mso-element-frame-hspace: 7.1pt; mso-element-wrap: around; mso-element-anchor-vertical: paragraph; mso-element-anchor-horizontal: margin; mso-element-left: center; mso-element-top: .05pt; mso-height-rule: exactly;\"><strong style=\"mso-bidi-font-weight: normal;\"><span style=\"font-size: 9.0pt; font-family: 'Arial','sans-serif'; mso-fareast-font-family: 'Times New Roman'; letter-spacing: -.3pt; mso-ansi-language: EN-GB;\" lang=\"EN-GB\">REVOLTS IN THE PERIFERY? \/ REVOLTEN IN DER PERIPHERIE?<\/span><\/strong><\/p>\n<p class=\"MsoNormal\" style=\"margin-top: 5.0pt; margin-right: 0cm; margin-bottom: .0001pt; margin-left: 0cm; line-height: normal; mso-element: frame; mso-element-frame-hspace: 7.1pt; mso-element-wrap: around; mso-element-anchor-vertical: paragraph; mso-element-anchor-horizontal: margin; mso-element-left: center; mso-element-top: .05pt; mso-height-rule: exactly;\"><strong style=\"mso-bidi-font-weight: normal;\"><span style=\"font-size: 9.0pt; font-family: 'Arial','sans-serif'; mso-fareast-font-family: 'Times New Roman';\">Towards  East-South convergeance of Social and Ecological Movements in Europe \/  Wie k\u00f6nnen sich die Sozialen- und Umweltbewegungen des Ostens mit dem  S\u00fcden koordinieren?<\/span><\/strong><\/p>\n<p class=\"MsoNormal\" style=\"margin-top: 5.0pt; margin-right: 0cm; margin-bottom: .0001pt; margin-left: 0cm; line-height: normal; mso-element: frame; mso-element-frame-hspace: 7.1pt; mso-element-wrap: around; mso-element-anchor-vertical: paragraph; mso-element-anchor-horizontal: margin; mso-element-left: center; mso-element-top: .05pt; mso-height-rule: exactly;\"><strong style=\"mso-bidi-font-weight: normal;\"><em style=\"mso-bidi-font-style: normal;\"><span style=\"font-size: 9.0pt; font-family: 'Arial','sans-serif'; mso-fareast-font-family: 'Times New Roman';\">Isabelle Bourboulon<\/span><\/em><\/strong><span style=\"font-size: 9.0pt; font-family: 'Arial','sans-serif'; mso-fareast-font-family: 'Times New Roman';\"> (Attac Frankreich), <strong style=\"mso-bidi-font-weight: normal;\"><em style=\"mso-bidi-font-style: normal;\">Alexander Buzgalin<\/em><\/strong> (Alternativy \u2013 Russland), <strong style=\"mso-bidi-font-weight: normal;\"><em style=\"mso-bidi-font-style: normal;\">Michel Rousseau Euromarches<\/em><\/strong> \u2013 Frankreich), <strong style=\"mso-bidi-font-weight: normal;\"><em style=\"mso-bidi-font-style: normal;\">Nina Potarskaya<\/em><\/strong> (Left Opposition \u2013 Ukraine), <strong style=\"mso-bidi-font-weight: normal;\"><em style=\"mso-bidi-font-style: normal;\">Piotr Kawiorski<\/em><\/strong> (Trade Unionist, Polen).\u00a0Coordination: <strong style=\"mso-bidi-font-weight: normal;\"><em style=\"mso-bidi-font-style: normal;\">Leo Gabriel<\/em><\/strong><\/span><\/p>\n<\/td>\n<\/tr>\n<tr style=\"mso-yfti-irow: 16;\">\n<td style=\"width: 372.8pt; border: solid windowtext 1.0pt; border-top: none; mso-border-top-alt: solid windowtext .5pt; mso-border-alt: solid windowtext .5pt; background: #4E97CC; padding: 2.85pt 4.25pt 2.85pt 4.25pt;\" colspan=\"2\" width=\"497\" valign=\"top\">\n<p class=\"MsoNormal\" style=\"mso-margin-top-alt: auto; margin-right: 2.85pt; mso-margin-bottom-alt: auto; text-align: center; mso-element: frame; mso-element-frame-hspace: 7.1pt; mso-element-wrap: around; mso-element-anchor-vertical: paragraph; mso-element-anchor-horizontal: margin; mso-element-left: center; mso-element-top: .05pt; mso-height-rule: exactly;\" align=\"center\"><strong style=\"mso-bidi-font-weight: normal;\"><span style=\"font-size: 10.0pt; line-height: 115%; font-family: 'Arial','sans-serif'; mso-fareast-font-family: 'Times New Roman'; color: white; mso-ansi-language: EN-GB;\" lang=\"EN-GB\">Sunday May 5<sup>th<\/sup> \/ Sonntag 5.Mai<\/span><\/strong><\/p>\n<\/td>\n<\/tr>\n<tr style=\"mso-yfti-irow: 17; mso-yfti-lastrow: yes;\">\n<td style=\"width: 73.25pt; border: solid windowtext 1.0pt; border-top: none; mso-border-top-alt: solid windowtext .5pt; mso-border-alt: solid windowtext .5pt; padding: 2.85pt 4.25pt 2.85pt 4.25pt;\" width=\"98\" valign=\"top\">\n<p class=\"MsoNormal\" style=\"mso-margin-top-alt: auto; margin-right: 2.85pt; mso-margin-bottom-alt: auto; mso-element: frame; mso-element-frame-hspace: 7.1pt; mso-element-wrap: around; mso-element-anchor-vertical: paragraph; mso-element-anchor-horizontal: margin; mso-element-left: center; mso-element-top: .05pt; mso-height-rule: exactly;\"><strong style=\"mso-bidi-font-weight: normal;\"><span style=\"font-size: 9.0pt; line-height: 115%; font-family: 'Arial','sans-serif'; mso-fareast-font-family: 'Times New Roman'; mso-ansi-language: EN-GB;\" lang=\"EN-GB\">10:00-13:00<span style=\"mso-tab-count: 1;\"> <\/span><\/span><\/strong><\/p>\n<\/td>\n<td style=\"width: 299.55pt; border-top: none; border-left: none; border-bottom: solid windowtext 1.0pt; border-right: solid windowtext 1.0pt; mso-border-top-alt: solid windowtext .5pt; mso-border-left-alt: solid windowtext .5pt; mso-border-alt: solid windowtext .5pt; padding: 2.85pt 4.25pt 2.85pt 4.25pt;\" width=\"399\" valign=\"top\">\n<p class=\"MsoNormal\" style=\"margin-bottom: .0001pt; line-height: normal; mso-element: frame; mso-element-frame-hspace: 7.1pt; mso-element-wrap: around; mso-element-anchor-vertical: paragraph; mso-element-anchor-horizontal: margin; mso-element-left: center; mso-element-top: .05pt; mso-height-rule: exactly;\"><strong style=\"mso-bidi-font-weight: normal;\"><span style=\"font-size: 9.0pt; font-family: 'Arial','sans-serif'; mso-fareast-font-family: 'Times New Roman'; color: #e2032f; mso-ansi-language: DE;\" lang=\"DE\">ABSCHLUSSPLENUM \u2013 FINAL ASSEMBLY<\/span><\/strong><\/p>\n<p class=\"MsoNormal\" style=\"margin-top: 5.0pt; margin-right: 2.85pt; margin-bottom: .0001pt; margin-left: 0cm; line-height: normal; mso-element: frame; mso-element-frame-hspace: 7.1pt; mso-element-wrap: around; mso-element-anchor-vertical: paragraph; mso-element-anchor-horizontal: margin; mso-element-left: center; mso-element-top: .05pt; mso-height-rule: exactly;\"><strong style=\"mso-bidi-font-weight: normal;\"><span style=\"font-size: 9.0pt; font-family: 'Arial','sans-serif'; mso-fareast-font-family: 'Times New Roman';\">DISKUSSION  UND BESCHL\u00dcSSE \u00dcBER\u00a0ZUK\u00dcNFTIGE GEMEINSAME AKTIVIT\u00c4TEN \/ DISCUSSION AND  DECISIONS ABOUT COMMON ACTIVITIES IN THE FUTURE<\/span><\/strong><\/p>\n<\/td>\n<\/tr>\n<\/tbody>\n<\/table>\n","protected":false},"excerpt":{"rendered":"<p>PROGRAMM 1. MITTEL- UND OSTEUROP\u00c4ISCHES SOZIAL- UND UMWELTFORUM IN WIEN 2. bis 5. Mai 2013 1st CENTRAL AND EASTERN EUROPEAN SOCIAL AND ENVIRONMENTAL FORUM (CEESEF) IN VIENNA May 2nd to May 5th, 2013<\/p>\n","protected":false},"author":3,"featured_media":0,"comment_status":"open","ping_status":"open","sticky":false,"template":"","format":"standard","meta":{"footnotes":""},"categories":[7],"tags":[],"class_list":["post-3033","post","type-post","status-publish","format-standard","hentry","category-asf-bewegung"],"_links":{"self":[{"href":"https:\/\/www.friedensplattform.at\/index.php?rest_route=\/wp\/v2\/posts\/3033","targetHints":{"allow":["GET"]}}],"collection":[{"href":"https:\/\/www.friedensplattform.at\/index.php?rest_route=\/wp\/v2\/posts"}],"about":[{"href":"https:\/\/www.friedensplattform.at\/index.php?rest_route=\/wp\/v2\/types\/post"}],"author":[{"embeddable":true,"href":"https:\/\/www.friedensplattform.at\/index.php?rest_route=\/wp\/v2\/users\/3"}],"replies":[{"embeddable":true,"href":"https:\/\/www.friedensplattform.at\/index.php?rest_route=%2Fwp%2Fv2%2Fcomments&post=3033"}],"version-history":[{"count":0,"href":"https:\/\/www.friedensplattform.at\/index.php?rest_route=\/wp\/v2\/posts\/3033\/revisions"}],"wp:attachment":[{"href":"https:\/\/www.friedensplattform.at\/index.php?rest_route=%2Fwp%2Fv2%2Fmedia&parent=3033"}],"wp:term":[{"taxonomy":"category","embeddable":true,"href":"https:\/\/www.friedensplattform.at\/index.php?rest_route=%2Fwp%2Fv2%2Fcategories&post=3033"},{"taxonomy":"post_tag","embeddable":true,"href":"https:\/\/www.friedensplattform.at\/index.php?rest_route=%2Fwp%2Fv2%2Ftags&post=3033"}],"curies":[{"name":"wp","href":"https:\/\/api.w.org\/{rel}","templated":true}]}}