{"id":304,"date":"2008-04-04T16:32:45","date_gmt":"2008-04-04T14:32:45","guid":{"rendered":"http:\/\/www.luxorbis.org\/friedensplattform.at\/?p=304"},"modified":"2008-04-04T16:32:45","modified_gmt":"2008-04-04T14:32:45","slug":"artikel-der-ag-friedensforschung-nato-auflosen","status":"publish","type":"post","link":"https:\/\/www.friedensplattform.at\/?p=304","title":{"rendered":"Artikel der AG Friedensforschung: NATO aufl&#246;sen"},"content":{"rendered":"<p>NATO aufl\u00f6sen! Deutsch-franz\u00f6sische Friedensbewegung k\u00fcndigt Proteste an.<\/p>\n<p><a href=\"http:\/\/www.uni-kassel.de\/fb5\/frieden\/themen\/NATO\/bukarest7.html\" title=\"Uni Kassel\" target=\"_blank\">Weiterlesen auf den Seiten der Uni Kassel\u00a0<\/a><\/p>\n","protected":false},"excerpt":{"rendered":"<p>NATO aufl\u00f6sen! Deutsch-franz\u00f6sische Friedensbewegung k\u00fcndigt Proteste an. Weiterlesen auf den Seiten der Uni Kassel\u00a0<\/p>\n","protected":false},"author":1,"featured_media":0,"comment_status":"open","ping_status":"open","sticky":false,"template":"","format":"standard","meta":{"footnotes":""},"categories":[1],"tags":[],"class_list":["post-304","post","type-post","status-publish","format-standard","hentry","category-allgemein"],"_links":{"self":[{"href":"https:\/\/www.friedensplattform.at\/index.php?rest_route=\/wp\/v2\/posts\/304","targetHints":{"allow":["GET"]}}],"collection":[{"href":"https:\/\/www.friedensplattform.at\/index.php?rest_route=\/wp\/v2\/posts"}],"about":[{"href":"https:\/\/www.friedensplattform.at\/index.php?rest_route=\/wp\/v2\/types\/post"}],"author":[{"embeddable":true,"href":"https:\/\/www.friedensplattform.at\/index.php?rest_route=\/wp\/v2\/users\/1"}],"replies":[{"embeddable":true,"href":"https:\/\/www.friedensplattform.at\/index.php?rest_route=%2Fwp%2Fv2%2Fcomments&post=304"}],"version-history":[{"count":0,"href":"https:\/\/www.friedensplattform.at\/index.php?rest_route=\/wp\/v2\/posts\/304\/revisions"}],"wp:attachment":[{"href":"https:\/\/www.friedensplattform.at\/index.php?rest_route=%2Fwp%2Fv2%2Fmedia&parent=304"}],"wp:term":[{"taxonomy":"category","embeddable":true,"href":"https:\/\/www.friedensplattform.at\/index.php?rest_route=%2Fwp%2Fv2%2Fcategories&post=304"},{"taxonomy":"post_tag","embeddable":true,"href":"https:\/\/www.friedensplattform.at\/index.php?rest_route=%2Fwp%2Fv2%2Ftags&post=304"}],"curies":[{"name":"wp","href":"https:\/\/api.w.org\/{rel}","templated":true}]}}