{"id":3040,"date":"2013-05-05T18:15:02","date_gmt":"2013-05-05T16:15:02","guid":{"rendered":"http:\/\/www.luxorbis.org\/friedensplattform.at\/?p=3040"},"modified":"2013-05-05T18:15:02","modified_gmt":"2013-05-05T16:15:02","slug":"warnstreiks-in-der-metallindustrie-in-deutschland","status":"publish","type":"post","link":"https:\/\/www.friedensplattform.at\/?p=3040","title":{"rendered":"Warnstreiks in der Metallindustrie in Deutschland"},"content":{"rendered":"<div>Die Kolleginnen und Kollegen in der Metallindustrie in Deutschland  haben heute Nacht mit den Warnstreiks f\u00fcr 5,5 % mehr Einkommen begonnen:<\/div>\n<div><!--more--><\/div>\n<p><span style=\"color: #fb141a;\"><a href=\"http:\/\/www.igmetall.de\/cps\/rde\/xchg\/internet\" target=\"_blank\">http:\/\/www.igmetall.de\/cps\/rde\/xchg\/internet<\/a><\/span><\/p>\n<div>Der Gewerkschaftliche Linksblock ist am 1. Mai f\u00fcr unsere Forderungen auf die Stra\u00dfe gegangen, &#8222;damit wir geh\u00f6rt werden&#8220;<\/div>\n<div><span style=\"color: #fb233f;\"><a href=\"http:\/\/www.glb-steiermark.at\/\" target=\"_blank\">http:\/\/www.glb-steiermark.at\/<\/a><\/span><\/div>\n","protected":false},"excerpt":{"rendered":"<p>Die Kolleginnen und Kollegen in der Metallindustrie in Deutschland haben heute Nacht mit den Warnstreiks f\u00fcr 5,5 % mehr Einkommen begonnen:<\/p>\n","protected":false},"author":3,"featured_media":0,"comment_status":"open","ping_status":"open","sticky":false,"template":"","format":"standard","meta":{"footnotes":""},"categories":[6],"tags":[],"class_list":["post-3040","post","type-post","status-publish","format-standard","hentry","category-arbeiterinnenbewegung"],"_links":{"self":[{"href":"https:\/\/www.friedensplattform.at\/index.php?rest_route=\/wp\/v2\/posts\/3040","targetHints":{"allow":["GET"]}}],"collection":[{"href":"https:\/\/www.friedensplattform.at\/index.php?rest_route=\/wp\/v2\/posts"}],"about":[{"href":"https:\/\/www.friedensplattform.at\/index.php?rest_route=\/wp\/v2\/types\/post"}],"author":[{"embeddable":true,"href":"https:\/\/www.friedensplattform.at\/index.php?rest_route=\/wp\/v2\/users\/3"}],"replies":[{"embeddable":true,"href":"https:\/\/www.friedensplattform.at\/index.php?rest_route=%2Fwp%2Fv2%2Fcomments&post=3040"}],"version-history":[{"count":0,"href":"https:\/\/www.friedensplattform.at\/index.php?rest_route=\/wp\/v2\/posts\/3040\/revisions"}],"wp:attachment":[{"href":"https:\/\/www.friedensplattform.at\/index.php?rest_route=%2Fwp%2Fv2%2Fmedia&parent=3040"}],"wp:term":[{"taxonomy":"category","embeddable":true,"href":"https:\/\/www.friedensplattform.at\/index.php?rest_route=%2Fwp%2Fv2%2Fcategories&post=3040"},{"taxonomy":"post_tag","embeddable":true,"href":"https:\/\/www.friedensplattform.at\/index.php?rest_route=%2Fwp%2Fv2%2Ftags&post=3040"}],"curies":[{"name":"wp","href":"https:\/\/api.w.org\/{rel}","templated":true}]}}