{"id":3056,"date":"2013-05-12T09:50:44","date_gmt":"2013-05-12T07:50:44","guid":{"rendered":"http:\/\/www.luxorbis.org\/friedensplattform.at\/?p=3056"},"modified":"2013-05-12T09:50:44","modified_gmt":"2013-05-12T07:50:44","slug":"syriens-rebellen-koennen-auf-us-waffen-hoffen","status":"publish","type":"post","link":"https:\/\/www.friedensplattform.at\/?p=3056","title":{"rendered":"Syriens Rebellen k&#246;nnen auf US-Waffen hoffen"},"content":{"rendered":"<h2>Demokraten brachten Unterst\u00fctzungsgesetz im Senat ein \/ T\u00fcrkei kritisiert israelischen Luftangriff auf Damaskus<\/h2>\n<p><strong>Von Roland Etzel *<\/strong><\/p>\n<p>Wie sehr die urspr\u00fcnglich b\u00fcrgerkriegs\u00e4hnlichen Auseinandersetzungen in  Syrien inzwischen zu einem internationalen Kr\u00e4ftemessen geworden sind,  wurde gestern durch diverse politische Aktivit\u00e4ten unter anderem in  Ankara, Moskau und Washington unterstrichen &#8211; <!--more-->w\u00e4hrend es in Syrien  selbst relativ ruhig blieb.<\/p>\n<p>Die Vermutung Carla del Pontes, f\u00fcr den Chemiewaffen-Einsatz in Syrien  k\u00f6nnte nicht die regul\u00e4re Armee, sondern ein gegen diese k\u00e4mpfendes  Rebellenkommando verantwortlich sein, hat in den USA wenig Begeisterung  ausgel\u00f6st. Die Schweizer UN-Ermittlerin hatte am Montag erkl\u00e4rt, es sehe  so aus, als h\u00e4tten regierungsfeindliche K\u00e4mpfer Dosen des Giftgases  Sarin freigesetzt &#8211; weniger aus milit\u00e4rischen Erw\u00e4gungen als vielmehr,  um ein Eingreifen der USA auf ihrer Seite zu provozieren. Noch am  Montagabend n\u00f6tigte das Wei\u00dfe Haus die einstige Vorsitzende des  Jugoslawien-Tribunals in Den Haag, ihre Aussage abzuschw\u00e4chen.<\/p>\n<p>Obwohl del Ponte auch dann keineswegs behauptete, Pr\u00e4sident Baschar  al-Assads Truppen h\u00e4tten Sarin eingesetzt, erkl\u00e4rte unmittelbar danach  der Vorsitzende des Au\u00dfenpolitischen Ausschusses im US-Senat, Robert  Menendez, Assad habe nun die von Pr\u00e4sident Barack Obama gesetzte \u00bbrote  Linie\u00ab \u00fcberschritten, und brachte einen Gesetzentwurf zu direkten  Waffenlieferungen der USA an syrische Rebellen ein. Wie die russische  Agentur RIA Novosti berichtet, gehe aus dem Entwurf hervor, man wolle  \u00bbnur Gegner des Regimes mit Waffen ausstatten, die auf Kontakte zu  Terroristen gepr\u00fcft wurden und die die Menschenrechte einhalten\u00ab. Im  Entwurf wird eine Summe von 250 Millionen Dollar, auch f\u00fcr die  milit\u00e4rische Ausbildung, genannt.<\/p>\n<p>In Syrien, zitiert AFP Menendez, entwickle sich eine riesige humanit\u00e4re  Krise und es sei Aufgabe der USA, daf\u00fcr zu sorgen, \u00bbdass sich die  Waagschale in Richtung der Oppositionsgruppen senkt\u00ab. Auf ein direktes  Eingreifen der USA in Syrien schien Obama selbst bislang nicht  hinzuarbeiten. Eine \u00c4u\u00dferung von ihm zum Vorpreschen von Menendez, einem  Senator seiner eigenen Partei, gab es gestern nicht.<\/p>\n<p>Assad zu st\u00fcrzen &#8211; das ist auch das Ziel der t\u00fcrkischen Regierung.  Allerdings geht es Ministerpr\u00e4sident Recep Tayyip Erdogan nicht zuletzt  darum, so die t\u00fcrkische Position im Ringen um regionale Vorherrschaft zu  st\u00e4rken. Ein Konkurrent dabei hei\u00dft Israel, und wohl vor allem deshalb  kritisierte Erdogan den israelischen Luftangriff vom Sonntag auf  Damaskus. Er behauptete am Dienstag vor der Parlamentsfraktion seiner  \u00bbPartei f\u00fcr Gerechtigkeit und Aufschwung\u00ab laut AFP sogar, Israels  Luftangriffe st\u00e4rkten lediglich Assad. Der syrische Pr\u00e4sident benutze  den j\u00fcngsten Angriff, um von einem Massaker seiner Einheiten an  Zivilisten in der Hafenstadt Banias abzulenken.<\/p>\n<p>Syrien war gestern auch ein Thema in Moskau, wo US-Au\u00dfenminister John  Kerry auf seinen russischen Kollegen Sergej Lawrow, bisher ein R\u00fcckhalt  Assads, traf. Auch in Amman konferierten ein Verb\u00fcndeter und ein Gegner  Assads: der iranische Au\u00dfenminister Ali Akbar Salehi und sein  jordanischer Kollege und Gastgeber Nasser Judeh.<\/p>\n<p><em>* Aus: neues deutschland, Mittwoch, 8. Mai 2013<\/em><\/p>\n<h3>Syrien richtet seine Waffen gegen Israel<\/h3>\n<p>In Erwiderung der israelischen Raketenangriffe hat Syrien seine Raketen  gegen dieses Land gerichtet, berichtete das libanesische Fernsehen am  Montag. Gezielt w\u00fcrden sie in erster Linie auf \u201edas besetzte Pal\u00e4stina\u201c.  Im Falle eines neuen Aggressionsaktes sollen \u201ebestimmte Objekte\u201c  angegriffen werden, hie\u00df es. Dar\u00fcber hinaus soll Damaskus laut dem  Fernsehbericht den pal\u00e4stinensischen Gruppierungen auf den Golanh\u00f6hen  erlaubt haben, Operationen gegen Israel zu f\u00fchren. Mehr noch: Syrien sei  angeblich bereit, erstmals hochmoderne Waffen an die libanesischen  schiitischen Hisbollah-Milizen zu liefern. Es sei daran erinnert, dass  Israel mit seinem ersten Schlag in der Nacht zum Freitag laut Medien  einen Konvoi angegriffen hat, der angeblich iranische Waffen via Syrien  in den Libanon bringen sollte. Die Medien beriefen sich dabei allerdings  auf inoffizielle Quellen. Die syrische Regierung hat diese Berichte  nicht best\u00e4tigt. Teheran bestreitet ebenfalls, dass in Syrien iranische  Raketen vernichtet worden seien.<\/p>\n<p><em>&#8222;Rossijskaja Gaseta&#8220; (www.rg.ru); Quelle: RIA Novosti, Dienstag, 7. Mai 2013<\/em><\/p>\n<h3>UN-Beobachter von Rebellen entf\u00fchrt<\/h3>\n<p>New York. Syrische Aufst\u00e4ndische haben nach eigener Darstellung am  Dienstag Angeh\u00f6rige der UN-Friedenstruppen in der N\u00e4he der israelisch  besetzten Golan-H\u00f6hen \u00bbin Gewahrsam genommen\u00ab. Die UN-Beobachter w\u00fcrden  zu ihrer eigenen Sicherheit festgehalten, erkl\u00e4rten die  Jarmuk-M\u00e4rtyrerbrigaden. Zuvor habe es K\u00e4mpfe an der  Waffenstillstandslinie zwischen Syrien und Israel gegeben. Auf einem der  Erkl\u00e4rung beigef\u00fcgten Foto waren vier UN-Beobachter zu sehen. Sie  trugen Schutzwesten mit der Aufschrift \u00bbPhilippines\u00ab. Eine UN-Sprecherin  best\u00e4tigte, vier Beobachter w\u00fcrden festgehalten. Sie seien in der  Gegend unterwegs gewesen, in der im M\u00e4rz schon einmal UN-Beobachter f\u00fcr  drei Tage festgehalten wurden. Derzeit \u00fcberwachen rund 1000 Angeh\u00f6rige  der UN-Friedenstruppe die Region.<\/p>\n<p><em>junge Welt, Mittwoch, 8. Mai 2013<\/em><\/p>\n<p>Quelle: http:\/\/www.ag-friedensforschung.de\/regionen\/Syrien\/waffen9.html<\/p>\n","protected":false},"excerpt":{"rendered":"<p>Demokraten brachten Unterst\u00fctzungsgesetz im Senat ein \/ T\u00fcrkei kritisiert israelischen Luftangriff auf Damaskus Von Roland Etzel * Wie sehr die urspr\u00fcnglich b\u00fcrgerkriegs\u00e4hnlichen Auseinandersetzungen in Syrien inzwischen zu einem internationalen Kr\u00e4ftemessen geworden sind, wurde gestern durch diverse politische Aktivit\u00e4ten unter anderem in Ankara, Moskau und Washington unterstrichen &#8211;<\/p>\n","protected":false},"author":2,"featured_media":0,"comment_status":"open","ping_status":"open","sticky":false,"template":"","format":"standard","meta":{"footnotes":""},"categories":[5],"tags":[],"class_list":["post-3056","post","type-post","status-publish","format-standard","hentry","category-arabischer-raum"],"_links":{"self":[{"href":"https:\/\/www.friedensplattform.at\/index.php?rest_route=\/wp\/v2\/posts\/3056","targetHints":{"allow":["GET"]}}],"collection":[{"href":"https:\/\/www.friedensplattform.at\/index.php?rest_route=\/wp\/v2\/posts"}],"about":[{"href":"https:\/\/www.friedensplattform.at\/index.php?rest_route=\/wp\/v2\/types\/post"}],"author":[{"embeddable":true,"href":"https:\/\/www.friedensplattform.at\/index.php?rest_route=\/wp\/v2\/users\/2"}],"replies":[{"embeddable":true,"href":"https:\/\/www.friedensplattform.at\/index.php?rest_route=%2Fwp%2Fv2%2Fcomments&post=3056"}],"version-history":[{"count":0,"href":"https:\/\/www.friedensplattform.at\/index.php?rest_route=\/wp\/v2\/posts\/3056\/revisions"}],"wp:attachment":[{"href":"https:\/\/www.friedensplattform.at\/index.php?rest_route=%2Fwp%2Fv2%2Fmedia&parent=3056"}],"wp:term":[{"taxonomy":"category","embeddable":true,"href":"https:\/\/www.friedensplattform.at\/index.php?rest_route=%2Fwp%2Fv2%2Fcategories&post=3056"},{"taxonomy":"post_tag","embeddable":true,"href":"https:\/\/www.friedensplattform.at\/index.php?rest_route=%2Fwp%2Fv2%2Ftags&post=3056"}],"curies":[{"name":"wp","href":"https:\/\/api.w.org\/{rel}","templated":true}]}}