{"id":307,"date":"2008-04-08T21:46:40","date_gmt":"2008-04-08T19:46:40","guid":{"rendered":"http:\/\/www.luxorbis.org\/friedensplattform.at\/?p=307"},"modified":"2008-04-08T21:46:40","modified_gmt":"2008-04-08T19:46:40","slug":"uber-5ooo-menschen-bei-demomenschenkette","status":"publish","type":"post","link":"https:\/\/www.friedensplattform.at\/?p=307","title":{"rendered":"&#220;BER 5OOO MENSCHEN BEI DEMO\/MENSCHENKETTE"},"content":{"rendered":"<p>\u00dcBER 5OOO MENSCHEN BEI DEMO\/MENSCHENKETTE AM 5.APRIL:<br \/>\nEIN LINKES PROFIL WAR N\u00d6TIG UND M\u00d6GLICH !<\/p>\n<p>Am Samstag den 5.April beteiligten sich \u00fcber 5OOO Menschen an der von der Plattform VOLXABSTIMMUNG organisierten Demo und Menschenkette. Der von 60 Organisationen veranstaltete Aktionstag hatte ein \u00fcberwiegend fortschrittliches, linkes Gepr\u00e4ge- ein wichtiger politischer Erfolg, der uns wahrlich nicht in den Scho\u00df gefallen ist.<br \/>\n<!--more--><br \/>\nEr war vielmehr das Ergebnis eines m\u00fchsamen politischen Kampfes gegen den politischen und medialen mainstream: n\u00e4mlich aufzuzeigen, da\u00df die Forderung nach einer Volksabstimmung und Kritik am &#8211; neoliberalen und militaristischen-  EU-&#8218; Reform&#8217;vertrag von einer linken Position n\u00f6tig und m\u00f6glich ist.  Ein halbes Jahr intensiver inhaltlicher Auseinanadersetzung und eine Latte von Aktivit\u00e4ten f\u00fchrt nun dazu, da\u00df auch in der ver\u00f6ffentlichten Meinung zwei Zug\u00e4nge zu erkennen sind: ein rechter, nationalistischer, demagogischer und ein &#8211; bei aller Differenziertheit &#8211; fortschrittlicher und internationalistischer. Als Beispiel eine headline des Kurier vom 6.April: &#8218; Demo- Viele Linke und ein paar Rechte fordern eine Volksabstimmung &#8218;.<\/p>\n<p>Die Schlu\u00dffolgerung aus dem 5.April ist klar: die Plattform VOLXABSTIMMUN mu\u00df weiteragieren und sich verbreitern  &#8211; auch und gerade , wenn wir am 9.April durch einen Parlamentsentscheid overruled werden. Und die inhaltliche Auseinandersetzung mu\u00df forciert werden, um berechtigt &#8218; Unzufriedene&#8216; nicht den rechtsextremen Rattenf\u00e4ngern zu \u00fcberlassen: Von den rund 15 Prozent diffus &#8218;Unzufriedenenen&#8216;  am Samstag  etwa waren nicht wenige fr\u00fcher bei der Sozialdemokratie und Gewerkschaftsmitglieder- hier gilt es schwierige(!) \u00dcberzeugungsarbeit zu leisten und nicht elit\u00e4r die Nase zu r\u00fcmpfen.<\/p>\n<p>Einige Konkretisierungen:<\/p>\n<p>&#8211; Dienstag den 8. April gibts um 17h  nochmals eine &#8218; Info-Veranstaltung&#8216; am Stephansplatz, wo insbesonders darauf verwiesen wird, da\u00df am Mittwoch im Parlament \u00fcber die K\u00f6pfe des &#8218; Souver\u00e4ns&#8216;, also der Bev\u00f6lkerung hinweg entschieden wird<\/p>\n<p>&#8211; Mittwoch  den 9. April 8 h machen wir eine Kundgebung vor dem Parlament . Die Parlamntstssitzung wird direkt im Fersehen \u00fcbertragen. Also la\u00dft Eure Phantasie spielen&#8230;<\/p>\n<p>&#8211; Am 12. Juni wird in Irland  \u00fcber den EU- &#8218;Reform&#8217;vertrag via Referendum  abgestimmt ( zwingend vorgeschrieben !):  Eine hervorragende Gelegenheit in ganz Europa und auch bei uns INTERNATIONALE SOLDARIT\u00c4T konkret zu praktizieren: u. a. eine Demo zur irischen Botschaft in Wien &#8211; w\u00e4hrend  der EURO 2008 (sic!), was ja der internationalen Resonanz nicht gerade abtr\u00e4glich ist&#8230;<\/p>\n<p>Hermann Dworczak<\/p>\n","protected":false},"excerpt":{"rendered":"<p>\u00dcBER 5OOO MENSCHEN BEI DEMO\/MENSCHENKETTE AM 5.APRIL: EIN LINKES PROFIL WAR N\u00d6TIG UND M\u00d6GLICH ! Am Samstag den 5.April beteiligten sich \u00fcber 5OOO Menschen an der von der Plattform VOLXABSTIMMUNG organisierten Demo und Menschenkette. Der von 60 Organisationen veranstaltete Aktionstag hatte ein \u00fcberwiegend fortschrittliches, linkes Gepr\u00e4ge- ein wichtiger politischer Erfolg, der uns wahrlich nicht in &hellip; <a href=\"https:\/\/www.friedensplattform.at\/?p=307\" class=\"more-link\"><span class=\"screen-reader-text\">&#220;BER 5OOO MENSCHEN BEI DEMO\/MENSCHENKETTE<\/span> weiterlesen <span class=\"meta-nav\">&rarr;<\/span><\/a><\/p>\n","protected":false},"author":1,"featured_media":0,"comment_status":"open","ping_status":"open","sticky":false,"template":"","format":"standard","meta":{"footnotes":""},"categories":[11],"tags":[],"class_list":["post-307","post","type-post","status-publish","format-standard","hentry","category-eu-reformvertrag"],"_links":{"self":[{"href":"https:\/\/www.friedensplattform.at\/index.php?rest_route=\/wp\/v2\/posts\/307","targetHints":{"allow":["GET"]}}],"collection":[{"href":"https:\/\/www.friedensplattform.at\/index.php?rest_route=\/wp\/v2\/posts"}],"about":[{"href":"https:\/\/www.friedensplattform.at\/index.php?rest_route=\/wp\/v2\/types\/post"}],"author":[{"embeddable":true,"href":"https:\/\/www.friedensplattform.at\/index.php?rest_route=\/wp\/v2\/users\/1"}],"replies":[{"embeddable":true,"href":"https:\/\/www.friedensplattform.at\/index.php?rest_route=%2Fwp%2Fv2%2Fcomments&post=307"}],"version-history":[{"count":0,"href":"https:\/\/www.friedensplattform.at\/index.php?rest_route=\/wp\/v2\/posts\/307\/revisions"}],"wp:attachment":[{"href":"https:\/\/www.friedensplattform.at\/index.php?rest_route=%2Fwp%2Fv2%2Fmedia&parent=307"}],"wp:term":[{"taxonomy":"category","embeddable":true,"href":"https:\/\/www.friedensplattform.at\/index.php?rest_route=%2Fwp%2Fv2%2Fcategories&post=307"},{"taxonomy":"post_tag","embeddable":true,"href":"https:\/\/www.friedensplattform.at\/index.php?rest_route=%2Fwp%2Fv2%2Ftags&post=307"}],"curies":[{"name":"wp","href":"https:\/\/api.w.org\/{rel}","templated":true}]}}