{"id":3091,"date":"2013-06-03T06:51:41","date_gmt":"2013-06-03T04:51:41","guid":{"rendered":"http:\/\/www.luxorbis.org\/friedensplattform.at\/?p=3091"},"modified":"2013-06-03T06:51:41","modified_gmt":"2013-06-03T04:51:41","slug":"videochemiewaffen-in-syrien-wer-profitiert-von-der-pr-des-krieges","status":"publish","type":"post","link":"https:\/\/www.friedensplattform.at\/?p=3091","title":{"rendered":"Video:Chemiewaffen in Syrien: Wer profitiert von der PR des Krieges?"},"content":{"rendered":"<p><a title=\"mehr zu: Chemiewaffen in Syrien: &lt;br&gt;Wer profitiert von der PR des Krieges?\" href=\"http:\/\/www.wdr.de\/tv\/monitor\/sendungen\/2013\/0502\/syrien.php5\"><img decoding=\"async\" title=\" Rechte: WDR\" src=\"http:\/\/www.wdr.de\/tv\/monitor\/sendungen\/2013\/0502\/img\/Assad_klein.jpg\" alt=\"M\u00e4nner mit Gasmasken\" \/> <\/a><\/p>\n<p>Am 19. M\u00e4rz gingen im syrischen Aleppo wieder einmal Artilleriegranaten  nieder. Kurz darauf zeigten verwackelte Amateuraufnahmen sterbende  K\u00e4mpfer mit Symptomen, die angeblich auf den Einsatz der verbotenen  Massenvernichtungswaffe Sarin schlie\u00dfen lassen.<!--more--> Syrische Regierung und  Rebellen beschuldigen sich gegenseitig, Chemiewaffen eingesetzt zu  haben. Die US-Regierung h\u00e4lt Syriens Machthaber Assad mit hoher  Wahrscheinlichkeit f\u00fcr den Verantwortlichen. Viele Politiker fordern  jetzt eine milit\u00e4rische Intervention des Westens. Die rote Linie sei  \u00fcberschritten. Der Druck auf US-Pr\u00e4sident Obama w\u00e4chst. Dabei haben  Experten gro\u00dfen Zweifel an der Aussagekraft der vermeintlichen Beweise  und warnen vor einer Analogie zum Einmarsch in den Irak, der 2003 mit  fadenscheinigen Beweisen legitimiert wurde.  [<a title=\"mehr zu: Chemiewaffen in Syrien: &lt;br&gt;Wer profitiert von der PR des Krieges?\" href=\"http:\/\/www.wdr.de\/tv\/monitor\/sendungen\/2013\/0502\/syrien.php5\">zum Beitrag<\/a>]<\/p>\n<p>VIDEO anschauen&#8230;&#8230;<\/p>\n<p>http:\/\/www.wdr.de\/tv\/monitor\/index.php5<\/p>\n","protected":false},"excerpt":{"rendered":"<p>Am 19. M\u00e4rz gingen im syrischen Aleppo wieder einmal Artilleriegranaten nieder. Kurz darauf zeigten verwackelte Amateuraufnahmen sterbende K\u00e4mpfer mit Symptomen, die angeblich auf den Einsatz der verbotenen Massenvernichtungswaffe Sarin schlie\u00dfen lassen.<\/p>\n","protected":false},"author":2,"featured_media":0,"comment_status":"open","ping_status":"open","sticky":false,"template":"","format":"standard","meta":{"footnotes":""},"categories":[5,12],"tags":[],"class_list":["post-3091","post","type-post","status-publish","format-standard","hentry","category-arabischer-raum","category-hoeren-und-sehen"],"_links":{"self":[{"href":"https:\/\/www.friedensplattform.at\/index.php?rest_route=\/wp\/v2\/posts\/3091","targetHints":{"allow":["GET"]}}],"collection":[{"href":"https:\/\/www.friedensplattform.at\/index.php?rest_route=\/wp\/v2\/posts"}],"about":[{"href":"https:\/\/www.friedensplattform.at\/index.php?rest_route=\/wp\/v2\/types\/post"}],"author":[{"embeddable":true,"href":"https:\/\/www.friedensplattform.at\/index.php?rest_route=\/wp\/v2\/users\/2"}],"replies":[{"embeddable":true,"href":"https:\/\/www.friedensplattform.at\/index.php?rest_route=%2Fwp%2Fv2%2Fcomments&post=3091"}],"version-history":[{"count":0,"href":"https:\/\/www.friedensplattform.at\/index.php?rest_route=\/wp\/v2\/posts\/3091\/revisions"}],"wp:attachment":[{"href":"https:\/\/www.friedensplattform.at\/index.php?rest_route=%2Fwp%2Fv2%2Fmedia&parent=3091"}],"wp:term":[{"taxonomy":"category","embeddable":true,"href":"https:\/\/www.friedensplattform.at\/index.php?rest_route=%2Fwp%2Fv2%2Fcategories&post=3091"},{"taxonomy":"post_tag","embeddable":true,"href":"https:\/\/www.friedensplattform.at\/index.php?rest_route=%2Fwp%2Fv2%2Ftags&post=3091"}],"curies":[{"name":"wp","href":"https:\/\/api.w.org\/{rel}","templated":true}]}}