{"id":3093,"date":"2013-06-05T08:44:01","date_gmt":"2013-06-05T06:44:01","guid":{"rendered":"http:\/\/www.luxorbis.org\/friedensplattform.at\/?p=3093"},"modified":"2013-06-05T08:44:01","modified_gmt":"2013-06-05T06:44:01","slug":"shufapalaestina-strassensperren-wieder-errichtet","status":"publish","type":"post","link":"https:\/\/www.friedensplattform.at\/?p=3093","title":{"rendered":"Shufa\/Pal&#228;stina &#8211; Stra&#223;ensperren wieder errichtet"},"content":{"rendered":"<p><!--[if gte mso 9]><xml> <w:WordDocument> <w:View>Normal<\/w:View> <w:Zoom>0<\/w:Zoom> <w:HyphenationZone>21<\/w:HyphenationZone> <w:PunctuationKerning \/> <w:ValidateAgainstSchemas \/> <w:SaveIfXMLInvalid>false<\/w:SaveIfXMLInvalid> <w:IgnoreMixedContent>false<\/w:IgnoreMixedContent> <w:AlwaysShowPlaceholderText>false<\/w:AlwaysShowPlaceholderText> <w:Compatibility> <w:BreakWrappedTables \/> <w:SnapToGridInCell \/> <w:WrapTextWithPunct \/> <w:UseAsianBreakRules \/> <w:DontGrowAutofit \/> <\/w:Compatibility> <w:BrowserLevel>MicrosoftInternetExplorer4<\/w:BrowserLevel> <\/w:WordDocument> <\/xml><![endif]--><\/p>\n<p><!--[if gte mso 9]><xml> <w:LatentStyles DefLockedState=\"false\" LatentStyleCount=\"156\"> <\/w:LatentStyles> <\/xml><![endif]--><!--[if gte mso 10]> \n\n<style>\n \/* Style Definitions *\/\n table.MsoNormalTable\n\t{mso-style-name:\"Normale Tabelle\";\n\tmso-tstyle-rowband-size:0;\n\tmso-tstyle-colband-size:0;\n\tmso-style-noshow:yes;\n\tmso-style-parent:\"\";\n\tmso-padding-alt:0cm 5.4pt 0cm 5.4pt;\n\tmso-para-margin:0cm;\n\tmso-para-margin-bottom:.0001pt;\n\tmso-pagination:widow-orphan;\n\tfont-size:10.0pt;\n\tfont-family:\"Times New Roman\";\n\tmso-ansi-language:#0400;\n\tmso-fareast-language:#0400;\n\tmso-bidi-language:#0400;}\n<\/style>\n\n <![endif]--><\/p>\n<p class=\"MsoNormal\"><span lang=\"DE-AT\">Am Samstag wurden wir nach Shufa gerufen. Shufa (in Pal\u00e4stina) ist eine kleine Insel<span style=\"mso-spacerun: yes;\"> <\/span>in Area B (pal\u00e4stinensiche Vewaltung), um geben von israelischen (illegalen) Siedlungen (Settlments) und von Area C (israelische<span style=\"mso-spacerun: yes;\"> <\/span>zivile und miit\u00e4rischeVerwaltung).<\/span><\/p>\n<p class=\"MsoNormal\"><span lang=\"DE-AT\"><!--more--> Eine kurze Verbindungsstra\u00dfe, die zu den Feldern des Dorfes und nach<span style=\"mso-spacerun: yes;\"> <\/span>Ttulkarm f\u00fchrt,war 10 Jahre gesperrt, dann ein Jahr offen und wurde am Freitag 31.Mai 17.00 wieder durch schwere Betonbl\u00f6cke und hohe Erdw\u00e4lle abgesperrt. Die Bewohner kommen so schwer zu den Feldern, m\u00fcssen einen Umweg von 20km in Kauf nehmen.<\/span><\/p>\n<p class=\"MsoNormal\"><span lang=\"DE-AT\"> <\/span><\/p>\n<p class=\"MsoNormal\"><span lang=\"DE-AT\">Nach dem Einholen der Informationen nahmen wir einen Lokalaugenschein vor.Ich fragte die Soldaten, wie lange die Stra\u00dfe blockiert sein wird, ob der Entscheid de Aufl\u00f6sung der Sperre, ein Entscheid des obersten israelischen Gerichtshofes nicht mehr g\u00fcltig sei? Nein.<span style=\"mso-spacerun: yes;\"> <\/span>Die milit\u00e4rische Entcsheidung sei gefallen und g\u00fcltig: der Durchgang bleibt gesperrt.Es gilt Milit\u00e4rgesetz.<\/span><\/p>\n<p class=\"MsoNormal\"><span lang=\"DE-AT\"> <\/span><\/p>\n<p class=\"MsoNormal\"><span lang=\"DE-AT\">Einer fragte, woher ich komme, was ich hier \u00fcberhaupt<span style=\"mso-spacerun: yes;\"> <\/span>tue. Ich sollte lieber zur\u00fcck nach \u00d6sterreich, au\u00dferdem sei es<span style=\"mso-spacerun: yes;\"> <\/span>hier zu gef\u00e4hrlich. Diesmal musste ich zur\u00fcckfragen, woher er denn komme. Der Soldat meinte, dass er von hier sei. Ich konnte die Frage nicht verkneifen, n\u00e4mlich zu fragen, woher sein Vater, seine Mutter k\u00e4me&#8230;.ich brauchte die Antwort nicht abzuwarten, er wusste auch , was ich meinte. Er tue seine Pflicht, vollf\u00fchre Befehle und auch ich werde meine Pflicht tun und \u00fcber Fakten berichten. Meine Fotografiererei ging ihm trotzdem<span style=\"mso-spacerun: yes;\"> <\/span>auf den Wecker.<span style=\"mso-spacerun: yes;\"> <\/span>Man ist sich auch dessen bewusst, dass hier die Besatzungssoldaten das Sagen haben.<span style=\"mso-spacerun: yes;\"> <\/span>Manchmal beunruhigt unsere Pr\u00e4senz.<\/span><\/p>\n<p class=\"MsoNormal\"><span lang=\"DE-AT\"> <\/span><\/p>\n<p class=\"MsoNormal\"><span lang=\"DE-AT\">Am Sonntag waren wir wieder dort, redeten mit den Leuten und besuchten Famiien: Bauern konnten nicht auf ihre Felder, Sch\u00fcler und Studenten nicht zu ihren Schulen, es gibt keinen Markt mehr, das Dorf scheint wieder zu sterben. Die Leute wollen aber \u00fcberleben und das Land nicht den Siedlern \u00fcberlassen.<\/span><\/p>\n<p class=\"MsoNormal\"><span lang=\"DE-AT\"> <\/span><\/p>\n<p class=\"MsoNormal\"><span lang=\"DE-AT\">J. Windischer (EAPPI Tulkarm Team)<span style=\"mso-spacerun: yes;\"> <\/span>verfasst am 4.6.2013<\/span><\/p>\n","protected":false},"excerpt":{"rendered":"<p>Am Samstag wurden wir nach Shufa gerufen. Shufa (in Pal\u00e4stina) ist eine kleine Insel in Area B (pal\u00e4stinensiche Vewaltung), um geben von israelischen (illegalen) Siedlungen (Settlments) und von Area C (israelische zivile und miit\u00e4rischeVerwaltung).<\/p>\n","protected":false},"author":3,"featured_media":0,"comment_status":"open","ping_status":"open","sticky":false,"template":"","format":"standard","meta":{"footnotes":""},"categories":[18],"tags":[],"class_list":["post-3093","post","type-post","status-publish","format-standard","hentry","category-palaestina-solidaritaet"],"_links":{"self":[{"href":"https:\/\/www.friedensplattform.at\/index.php?rest_route=\/wp\/v2\/posts\/3093","targetHints":{"allow":["GET"]}}],"collection":[{"href":"https:\/\/www.friedensplattform.at\/index.php?rest_route=\/wp\/v2\/posts"}],"about":[{"href":"https:\/\/www.friedensplattform.at\/index.php?rest_route=\/wp\/v2\/types\/post"}],"author":[{"embeddable":true,"href":"https:\/\/www.friedensplattform.at\/index.php?rest_route=\/wp\/v2\/users\/3"}],"replies":[{"embeddable":true,"href":"https:\/\/www.friedensplattform.at\/index.php?rest_route=%2Fwp%2Fv2%2Fcomments&post=3093"}],"version-history":[{"count":0,"href":"https:\/\/www.friedensplattform.at\/index.php?rest_route=\/wp\/v2\/posts\/3093\/revisions"}],"wp:attachment":[{"href":"https:\/\/www.friedensplattform.at\/index.php?rest_route=%2Fwp%2Fv2%2Fmedia&parent=3093"}],"wp:term":[{"taxonomy":"category","embeddable":true,"href":"https:\/\/www.friedensplattform.at\/index.php?rest_route=%2Fwp%2Fv2%2Fcategories&post=3093"},{"taxonomy":"post_tag","embeddable":true,"href":"https:\/\/www.friedensplattform.at\/index.php?rest_route=%2Fwp%2Fv2%2Ftags&post=3093"}],"curies":[{"name":"wp","href":"https:\/\/api.w.org\/{rel}","templated":true}]}}