{"id":3108,"date":"2013-06-12T21:38:20","date_gmt":"2013-06-12T19:38:20","guid":{"rendered":"http:\/\/www.luxorbis.org\/friedensplattform.at\/?p=3108"},"modified":"2013-06-12T21:38:20","modified_gmt":"2013-06-12T19:38:20","slug":"glueckliche-momente-fuer-einen-sekretaer-von-pax-christi","status":"publish","type":"post","link":"https:\/\/www.friedensplattform.at\/?p=3108","title":{"rendered":"Gl&#252;ckliche Momente f&#252;r einen Sekret&#228;r von Pax Christi"},"content":{"rendered":"<p><!--[if gte mso 9]><xml> <w:WordDocument> <w:View>Normal<\/w:View> <w:Zoom>0<\/w:Zoom> <w:HyphenationZone>21<\/w:HyphenationZone> <w:PunctuationKerning \/> <w:ValidateAgainstSchemas \/> <w:SaveIfXMLInvalid>false<\/w:SaveIfXMLInvalid> <w:IgnoreMixedContent>false<\/w:IgnoreMixedContent> <w:AlwaysShowPlaceholderText>false<\/w:AlwaysShowPlaceholderText> <w:Compatibility> <w:BreakWrappedTables \/> <w:SnapToGridInCell \/> <w:WrapTextWithPunct \/> <w:UseAsianBreakRules \/> <w:DontGrowAutofit \/> <\/w:Compatibility> <w:BrowserLevel>MicrosoftInternetExplorer4<\/w:BrowserLevel> <\/w:WordDocument> <\/xml><![endif]--><\/p>\n<p><!--[if gte mso 9]><xml> <w:LatentStyles DefLockedState=\"false\" LatentStyleCount=\"156\"> <\/w:LatentStyles> <\/xml><![endif]--><!--[if gte mso 10]>\n<mce:style><!   \/* Style Definitions *\/  table.MsoNormalTable \t{mso-style-name:\"Normale Tabelle\"; \tmso-tstyle-rowband-size:0; \tmso-tstyle-colband-size:0; \tmso-style-noshow:yes; \tmso-style-parent:\"\"; \tmso-padding-alt:0cm 5.4pt 0cm 5.4pt; \tmso-para-margin:0cm; \tmso-para-margin-bottom:.0001pt; \tmso-pagination:widow-orphan; \tfont-size:10.0pt; \tfont-family:\"Times New Roman\"; \tmso-ansi-language:#0400; \tmso-fareast-language:#0400; \tmso-bidi-language:#0400;} --><\/p>\n<p><!--[endif] --><\/p>\n<h3 class=\"MsoNormal\">J. Windischer- EAPPI Team , Bericht vom 11.6.13<\/h3>\n<p class=\"MsoNormal\">Ich traf Ruth Hiller. Ruth Hiller lebt in Haifa, Israeli, engagiertes Mitglied einer starken<span style=\"mso-spacerun: yes;\"> <\/span>pazifistischen Bewegung.<!--more--><\/p>\n<p class=\"MsoNormal\">F\u00fcr Israelis ist es normal: junge Frauen m\u00fcssen 2 Jahre, junge M\u00e4nner m\u00fcssen 3 Jahre in die Armee. Es gilt die Wehrpflicht. Wehrpflicht hei\u00dft auch, Schie\u00dfbefehle, Haussprengungen, Vefolgungen, gezielte T\u00f6tungen<span style=\"mso-spacerun: yes;\"> <\/span>zu exekutieren.<span style=\"mso-spacerun: yes;\"> <\/span><\/p>\n<p class=\"MsoNormal\">Vor einigen Jahren beschloss einer der S\u00f6hne von Ruth, den Wehrdienst zu verweigern. Ein Schock f\u00fcr Familie und Kibbutz. Die Familie entschied sich, den Sohn in diesen Belangen zu unterst\u00fctzen. Schriften von M.L. King, von M. Ghandi wurden besorgt und studiert. Hebr\u00e4ische \u00dcbersetzungen lagen nicht vor. Das war die Geburtsstunde(1998) von:<span style=\"mso-spacerun: yes;\"> <\/span><a href=\"http:\/\/www.newprofile.org\/\">www.newprofile.org<\/a> \u2013 Bewegung f\u00fcr Zivilisierung der israelischen Gesellschaft. New Profil versucht die vorherrschende milit\u00e4rische Profil Israels durch ein humanistisches und egalit\u00e4res Profil zu ersetzen. Die Bewegung hat einige hundert Mitglieder: M\u00e4nner und Frauen aller Altersstufen.<\/p>\n<p class=\"MsoNormal\">Ruth kritisierte die Militarisierung der israelischen Gesellschaft, den unkritischen Gehorsam, die Glorifizierungen des Milit\u00e4rdienstes, die nicht hinterfragte Praxis des bewaffneten Kampfes. Die Friedensbewegung m\u00f6chte das Ende der Besatzernation und einen respektvolle Nachbarschaft von Israelis und Pal\u00e4stinensern.<\/p>\n<p class=\"MsoNormal\" style=\"margin-left: 36.0pt; text-indent: -18.0pt; mso-list: l0 level1 lfo1; tab-stops: list 36.0pt;\"><span style=\"font-family: Symbol; mso-fareast-font-family: Symbol; mso-bidi-font-family: Symbol;\"><span style=\"mso-list: Ignore;\">\u00b7<span style=\"font: 7.0pt &quot;Times New Roman&quot;;\"> <\/span><\/span><\/span>Es ist nicht normal , wenn in Schule, Kultur und Medien die Anwendung von Gewalt als akzeptables, normales Mittel zur L\u00f6sung von politischen Problemen gesehen wird.<\/p>\n<p class=\"MsoNormal\" style=\"margin-left: 36.0pt; text-indent: -18.0pt; mso-list: l0 level1 lfo1; tab-stops: list 36.0pt;\"><span style=\"font-family: Symbol; mso-fareast-font-family: Symbol; mso-bidi-font-family: Symbol;\"><span style=\"mso-list: Ignore;\">\u00b7<span style=\"font: 7.0pt &quot;Times New Roman&quot;;\"> <\/span><\/span><\/span>Es ist nicht normal, wenn das israelische Gesetz das allgemeine Menschenrecht auf Wehrdienstverweigerung nicht anerkennt.<\/p>\n<p class=\"MsoNormal\" style=\"margin-left: 36.0pt; text-indent: -18.0pt; mso-list: l0 level1 lfo1; tab-stops: list 36.0pt;\"><span style=\"font-family: Symbol; mso-fareast-font-family: Symbol; mso-bidi-font-family: Symbol;\"><span style=\"mso-list: Ignore;\">\u00b7<span style=\"font: 7.0pt &quot;Times New Roman&quot;;\"> <\/span><\/span><\/span>Es ist nicht normal, wenn Entscheidungstr\u00e4ger eines Landes ehemalige Offiziere sind, zudem nur j\u00fcdische M\u00e4nner. Frauen, Migranten, Pal\u00e4stinenser, Menschen mit Einschr\u00e4nkungen, Arme und andere Minderheiten haben in Entscheidungen kaum eine Stimme.<\/p>\n<p class=\"MsoNormal\">Ruth Hiller und New Profile spricht sich gegen verpflichenden Zivildienst aus, abgesehen davon, dass es dies in Israel nicht gibt, Menschen sollen den Beitrag , den sie f\u00fcr die Gesellschaft leisten wollen, freiwillig w\u00e4hlen d\u00fcrfen. Zivildienst darf nicht<span style=\"mso-spacerun: yes;\"> <\/span>Arbeitspl\u00e4tze vernichten. Kein Zwang f\u00fcr den Dienst am Menschen.<\/p>\n<p class=\"MsoNormal\">Israel sei nicht mehr ein Land mit einer Armee,<span style=\"mso-spacerun: yes;\"> <\/span>sondern viel mehr eine Armee mit einem Land, so die Einsch\u00e4tzung von Ruth Miller. Ruth bedauerte das Leiden der Soldaten, die hohe Selbstmordrate und die massiven psychischen Probleme von Hunderten von Soldaten nach geleistetem Wehrdienst.<\/p>\n<p class=\"MsoNormal\">Mitten in Israel \u2013 eine gl\u00fcckliche Begegnung f\u00fcr einen Mitarbeiter von Pax Christi. Gro\u00dfe Bewunderung vor Pazifistinnen, die in Israel und anderswo einen sehr, sehr schweren Stand haben. Sie werden diskriminiert und verfolgt, riskieren ihre Leben.<\/p>\n<p class=\"MsoNormal\">\n<p class=\"MsoNormal\">J. Windischer (EAPPI Tulkarm\/Pal\u00e4stina)<span style=\"mso-spacerun: yes;\"> <\/span>verfasst 11.6.2013<\/p>\n<p class=\"MsoNormal\">Dr. Mag. Josef (Jussuf) Windischer<br \/>\n&gt; Pax Christi \u00d6sterreich &#8211; Generalsekret\u00e4rwww.paxchristi.at<br \/>\n&gt; A &#8211; 6020 Innsbruck<br \/>\n&gt; B\u00fcro: Haus der Begegnung, Rennweg 12   Privat: Gumppstra\u00dfe 69a<br \/>\n&gt;<br \/>\n&gt; bis 15.7.2013: EAPPI in Tulkarm\/Pal\u00e4stina    skype: jussufwi1<br \/>\n&gt;<\/p>\n","protected":false},"excerpt":{"rendered":"<p>J. Windischer- EAPPI Team , Bericht vom 11.6.13 Ich traf Ruth Hiller. Ruth Hiller lebt in Haifa, Israeli, engagiertes Mitglied einer starken pazifistischen Bewegung.<\/p>\n","protected":false},"author":2,"featured_media":0,"comment_status":"open","ping_status":"open","sticky":false,"template":"","format":"standard","meta":{"footnotes":""},"categories":[18],"tags":[],"class_list":["post-3108","post","type-post","status-publish","format-standard","hentry","category-palaestina-solidaritaet"],"_links":{"self":[{"href":"https:\/\/www.friedensplattform.at\/index.php?rest_route=\/wp\/v2\/posts\/3108","targetHints":{"allow":["GET"]}}],"collection":[{"href":"https:\/\/www.friedensplattform.at\/index.php?rest_route=\/wp\/v2\/posts"}],"about":[{"href":"https:\/\/www.friedensplattform.at\/index.php?rest_route=\/wp\/v2\/types\/post"}],"author":[{"embeddable":true,"href":"https:\/\/www.friedensplattform.at\/index.php?rest_route=\/wp\/v2\/users\/2"}],"replies":[{"embeddable":true,"href":"https:\/\/www.friedensplattform.at\/index.php?rest_route=%2Fwp%2Fv2%2Fcomments&post=3108"}],"version-history":[{"count":0,"href":"https:\/\/www.friedensplattform.at\/index.php?rest_route=\/wp\/v2\/posts\/3108\/revisions"}],"wp:attachment":[{"href":"https:\/\/www.friedensplattform.at\/index.php?rest_route=%2Fwp%2Fv2%2Fmedia&parent=3108"}],"wp:term":[{"taxonomy":"category","embeddable":true,"href":"https:\/\/www.friedensplattform.at\/index.php?rest_route=%2Fwp%2Fv2%2Fcategories&post=3108"},{"taxonomy":"post_tag","embeddable":true,"href":"https:\/\/www.friedensplattform.at\/index.php?rest_route=%2Fwp%2Fv2%2Ftags&post=3108"}],"curies":[{"name":"wp","href":"https:\/\/api.w.org\/{rel}","templated":true}]}}