{"id":311,"date":"2008-04-21T23:06:10","date_gmt":"2008-04-21T21:06:10","guid":{"rendered":"http:\/\/www.luxorbis.org\/friedensplattform.at\/?p=311"},"modified":"2008-04-21T23:06:10","modified_gmt":"2008-04-21T21:06:10","slug":"fur-eine-volksabstimmung-uber-den-neuen-eu-vertrag","status":"publish","type":"post","link":"https:\/\/www.friedensplattform.at\/?p=311","title":{"rendered":"F&#252;r eine Volksabstimmung &#252;ber den neuen EU-Vertrag"},"content":{"rendered":"<p>Die Werkstatt f\u00fcr Frieden und Solidarit\u00e4t hat einen offenen Brief an alle Bundesrats-Abgeordneten verfasst in welchem er sie auffordert f\u00fcr eine Volksabstimmung einzutreten!<\/p>\n<p><a href=\"http:\/\/www.werkstatt.or.at\/Forum\/VolksabstimmungEUVertragBR.php\" title=\"Friwe\" target=\"_blank\">Offenen Brief lesen und unterst\u00fctzen\u00a0<\/a><\/p>\n","protected":false},"excerpt":{"rendered":"<p>Die Werkstatt f\u00fcr Frieden und Solidarit\u00e4t hat einen offenen Brief an alle Bundesrats-Abgeordneten verfasst in welchem er sie auffordert f\u00fcr eine Volksabstimmung einzutreten! Offenen Brief lesen und unterst\u00fctzen\u00a0<\/p>\n","protected":false},"author":1,"featured_media":0,"comment_status":"open","ping_status":"open","sticky":false,"template":"","format":"standard","meta":{"footnotes":""},"categories":[11],"tags":[],"class_list":["post-311","post","type-post","status-publish","format-standard","hentry","category-eu-reformvertrag"],"_links":{"self":[{"href":"https:\/\/www.friedensplattform.at\/index.php?rest_route=\/wp\/v2\/posts\/311","targetHints":{"allow":["GET"]}}],"collection":[{"href":"https:\/\/www.friedensplattform.at\/index.php?rest_route=\/wp\/v2\/posts"}],"about":[{"href":"https:\/\/www.friedensplattform.at\/index.php?rest_route=\/wp\/v2\/types\/post"}],"author":[{"embeddable":true,"href":"https:\/\/www.friedensplattform.at\/index.php?rest_route=\/wp\/v2\/users\/1"}],"replies":[{"embeddable":true,"href":"https:\/\/www.friedensplattform.at\/index.php?rest_route=%2Fwp%2Fv2%2Fcomments&post=311"}],"version-history":[{"count":0,"href":"https:\/\/www.friedensplattform.at\/index.php?rest_route=\/wp\/v2\/posts\/311\/revisions"}],"wp:attachment":[{"href":"https:\/\/www.friedensplattform.at\/index.php?rest_route=%2Fwp%2Fv2%2Fmedia&parent=311"}],"wp:term":[{"taxonomy":"category","embeddable":true,"href":"https:\/\/www.friedensplattform.at\/index.php?rest_route=%2Fwp%2Fv2%2Fcategories&post=311"},{"taxonomy":"post_tag","embeddable":true,"href":"https:\/\/www.friedensplattform.at\/index.php?rest_route=%2Fwp%2Fv2%2Ftags&post=311"}],"curies":[{"name":"wp","href":"https:\/\/api.w.org\/{rel}","templated":true}]}}