{"id":3113,"date":"2013-06-19T06:49:53","date_gmt":"2013-06-19T04:49:53","guid":{"rendered":"http:\/\/www.luxorbis.org\/friedensplattform.at\/?p=3113"},"modified":"2013-06-19T06:49:53","modified_gmt":"2013-06-19T04:49:53","slug":"frankreich-ehemaliger-aussenminister-dumas-krieg-gegen-syrien-von-langer-hand-geplant","status":"publish","type":"post","link":"https:\/\/www.friedensplattform.at\/?p=3113","title":{"rendered":"Frankreich ehemaliger Au&#223;enminister Dumas: \u201cKrieg gegen Syrien von langer Hand geplant\u201d"},"content":{"rendered":"<h2><strong>Ehemaliger Au\u00dfenminister Roland Dumas jetzt: Der Krieg  gegen Syrien wurde bereits zwei Jahre vor dem \u201carabischen Fr\u00fchling\u201d  geplant.<\/strong><\/h2>\n<p><strong>Ex-NATO-Oberbefehlshaber Wesley Clark berichte. dass er im  November 2001 im Pentagon erfuhr, dass Krieg gegen Syrien, den Libanon,  Libyen, den Iran, Somalia und den Sudan geplant seien<\/strong>.<!--more--><\/p>\n<p>In einem Interview mit dem Fernsehsender LCP sagte der ehemalige Au\u00dfenminister Roland Dumas jetzt:<\/p>\n<p>\u201dIch werde Ihnen etwas sagen. Ich war zwei Jahre vor dem Beginn der  Gewaltausbr\u00fcche in Syrien wegen anderer Unterredungen in England.  W\u00e4hrend meines Aufenthaltes dort traf ich mich mit britischen  Spitzenbeamten, die mir gegen\u00fcber \u00e4usserten, dass man sich darauf  vorbereite, etwas in Syrien zu unternehmen.\u201d<\/p>\n<p>\u201cDies war in Gro\u00dfbritannien und nicht in den USA. Gro\u00dfbritannien  bereitete die Organisation einer Invasion von Rebellen in Syrien vor.  Sie fragten mich sogar, obwohl ich nicht mehr Au\u00dfenminister war, ob ich  mich an den Vorbereitungen beteiligen wolle.<br \/>\nNat\u00fcrlich weigerte ich mich, ich sagte ihnen, ich bin aus Frankreich, das interessiert mich nicht.\u201d<\/p>\n<p>Dumas fuhr dann im Interview fort damit, dem Publikum eine schnelle  Lektion \u00fcber den wahren Grund f\u00fcr den Krieg zu geben. Ein Krieg, der bis  heute Zehntausenden von Menschen das Leben gekostet hat.<\/p>\n<p>Dumas sagte w\u00f6rtlich: \u201dDieser Vorgang geht weit zur\u00fcck. Alles war  vorbereitet, vorausberechnet und geplant \u2026 in dieser Region ist es  wichtig zu wissen, dass das syrische Regime eine sehr anti-israelische  Haltung hat.\u201d<\/p>\n<p>\u201cNach diesem Schema bewegt sich alles, was in der Region geschieht,  und ich habe dies vom ehemaligen israelischen Ministerpr\u00e4sidenten, der  mir sagte: \u201cWir werden versuchen, wieder mit unseren Nachbarn  auszukommen, aber diejenigen, die nicht mit uns einverstanden sind,  werden vernichtet.\u201d<\/p>\n<p>\u201cDies ist eine Art von Politik, ein Blick auf die Geschichte, warum auch nicht. Aber man sollte es wissen.\u201d<\/p>\n<p><span class=\"embed-youtube\" style=\"text-align: center; display: block;\"> <\/span><\/p>\n<p><strong>Syrien:\u00a0 Ex-NATO-Oberbefehlshaber Wesley Clark am 22. Mai 2011: Intervention in Syrien m\u00f6glich<\/strong><\/p>\n<p><span class=\"embed-youtube\" style=\"text-align: center; display: block;\"> <\/span><\/p>\n<div>\n<p>Clark sagte schon 2011 im Interview mit der \u00f6sterreichischen Zeitung <em>Der Standard<\/em>:  \u201cBashar al-Assad k\u00f6nnte das gleiche Schicksal wie Gaddafi ereilen, wenn  er jetzt nicht seine Armee und Sicherheitskr\u00e4fte unter Kontrolle  bringt. Die geostrategische Bedeutung Libyens machen \u00d6l und Menschen  aus. Im Fall Syrien ist das geostrategische Gewicht ein v\u00f6llig anderes:  Wenn Assad dort einen humanit\u00e4ren Anlass f\u00fcr eine Aktion gibt, k\u00f6nnte  die Entscheidung daf\u00fcr durchaus beschleunigt werden, weil der Wert eines  Wandels in Syrien als sehr hoch eingesch\u00e4tzt wird. Assad bewegt sich  derzeit auf sehr d\u00fcnnem Eis.\u201d<\/p>\n<p>Schon 2003 hielt Clark einen <a href=\"http:\/\/www.netzeitung.de\/qt\/234867.html\" target=\"_blank\">US-Krieg gegen Syrien f\u00fcr m\u00f6glich<\/a>.  2004 schrieb er in seinem Buch \u201cWinning Modern Wars\u201d (dt.: Das andere  Amerika), dass er schon 2001 von Kriegspl\u00e4nen u.a. gegen Syrien erfuhr  (S. 167). \u201cAls ich im November 2001 das Pentagon aufsuchte, hatt ein  hochrangiger Stabsoffizier Zeit f\u00fcr eine Unterhaltung. Er best\u00e4tigte  mir, dass die Operationen gegen den Irak vorangetrieben wurden. Doch das  war nicht alles. Diese Aktion sollte Teil eines auf f\u00fcnf Jahre  angelegten Planes sein, der neben dem Irak noch weitere sechs L\u00e4nder  umfasste: Syrien, den Libanon, Libyen, den Iran, Somalia und den Sudan.  \u2026\u201d<\/p>\n<p>Im Jahr 2007 berichtete er in einem <a href=\"http:\/\/www.democracynow.org\/2007\/3\/2\/gen_wesley_clark_weighs_presidential_bid\" target=\"_blank\">Gespr\u00e4ch mit Democracy Now<\/a> von den Kriegspl\u00e4nen.<\/p>\n<p>Aus: <a href=\"http:\/\/\">http:\/\/cooptv.wordpress.com\/2013\/06\/16\/frankreich-ehemaliger-ausenminister-dumas-krieg-gegen-syrien-von-langer-hand-geplant\/<\/a><\/p>\n<p><span class=\"embed-youtube\" style=\"text-align: center; display: block;\"> <\/span><\/div>\n","protected":false},"excerpt":{"rendered":"<p>Ehemaliger Au\u00dfenminister Roland Dumas jetzt: Der Krieg gegen Syrien wurde bereits zwei Jahre vor dem \u201carabischen Fr\u00fchling\u201d geplant. Ex-NATO-Oberbefehlshaber Wesley Clark berichte. dass er im November 2001 im Pentagon erfuhr, dass Krieg gegen Syrien, den Libanon, Libyen, den Iran, Somalia und den Sudan geplant seien.<\/p>\n","protected":false},"author":3,"featured_media":0,"comment_status":"open","ping_status":"open","sticky":false,"template":"","format":"standard","meta":{"footnotes":""},"categories":[5],"tags":[],"class_list":["post-3113","post","type-post","status-publish","format-standard","hentry","category-arabischer-raum"],"_links":{"self":[{"href":"https:\/\/www.friedensplattform.at\/index.php?rest_route=\/wp\/v2\/posts\/3113","targetHints":{"allow":["GET"]}}],"collection":[{"href":"https:\/\/www.friedensplattform.at\/index.php?rest_route=\/wp\/v2\/posts"}],"about":[{"href":"https:\/\/www.friedensplattform.at\/index.php?rest_route=\/wp\/v2\/types\/post"}],"author":[{"embeddable":true,"href":"https:\/\/www.friedensplattform.at\/index.php?rest_route=\/wp\/v2\/users\/3"}],"replies":[{"embeddable":true,"href":"https:\/\/www.friedensplattform.at\/index.php?rest_route=%2Fwp%2Fv2%2Fcomments&post=3113"}],"version-history":[{"count":0,"href":"https:\/\/www.friedensplattform.at\/index.php?rest_route=\/wp\/v2\/posts\/3113\/revisions"}],"wp:attachment":[{"href":"https:\/\/www.friedensplattform.at\/index.php?rest_route=%2Fwp%2Fv2%2Fmedia&parent=3113"}],"wp:term":[{"taxonomy":"category","embeddable":true,"href":"https:\/\/www.friedensplattform.at\/index.php?rest_route=%2Fwp%2Fv2%2Fcategories&post=3113"},{"taxonomy":"post_tag","embeddable":true,"href":"https:\/\/www.friedensplattform.at\/index.php?rest_route=%2Fwp%2Fv2%2Ftags&post=3113"}],"curies":[{"name":"wp","href":"https:\/\/api.w.org\/{rel}","templated":true}]}}