{"id":3115,"date":"2013-06-20T06:57:49","date_gmt":"2013-06-20T04:57:49","guid":{"rendered":"http:\/\/www.luxorbis.org\/friedensplattform.at\/?p=3115"},"modified":"2013-06-20T06:57:49","modified_gmt":"2013-06-20T04:57:49","slug":"treffen-mit-dem-landeshauptmann-von-tulkarm","status":"publish","type":"post","link":"https:\/\/www.friedensplattform.at\/?p=3115","title":{"rendered":"Treffen mit dem Landeshauptmann von Tulkarm"},"content":{"rendered":"<p><!--[if gte mso 9]><xml> <w:WordDocument> <w:View>Normal<\/w:View> <w:Zoom>0<\/w:Zoom> <w:HyphenationZone>21<\/w:HyphenationZone> <w:PunctuationKerning \/> <w:ValidateAgainstSchemas \/> <w:SaveIfXMLInvalid>false<\/w:SaveIfXMLInvalid> <w:IgnoreMixedContent>false<\/w:IgnoreMixedContent> <w:AlwaysShowPlaceholderText>false<\/w:AlwaysShowPlaceholderText> <w:Compatibility> <w:BreakWrappedTables \/> <w:SnapToGridInCell \/> <w:WrapTextWithPunct \/> <w:UseAsianBreakRules \/> <w:DontGrowAutofit \/> <\/w:Compatibility> <w:BrowserLevel>MicrosoftInternetExplorer4<\/w:BrowserLevel> <\/w:WordDocument> <\/xml><![endif]--><\/p>\n<p><!--[if gte mso 9]><xml> <w:LatentStyles DefLockedState=\"false\" LatentStyleCount=\"156\"> <\/w:LatentStyles> <\/xml><![endif]--><!--[if gte mso 10]> \n\n<style>\n \/* Style Definitions *\/\n table.MsoNormalTable\n\t{mso-style-name:\"Normale Tabelle\";\n\tmso-tstyle-rowband-size:0;\n\tmso-tstyle-colband-size:0;\n\tmso-style-noshow:yes;\n\tmso-style-parent:\"\";\n\tmso-padding-alt:0cm 5.4pt 0cm 5.4pt;\n\tmso-para-margin:0cm;\n\tmso-para-margin-bottom:.0001pt;\n\tmso-pagination:widow-orphan;\n\tfont-size:10.0pt;\n\tfont-family:\"Times New Roman\";\n\tmso-ansi-language:#0400;\n\tmso-fareast-language:#0400;\n\tmso-bidi-language:#0400;}\n<\/style>\n\n <![endif]--><\/p>\n<h2 class=\"MsoNormal\">J. Windischer, EAPPI Tulkarm: <!--more--><\/h2>\n<p class=\"MsoNormal\">Treffen mit dem Landeshauptmann von Tulkarm \u2013 ein politischer Kommentar<\/p>\n<p class=\"MsoNormal\">\n<p class=\"MsoNormal\">Gestern: gro\u00dfe Schlagzeilen in \u201eHaaretz\u201c: \u201eEnde der Zweistaatendiskussion\u201c.- dies ist offiziell. Expr\u00e4sident Clinton bedauert diese offiziellen Stellungnahmen Israels.<\/p>\n<p class=\"MsoNormal\">\n<p class=\"MsoNormal\">In der Fr\u00fch stehen wir bei den Checkpoints und Agricultuergates, sind von Mauern, Z\u00e4unen und Stacheldraht und Durchschleusungssystemen umgeben. Wir suchen nach politischen Interpretationen. Deshalb trafen wir uns mit Talal Dweihat , dem Landeshauptmann (Governor) vom Bezirk Tulkarm (170.000Ew) Innerhalb von 3 Monaten war unser Team zwei mal beim Landeshauptmann. Er nahm sich jeweils ca 2 Stunden Zeit.,um menschliche und politische Probleme zu er\u00f6rtern.<\/p>\n<p class=\"MsoNormal\"><span style=\"mso-spacerun: yes;\"> <\/span>Tayba (bei Tulkarm)<span style=\"mso-spacerun: yes;\"> <\/span>ist einer der 3 wichtigsten Checkpoints f\u00fcr Israel. Pal\u00e4stina ist u.a. eine Arbeitskr\u00e4ftereservoir f\u00fcr Israel.T\u00e4glich str\u00f6men nur durch diesen Checkpoint 5.000 -7.000, in Spitzenzeiten 10.000 Arbeiter von besetzten Pal\u00e4stina nach Israel,<span style=\"mso-spacerun: yes;\"> <\/span>Es herrschen unmenschliche, brutale und unglaubliche Zust\u00e4nde. Nicht nur die Einreiseformalit\u00e4ten sind dem\u00fctigend, am<span style=\"mso-spacerun: yes;\"> <\/span>brutalsten ist der Zugang, was logisch ist , wenn sich Tausende von Menschen hineindr\u00e4ngen. Was fordern die israelischen Autorit\u00e4ten: dass die pal\u00e4stinensischen Autorit\u00e4ten die Zug\u00e4nge organisieren, polizeilich \u00fcberwachen, sich um Hygiene u.a.m. k\u00fcmmern. US Aids und die US Adminstration wollen den Checkpoint mittels einer gro\u00dfen finanziellen Zuwendung<span style=\"mso-spacerun: yes;\"> <\/span>ausbauen. Wir waren Zeugen, wie eine US Delegation mit 3 Riesenautos und ca 15 sonnenbebrillten Securitys das Elend live<span style=\"mso-spacerun: yes;\"> <\/span>besichtigten, um ihr Projekt zu planen.<span style=\"mso-spacerun: yes;\"> <\/span>Die metallbegitterten Zug\u00e4nge, sollen durch Betonkan\u00e4le ersetzt werden.<\/p>\n<p class=\"MsoNormal\">\n<p class=\"MsoNormal\">Zurecht sagt der Landeshauptmann, dass<span style=\"mso-spacerun: yes;\"> <\/span>humanit\u00e4re Verbesserungen willkommen sind<span style=\"mso-spacerun: yes;\"> <\/span>z.B. k\u00fcrzere Wartezeiten, Vermeidung von Dr\u00e4ngen und Massenpanik,<span style=\"mso-spacerun: yes;\"> <\/span>Abtransportm\u00f6glichkeiten f\u00fcr Bewusstlose,<span style=\"mso-spacerun: yes;\"> <\/span>Sitzgelegenheiten (z.Z. gibt es keine einzige , es gibt auch keine einzige Toilette, obwohl Leute 3,4 Stunden warten) u.a.m. Diese Investitionen betonieren aber einen Unrechtszustand. Unrechtssituationen k\u00f6nnen nicht durch Spenden, US Investitionen und Versch\u00f6nerungsvereine hinwegretouchiert werden.<\/p>\n<p class=\"MsoNormal\">\n<p class=\"MsoNormal\">\u201eEs braucht eine politische L\u00f6sung\u201c,so Dweihat,<span style=\"mso-spacerun: yes;\"> <\/span>nicht die \u201eHumanisierung\u201c von Unrechtssystemen. Es braucht politische L\u00f6sungen \u2013 Verhandlungen auf Augenh\u00f6he.<\/p>\n<p class=\"MsoNormal\">Erfreut ist der Landeshauptmann bzgl. des Abstimmungsverhaltens \u00d6sterreichs bei der UNO, gro\u00dfe Hochachtung vor dem Bundespr\u00e4sidenten Fischer. Die politische Interpretation des Abzugs der \u00f6sterreichischen Golantruppen und die stattfindenden israelischen Milit\u00e4r\u00fcbungen lassen nichts gutes ahnen: Krieg&#8230;..\u201cdie d\u00fcmmste politische Handlungsweise\u201c, so der Landeshauptmann von Tulkarm.<\/p>\n<p class=\"MsoNormal\">\n<p class=\"MsoNormal\">J.Windischer<span style=\"mso-spacerun: yes;\"> <\/span>(EAPPI Tulkarm) 18.Juni 2013<\/p>\n","protected":false},"excerpt":{"rendered":"<p>J. Windischer, EAPPI Tulkarm:<\/p>\n","protected":false},"author":2,"featured_media":0,"comment_status":"open","ping_status":"open","sticky":false,"template":"","format":"standard","meta":{"footnotes":""},"categories":[18],"tags":[],"class_list":["post-3115","post","type-post","status-publish","format-standard","hentry","category-palaestina-solidaritaet"],"_links":{"self":[{"href":"https:\/\/www.friedensplattform.at\/index.php?rest_route=\/wp\/v2\/posts\/3115","targetHints":{"allow":["GET"]}}],"collection":[{"href":"https:\/\/www.friedensplattform.at\/index.php?rest_route=\/wp\/v2\/posts"}],"about":[{"href":"https:\/\/www.friedensplattform.at\/index.php?rest_route=\/wp\/v2\/types\/post"}],"author":[{"embeddable":true,"href":"https:\/\/www.friedensplattform.at\/index.php?rest_route=\/wp\/v2\/users\/2"}],"replies":[{"embeddable":true,"href":"https:\/\/www.friedensplattform.at\/index.php?rest_route=%2Fwp%2Fv2%2Fcomments&post=3115"}],"version-history":[{"count":0,"href":"https:\/\/www.friedensplattform.at\/index.php?rest_route=\/wp\/v2\/posts\/3115\/revisions"}],"wp:attachment":[{"href":"https:\/\/www.friedensplattform.at\/index.php?rest_route=%2Fwp%2Fv2%2Fmedia&parent=3115"}],"wp:term":[{"taxonomy":"category","embeddable":true,"href":"https:\/\/www.friedensplattform.at\/index.php?rest_route=%2Fwp%2Fv2%2Fcategories&post=3115"},{"taxonomy":"post_tag","embeddable":true,"href":"https:\/\/www.friedensplattform.at\/index.php?rest_route=%2Fwp%2Fv2%2Ftags&post=3115"}],"curies":[{"name":"wp","href":"https:\/\/api.w.org\/{rel}","templated":true}]}}