{"id":312,"date":"2008-04-22T21:33:04","date_gmt":"2008-04-22T19:33:04","guid":{"rendered":"http:\/\/www.luxorbis.org\/friedensplattform.at\/?p=312"},"modified":"2008-04-22T21:33:04","modified_gmt":"2008-04-22T19:33:04","slug":"artikel-der-ag-friedensforschung-mexiko-exportiert-mais-und-verarmte-bauern","status":"publish","type":"post","link":"https:\/\/www.friedensplattform.at\/?p=312","title":{"rendered":"Artikel der AG Friedensforschung: Mexiko exportiert Mais und verarmte Bauern"},"content":{"rendered":"<p>Ern\u00e4hrungskrise: Weltbank und IWF warnen vor einer grassierenden Hungersnot<\/p>\n<p><em>Von Eduardo Galeano<\/em><\/p>\n<p>Fr\u00fchwarnsysteme l\u00f6sen \u00fcberall Alarm aus. 36 L\u00e4nder, 21 davon in Afrika, sind einer akuten Hungerkrise ausgesetzt. Die Weltbank prophezeit auf ihrer Fr\u00fchjahrstagung ein soziales Chaos f\u00fcr Nigeria, Burkina Faso, die Elfenbeink\u00fcste und Haiti, aber auch f\u00fcr Tadschikistan, Armenien und Indonesien. Sollten sich die Preise f\u00fcr Nahrungsmittel weiter so dramatisch erh\u00f6hen &#8211; 2007 lag der Anstieg bei durchschnittlich 40 Prozent &#8211; gerate die Lage au\u00dfer Kontrolle.<\/p>\n<p><a href=\"http:\/\/www.uni-kassel.de\/fb5\/frieden\/themen\/Armut\/galeano.html\" title=\"Uni Kassel\" target=\"_blank\">Weiterlesen auf den Seiten der Uni Kassel<\/a><\/p>\n","protected":false},"excerpt":{"rendered":"<p>Ern\u00e4hrungskrise: Weltbank und IWF warnen vor einer grassierenden Hungersnot Von Eduardo Galeano Fr\u00fchwarnsysteme l\u00f6sen \u00fcberall Alarm aus. 36 L\u00e4nder, 21 davon in Afrika, sind einer akuten Hungerkrise ausgesetzt. Die Weltbank prophezeit auf ihrer Fr\u00fchjahrstagung ein soziales Chaos f\u00fcr Nigeria, Burkina Faso, die Elfenbeink\u00fcste und Haiti, aber auch f\u00fcr Tadschikistan, Armenien und Indonesien. Sollten sich die &hellip; <a href=\"https:\/\/www.friedensplattform.at\/?p=312\" class=\"more-link\"><span class=\"screen-reader-text\">Artikel der AG Friedensforschung: Mexiko exportiert Mais und verarmte Bauern<\/span> weiterlesen <span class=\"meta-nav\">&rarr;<\/span><\/a><\/p>\n","protected":false},"author":1,"featured_media":0,"comment_status":"open","ping_status":"open","sticky":false,"template":"","format":"standard","meta":{"footnotes":""},"categories":[1],"tags":[],"class_list":["post-312","post","type-post","status-publish","format-standard","hentry","category-allgemein"],"_links":{"self":[{"href":"https:\/\/www.friedensplattform.at\/index.php?rest_route=\/wp\/v2\/posts\/312","targetHints":{"allow":["GET"]}}],"collection":[{"href":"https:\/\/www.friedensplattform.at\/index.php?rest_route=\/wp\/v2\/posts"}],"about":[{"href":"https:\/\/www.friedensplattform.at\/index.php?rest_route=\/wp\/v2\/types\/post"}],"author":[{"embeddable":true,"href":"https:\/\/www.friedensplattform.at\/index.php?rest_route=\/wp\/v2\/users\/1"}],"replies":[{"embeddable":true,"href":"https:\/\/www.friedensplattform.at\/index.php?rest_route=%2Fwp%2Fv2%2Fcomments&post=312"}],"version-history":[{"count":0,"href":"https:\/\/www.friedensplattform.at\/index.php?rest_route=\/wp\/v2\/posts\/312\/revisions"}],"wp:attachment":[{"href":"https:\/\/www.friedensplattform.at\/index.php?rest_route=%2Fwp%2Fv2%2Fmedia&parent=312"}],"wp:term":[{"taxonomy":"category","embeddable":true,"href":"https:\/\/www.friedensplattform.at\/index.php?rest_route=%2Fwp%2Fv2%2Fcategories&post=312"},{"taxonomy":"post_tag","embeddable":true,"href":"https:\/\/www.friedensplattform.at\/index.php?rest_route=%2Fwp%2Fv2%2Ftags&post=312"}],"curies":[{"name":"wp","href":"https:\/\/api.w.org\/{rel}","templated":true}]}}