{"id":3126,"date":"2013-06-29T08:09:21","date_gmt":"2013-06-29T06:09:21","guid":{"rendered":"http:\/\/www.luxorbis.org\/friedensplattform.at\/?p=3126"},"modified":"2013-06-29T08:09:21","modified_gmt":"2013-06-29T06:09:21","slug":"jinba-masaferyatta-palaestina","status":"publish","type":"post","link":"https:\/\/www.friedensplattform.at\/?p=3126","title":{"rendered":"Jinba, MasaferYatta, Pal&#228;stina"},"content":{"rendered":"<p><!--[if gte mso 9]><xml> <w:WordDocument> <w:View>Normal<\/w:View> <w:Zoom>0<\/w:Zoom> <w:HyphenationZone>21<\/w:HyphenationZone> <w:PunctuationKerning \/> <w:ValidateAgainstSchemas \/> <w:SaveIfXMLInvalid>false<\/w:SaveIfXMLInvalid> <w:IgnoreMixedContent>false<\/w:IgnoreMixedContent> <w:AlwaysShowPlaceholderText>false<\/w:AlwaysShowPlaceholderText> <w:Compatibility> <w:BreakWrappedTables \/> <w:SnapToGridInCell \/> <w:WrapTextWithPunct \/> <w:UseAsianBreakRules \/> <w:DontGrowAutofit \/> <\/w:Compatibility> <w:BrowserLevel>MicrosoftInternetExplorer4<\/w:BrowserLevel> <\/w:WordDocument> <\/xml><![endif]--><\/p>\n<p><!--[if gte mso 9]><xml> <w:LatentStyles DefLockedState=\"false\" LatentStyleCount=\"156\"> <\/w:LatentStyles> <\/xml><![endif]--><!--[if gte mso 10]>\n<mce:style><!   \/* Style Definitions *\/  table.MsoNormalTable \t{mso-style-name:\"Normale Tabelle\"; \tmso-tstyle-rowband-size:0; \tmso-tstyle-colband-size:0; \tmso-style-noshow:yes; \tmso-style-parent:\"\"; \tmso-padding-alt:0cm 5.4pt 0cm 5.4pt; \tmso-para-margin:0cm; \tmso-para-margin-bottom:.0001pt; \tmso-pagination:widow-orphan; \tfont-size:10.0pt; \tfont-family:\"Times New Roman\"; \tmso-ansi-language:#0400; \tmso-fareast-language:#0400; \tmso-bidi-language:#0400;} --><\/p>\n<p><!--[endif] --><\/p>\n<h2 class=\"MsoNormal\" style=\"mso-outline-level: 1;\">Vroni Windischer, EAPPI- Team 28.6.13<\/h2>\n<p class=\"MsoNormal\"><strong> <\/strong><\/p>\n<p class=\"MsoNormal\">Es wird schon zur t\u00e4glichen Routine: Abrissbescheide f\u00fcr Geb\u00e4ude, St\u00e4lle, Toiletten, Eindringen von Siedlern in die Felder der pal\u00e4stinensischen Hirten und Bauern<!--more-->, Bel\u00e4stigung durch Soldaten\u2026. Wir werden gerufen nach Susiya, Ar Rihiya, Umm al Amad, Shuweika, Um al Kher \u2013 dort sollten wir m\u00f6glichst regelm\u00e4\u00dfig mitgehen mit den Schafhirten, weil sie sich alleine nicht mehr bis zu ihren letzten Feldern trauen. Die vorderen Felder sind kahl gefressen und vertrocknet.<\/p>\n<p class=\"MsoNormal\">Wir werden gerufen nach Susiya, bei Hirten in den H\u00fctten zu \u00fcbernachten \u2013 Settler schicken ihre Hunde oder werfen Steine.<\/p>\n<p class=\"MsoNormal\">Wir werden gerufen nach Um al Kher, da zu sein. Der Alte Beduine wurde schon 2x eingesperrt \u2013 falsche L\u00fcgen werden \u00fcber ihn verbreitet.<\/p>\n<p class=\"MsoNormal\">Wir werden gerufen nach Jinba in die Milit\u00e4rzone zu kommen. Die pal\u00e4stinensischen Beduinen f\u00fcrchten sich vor Soldaten und Siedlern. Gerade in dieser Zone sind die Menschen allein gelassen, da die Schule wegen Ferien geschlossen ist. Die milit\u00e4rischen \u00dcbungen h\u00e4ufen sich, auch Sch\u00fcsse h\u00f6rt man hie und da, und auch Siedler vom Berg ganz oben nahen sich am H\u00fcgelabhang.<\/p>\n<p class=\"MsoNormal\">So schliefen wir letzte Nacht im Beduinenzelt. Mit unseren paar arabischen W\u00f6rtern unterhielten wir uns 2 Stunden lang am Abend mit den Frauen. Die Hirten schliefen vor der H\u00fctte am Boden und am Wassertankwagen; die Frauen und das Baby in der Wiege auf einem Hochgestell im Freien. Wir wurden bewirtet mit ihrem \u00fcblichen Pfefferminztee, in der Fr\u00fch mit frischem selbstgebackenen Brot aus dem Backofen.<\/p>\n<p class=\"MsoNormal\">Es war eine wunderbare, stille Nacht. Es blieb still, keine \u00dcbergriffe, die Menschen waren \u00fcbergl\u00fccklich, dass wir bei ihnen waren.<\/p>\n<p class=\"MsoNormal\">\n<p class=\"MsoNormal\">Die letzten Tage brechen f\u00fcr mich an \u2013 die letzten Besuche werde ich noch machen. Es f\u00e4llt mir auch nicht so leicht zu gehen, was die lieben Menschen betrifft, auch die sch\u00f6nen Erlebnisse in den D\u00f6rfern, auf den Feldern und in der Steinw\u00fcste.<\/p>\n<p class=\"MsoNormal\">Aber ich freu mich auch auf die Freiheit; keine Soldatenpr\u00e4senz, keine Bedrohung, keine Verh\u00fcllung, Hingehen k\u00f6nnen, wo ich mag.<\/p>\n<p class=\"MsoNormal\">Vielen Dank f\u00fcr das Interesse und die Solidarit\u00e4t<\/p>\n<p class=\"MsoNormal\"><span style=\"mso-ansi-language: EN-GB;\" lang=\"EN-GB\">VroniWindischer<\/span><\/p>\n<p class=\"MsoNormal\"><span style=\"mso-ansi-language: EN-GB;\" lang=\"EN-GB\">EAPPI Group 48, South Hebron Hills<\/span><\/p>\n<p class=\"MsoNormal\">Yatta, 28.6.2013<a name=\"_GoBack\"><\/a><\/p>\n","protected":false},"excerpt":{"rendered":"<p>Vroni Windischer, EAPPI- Team 28.6.13 Es wird schon zur t\u00e4glichen Routine: Abrissbescheide f\u00fcr Geb\u00e4ude, St\u00e4lle, Toiletten, Eindringen von Siedlern in die Felder der pal\u00e4stinensischen Hirten und Bauern<\/p>\n","protected":false},"author":2,"featured_media":0,"comment_status":"open","ping_status":"open","sticky":false,"template":"","format":"standard","meta":{"footnotes":""},"categories":[18],"tags":[],"class_list":["post-3126","post","type-post","status-publish","format-standard","hentry","category-palaestina-solidaritaet"],"_links":{"self":[{"href":"https:\/\/www.friedensplattform.at\/index.php?rest_route=\/wp\/v2\/posts\/3126","targetHints":{"allow":["GET"]}}],"collection":[{"href":"https:\/\/www.friedensplattform.at\/index.php?rest_route=\/wp\/v2\/posts"}],"about":[{"href":"https:\/\/www.friedensplattform.at\/index.php?rest_route=\/wp\/v2\/types\/post"}],"author":[{"embeddable":true,"href":"https:\/\/www.friedensplattform.at\/index.php?rest_route=\/wp\/v2\/users\/2"}],"replies":[{"embeddable":true,"href":"https:\/\/www.friedensplattform.at\/index.php?rest_route=%2Fwp%2Fv2%2Fcomments&post=3126"}],"version-history":[{"count":0,"href":"https:\/\/www.friedensplattform.at\/index.php?rest_route=\/wp\/v2\/posts\/3126\/revisions"}],"wp:attachment":[{"href":"https:\/\/www.friedensplattform.at\/index.php?rest_route=%2Fwp%2Fv2%2Fmedia&parent=3126"}],"wp:term":[{"taxonomy":"category","embeddable":true,"href":"https:\/\/www.friedensplattform.at\/index.php?rest_route=%2Fwp%2Fv2%2Fcategories&post=3126"},{"taxonomy":"post_tag","embeddable":true,"href":"https:\/\/www.friedensplattform.at\/index.php?rest_route=%2Fwp%2Fv2%2Ftags&post=3126"}],"curies":[{"name":"wp","href":"https:\/\/api.w.org\/{rel}","templated":true}]}}