{"id":3129,"date":"2013-07-02T15:30:52","date_gmt":"2013-07-02T13:30:52","guid":{"rendered":"http:\/\/www.luxorbis.org\/friedensplattform.at\/?p=3129"},"modified":"2013-07-02T15:30:52","modified_gmt":"2013-07-02T13:30:52","slug":"und-trotzdem-das-leben-ist-schoen","status":"publish","type":"post","link":"https:\/\/www.friedensplattform.at\/?p=3129","title":{"rendered":"Und trotzdem \u2013 das Leben ist sch&#246;n"},"content":{"rendered":"<p><!--[if gte mso 9]><xml> <w:WordDocument> <w:View>Normal<\/w:View> <w:Zoom>0<\/w:Zoom> <w:HyphenationZone>21<\/w:HyphenationZone> <w:PunctuationKerning \/> <w:ValidateAgainstSchemas \/> <w:SaveIfXMLInvalid>false<\/w:SaveIfXMLInvalid> <w:IgnoreMixedContent>false<\/w:IgnoreMixedContent> <w:AlwaysShowPlaceholderText>false<\/w:AlwaysShowPlaceholderText> <w:Compatibility> <w:BreakWrappedTables \/> <w:SnapToGridInCell \/> <w:WrapTextWithPunct \/> <w:UseAsianBreakRules \/> <w:DontGrowAutofit \/> <\/w:Compatibility> <w:BrowserLevel>MicrosoftInternetExplorer4<\/w:BrowserLevel> <\/w:WordDocument> <\/xml><![endif]--><\/p>\n<p><!--[if gte mso 9]><xml> <w:LatentStyles DefLockedState=\"false\" LatentStyleCount=\"156\"> <\/w:LatentStyles> <\/xml><![endif]--><!--[if gte mso 10]>\n<mce:style><!   \/* Style Definitions *\/  table.MsoNormalTable \t{mso-style-name:\"Normale Tabelle\"; \tmso-tstyle-rowband-size:0; \tmso-tstyle-colband-size:0; \tmso-style-noshow:yes; \tmso-style-parent:\"\"; \tmso-padding-alt:0cm 5.4pt 0cm 5.4pt; \tmso-para-margin:0cm; \tmso-para-margin-bottom:.0001pt; \tmso-pagination:widow-orphan; \tfont-size:10.0pt; \tfont-family:\"Times New Roman\"; \tmso-ansi-language:#0400; \tmso-fareast-language:#0400; \tmso-bidi-language:#0400;} --><\/p>\n<p><!--[endif] --><\/p>\n<h2 class=\"MsoNormal\">Bericht von J. Windischer, EAPPI- Team 30.6.13<\/h2>\n<p class=\"MsoNormal\">Auch wenn wir schon um 4.00 am Checkpoint sein m\u00fcssen, es ist sch\u00f6n, schon um 3.00 aufzustehen: der Muezzin singt echt sch\u00f6n und liebevoll<!--more-->, man \u00f6ffnet die T\u00fcr zum Garten: es riecht nach Bl\u00fcten und Fr\u00fcchten, ein paar Sterne leuchten noch, man sp\u00fcrt die Meeresluft in Tulkarm \u2013 das Meer,von dem die Kinder immer wieder tr\u00e4umen, sie d\u00fcrfen nicht hin. Es ist so sch\u00f6n mitzubekommen, dass der Tag bald kommt.<\/p>\n<p class=\"MsoNormal\">Ceckepoint Tayba: Scheik Ibrahim begr\u00fc\u00dft uns mit breitem L\u00e4cheln, bevor wir nach 3 Stunden wieder gehen, sollten wir unbedingt bei seinem Laden noch Tee trinken. Wir versprechen es.<\/p>\n<p class=\"MsoNormal\">Wenn dann 6000 Leute durch den Checkpoint kommen und wir neben den K\u00e4figen im Mull herumstehen, rufen von weitem Oways oder Mahmud<span style=\"mso-spacerun: yes;\"> <\/span>und streiten sich darum wer mir den Becher Kaffee geben darf. Sie wollen kein Geld daf\u00fcr.<span style=\"mso-spacerun: yes;\"> <\/span>Viele Leute gr\u00fc\u00dfen, ich kenne schon viele. Bakr kommt meist gleich nach 4.00 und ruft laut aus dem Gedr\u00e4nge:<span style=\"mso-spacerun: yes;\"> <\/span>\u201eBom giorno, Jussuf, va bene? Como esta il situatione oggi?\u201c Wir kommentieren die Lage auf italienisch. Gleich kommt<span style=\"mso-spacerun: yes;\"> <\/span>Saleh, er winkt aus dem K\u00e4fig, er hat 20 Jahre in Osnab\u00fcck gearbeitet.<span style=\"mso-spacerun: yes;\"> <\/span>Er war Fernfahrer , kennt den Brenner.<span style=\"mso-spacerun: yes;\"> <\/span>wir kommentieren die politische Situation<span style=\"mso-spacerun: yes;\"> <\/span>auf deutsch: heute treffen sich Netanjahu und Kerry (wozu?), irgendwie sind wir beide stolz,dass wir uns verstehen, bis die Leute fragen, in welcher Sprache wir reden.<\/p>\n<p class=\"MsoNormal\">Was ist sch\u00f6n? Die Gesichter der Leute, wenn manchmal ein L\u00e4cheln dar\u00fcberhuscht.\u201cSabah ilkler\u201c, darauf \u201eSabah innur\u201c Nur&#8230;das ist das Licht. Wir stehen im Mull, an einem h\u00e4sslichen Platz, im Ende der Welt \u2013 die Gesichter der Menschen sind das sch\u00f6nste.<\/p>\n<p class=\"MsoNormal\">Danach in Akkaba: 30 Bauern wollen aufs Feld zur Tabakernte.<span style=\"mso-spacerun: yes;\"> <\/span>24 werden zur\u00fcckgeschickt.Sie d\u00fcrfen nicht in ihre Felder. Warum? Weil ihre Namen gesperrt sind. Warum? Ja deswegen. Warum? Fragt beim DCR\/Matak. Man sitzt dann schweigsam da, man merkt , wie sie traurig dasitzen. Ich frag sie, ob ich sie<span style=\"mso-spacerun: yes;\"> <\/span>fotografieren darf, obwohl sie traurig dasitzen. Sie lachen.<\/p>\n<p class=\"MsoNormal\">Und noch sch\u00f6ner: zu mittag treffen wir im Gemeindeamt von Kafr Qaddum<span style=\"mso-spacerun: yes;\"> <\/span>Abu Malek , er ist Musikprofessor auf der Uni in Nablus,er hat sein \u201eUd\u201c (6 seitige Guitarre mit gro\u00dfem Klangk\u00f6rper) dabei , spielt Musik im Gemeindeamt<span style=\"mso-spacerun: yes;\"> <\/span>und sein Sohn singt: \u201eIch bin wie ein Vogel und fliege und bringe meine Gr\u00fc\u00dfe in die St\u00e4dte, ich vermisse euch Gaza, Haifa,&#8230;.und dich Jerusalem, du sch\u00f6ne Stadt, wie ich dich liebe&#8230;\u201c Und wie so oft, wir scheinen alle gl\u00fccklich zu sein. Die Lieder, die Sehnsucht<span style=\"mso-spacerun: yes;\"> <\/span>geht tief ins Herz. Wir haben vergessen, dass am Vortag<span style=\"mso-spacerun: yes;\"> <\/span>50 Soldaten das Dorf st\u00fcrmten und Tr\u00e4nengas geschossen haben. Wirklich \u2013 total vergessen und<span style=\"mso-spacerun: yes;\"> <\/span>wir schauen uns gl\u00fccklich an und lachen.<\/p>\n<p class=\"MsoNormal\">J. Windischer (EAPPI Tulkarm)<span style=\"mso-spacerun: yes;\"> <\/span>30. Juni<\/p>\n","protected":false},"excerpt":{"rendered":"<p>Bericht von J. Windischer, EAPPI- Team 30.6.13 Auch wenn wir schon um 4.00 am Checkpoint sein m\u00fcssen, es ist sch\u00f6n, schon um 3.00 aufzustehen: der Muezzin singt echt sch\u00f6n und liebevoll<\/p>\n","protected":false},"author":2,"featured_media":0,"comment_status":"open","ping_status":"open","sticky":false,"template":"","format":"standard","meta":{"footnotes":""},"categories":[18],"tags":[],"class_list":["post-3129","post","type-post","status-publish","format-standard","hentry","category-palaestina-solidaritaet"],"_links":{"self":[{"href":"https:\/\/www.friedensplattform.at\/index.php?rest_route=\/wp\/v2\/posts\/3129","targetHints":{"allow":["GET"]}}],"collection":[{"href":"https:\/\/www.friedensplattform.at\/index.php?rest_route=\/wp\/v2\/posts"}],"about":[{"href":"https:\/\/www.friedensplattform.at\/index.php?rest_route=\/wp\/v2\/types\/post"}],"author":[{"embeddable":true,"href":"https:\/\/www.friedensplattform.at\/index.php?rest_route=\/wp\/v2\/users\/2"}],"replies":[{"embeddable":true,"href":"https:\/\/www.friedensplattform.at\/index.php?rest_route=%2Fwp%2Fv2%2Fcomments&post=3129"}],"version-history":[{"count":0,"href":"https:\/\/www.friedensplattform.at\/index.php?rest_route=\/wp\/v2\/posts\/3129\/revisions"}],"wp:attachment":[{"href":"https:\/\/www.friedensplattform.at\/index.php?rest_route=%2Fwp%2Fv2%2Fmedia&parent=3129"}],"wp:term":[{"taxonomy":"category","embeddable":true,"href":"https:\/\/www.friedensplattform.at\/index.php?rest_route=%2Fwp%2Fv2%2Fcategories&post=3129"},{"taxonomy":"post_tag","embeddable":true,"href":"https:\/\/www.friedensplattform.at\/index.php?rest_route=%2Fwp%2Fv2%2Ftags&post=3129"}],"curies":[{"name":"wp","href":"https:\/\/api.w.org\/{rel}","templated":true}]}}