{"id":3131,"date":"2013-07-02T15:11:10","date_gmt":"2013-07-02T13:11:10","guid":{"rendered":"http:\/\/www.luxorbis.org\/friedensplattform.at\/?p=3131"},"modified":"2013-07-02T15:11:10","modified_gmt":"2013-07-02T13:11:10","slug":"verbrannte-felder-verbrannte-olivenhaine-donnerstag","status":"publish","type":"post","link":"https:\/\/www.friedensplattform.at\/?p=3131","title":{"rendered":"Verbrannte Felder, verbrannte Olivenhaine &#8211; Donnerstag"},"content":{"rendered":"<p><!--[if gte mso 9]><xml> <w:WordDocument> <w:View>Normal<\/w:View> <w:Zoom>0<\/w:Zoom> <w:HyphenationZone>21<\/w:HyphenationZone> <w:PunctuationKerning \/> <w:ValidateAgainstSchemas \/> <w:SaveIfXMLInvalid>false<\/w:SaveIfXMLInvalid> <w:IgnoreMixedContent>false<\/w:IgnoreMixedContent> <w:AlwaysShowPlaceholderText>false<\/w:AlwaysShowPlaceholderText> <w:Compatibility> <w:BreakWrappedTables \/> <w:SnapToGridInCell \/> <w:WrapTextWithPunct \/> <w:UseAsianBreakRules \/> <w:DontGrowAutofit \/> <\/w:Compatibility> <w:BrowserLevel>MicrosoftInternetExplorer4<\/w:BrowserLevel> <\/w:WordDocument> <\/xml><![endif]--><\/p>\n<p><!--[if gte mso 9]><xml> <w:LatentStyles DefLockedState=\"false\" LatentStyleCount=\"156\"> <\/w:LatentStyles> <\/xml><![endif]--><!--[if gte mso 10]>\n<mce:style><!   \/* Style Definitions *\/  table.MsoNormalTable \t{mso-style-name:\"Normale Tabelle\"; \tmso-tstyle-rowband-size:0; \tmso-tstyle-colband-size:0; \tmso-style-noshow:yes; \tmso-style-parent:\"\"; \tmso-padding-alt:0cm 5.4pt 0cm 5.4pt; \tmso-para-margin:0cm; \tmso-para-margin-bottom:.0001pt; \tmso-pagination:widow-orphan; \tfont-size:10.0pt; \tfont-family:\"Times New Roman\"; \tmso-ansi-language:#0400; \tmso-fareast-language:#0400; \tmso-bidi-language:#0400;} --><\/p>\n<p><!--[endif] --><\/p>\n<h2 class=\"MsoNormal\">Bericht von J. Windischer, EAPPI- Team 27.6.13<\/h2>\n<p class=\"MsoNormal\">\n<p class=\"MsoNormal\">Donnerstag 27.6. um 11.30<span style=\"mso-spacerun: yes;\"> <\/span>Urgent Call nach Sabastiya (bibl. Samaria): ein Olivenhaim brennt.<img loading=\"lazy\" decoding=\"async\" style=\"display: inline;\" src=\"https:\/\/tools.gmx.net\/thumbnails\/dT1hSFIwY0Rvdkx6TmpMV2R0ZUMxc2FYWmxMbk5sY25abGNpNXNZVzR2YldGcGJDOWpiR2xsYm5RdmFXNTBaWEp1WVd3dllYUjBZV05vYldWdWRDOWtiM2R1Ykc5aFpDOTBZWFIwTUY4eUxTMHRkRzFoYVRFek1HTTVNV0ptTmpCa1lXRmtPRFU3YW5ObGMzTnBiMjVwWkQxQ1JFRXdNRE0xUmpaRVJqWkZPRE5CTmtRelJVRXdOVVk1TURoRFJEQTBSaTF1TXk1aWN6RTRZVDl6Wld4bFkzUnBiMjQ5ZEdadmJERXhZemhpTXpZd05EazVNV0poTnpRXyZ3PTgwMCZoPTYwMCZxPTc1JnQ9MTM3Mjg1NjY0Ng__\" alt=\"\" width=\"345\" height=\"257\" \/><\/p>\n<p class=\"MsoNormal\"><!--more--> Nach 30min sind wir vor Ort Muawia (Fahrer und Lokalkontakt), Sissel und ich (EAPPI). Ahmet erwartet uns schon und schildert kurz den Vorfall: bei Milit\u00e4r\u00fcbungen (IDF)oder auf Grund von vors\u00e4tzlicher Brandstifung<span style=\"mso-spacerun: yes;\"> <\/span>durch die benachbarten Siedler (Shave Shomrom) seien zwischen 50 und 70 Olivenb\u00e4ume in Brand geraten. Der herbeigerufenen pal\u00e4stinensische Feuerwehr wurde die Zufahrt verwehrt. Die pal\u00e4stinensischen Eigent\u00fcmer durften auch nicht hin. Die Bauern wurden unter Androhung von Gewalt von der IDF zur\u00fcckgedr\u00e4ngt. Wir sind die ersten Zeugen, die sich wieder in die Konfliktzone hineinkommen. Soldaten sind da,. Ahmet empfiehlt uns, schnell in die Konfliktzone zu gehen, schnell die Beweisfotos zu machen, und sofort umzukehren, bevor Verst\u00e4rkung (Milit\u00e4rjeep zum Abfangen von Zeugen) geholt wird. Nat\u00fcrlich liegt Spannung in der Luft. Ich gehe voraus, nicht deswegen, weil ich tapfer bin, sondern weil bei den sg \u201eInternationals\u201c die IDF mehr Zugriffshemmnungen hat. Ich mache meine Arbeit und drehe um. Alles niedergebrannt, Feuer schon erloschen. Milit\u00e4rvert\u00e4rkung wird gerufen, Telephonate weden get\u00e4tigt. Ich konnte die Beweisfotos machen, nach f\u00fcnf Minuten eine unerwartete Aktion: die Feuerwehr der Siedler kommt und verspr\u00fcht 30 Sekunden L\u00f6schwasser&#8230;.relativ \u00fcberfl\u00fcssig, es war schon alles verbrannt, es gab kein Feuer mehr..Fotographierte Sielderkommando und Feurwehr. Was ich nicht festhalten konnte, die Trauer, die Angst, die Verzweilflung der Bauern, die vor der verbrannten Erde stehen. Am Abend noch\u201c Incidentreport\u201c schreiben und der Zentrale schicken. Sind immerwiedre Zeugen von Verw\u00fcstungen, ziemlich hilflos.<\/p>\n","protected":false},"excerpt":{"rendered":"<p>Bericht von J. Windischer, EAPPI- Team 27.6.13 Donnerstag 27.6. um 11.30 Urgent Call nach Sabastiya (bibl. Samaria): ein Olivenhaim brennt.<\/p>\n","protected":false},"author":2,"featured_media":0,"comment_status":"open","ping_status":"open","sticky":false,"template":"","format":"standard","meta":{"footnotes":""},"categories":[18],"tags":[],"class_list":["post-3131","post","type-post","status-publish","format-standard","hentry","category-palaestina-solidaritaet"],"_links":{"self":[{"href":"https:\/\/www.friedensplattform.at\/index.php?rest_route=\/wp\/v2\/posts\/3131","targetHints":{"allow":["GET"]}}],"collection":[{"href":"https:\/\/www.friedensplattform.at\/index.php?rest_route=\/wp\/v2\/posts"}],"about":[{"href":"https:\/\/www.friedensplattform.at\/index.php?rest_route=\/wp\/v2\/types\/post"}],"author":[{"embeddable":true,"href":"https:\/\/www.friedensplattform.at\/index.php?rest_route=\/wp\/v2\/users\/2"}],"replies":[{"embeddable":true,"href":"https:\/\/www.friedensplattform.at\/index.php?rest_route=%2Fwp%2Fv2%2Fcomments&post=3131"}],"version-history":[{"count":0,"href":"https:\/\/www.friedensplattform.at\/index.php?rest_route=\/wp\/v2\/posts\/3131\/revisions"}],"wp:attachment":[{"href":"https:\/\/www.friedensplattform.at\/index.php?rest_route=%2Fwp%2Fv2%2Fmedia&parent=3131"}],"wp:term":[{"taxonomy":"category","embeddable":true,"href":"https:\/\/www.friedensplattform.at\/index.php?rest_route=%2Fwp%2Fv2%2Fcategories&post=3131"},{"taxonomy":"post_tag","embeddable":true,"href":"https:\/\/www.friedensplattform.at\/index.php?rest_route=%2Fwp%2Fv2%2Ftags&post=3131"}],"curies":[{"name":"wp","href":"https:\/\/api.w.org\/{rel}","templated":true}]}}