{"id":3135,"date":"2013-07-02T15:19:44","date_gmt":"2013-07-02T13:19:44","guid":{"rendered":"http:\/\/www.luxorbis.org\/friedensplattform.at\/?p=3135"},"modified":"2013-07-02T15:19:44","modified_gmt":"2013-07-02T13:19:44","slug":"verbrannte-erde-fortsetzung-freitag-28-6-13","status":"publish","type":"post","link":"https:\/\/www.friedensplattform.at\/?p=3135","title":{"rendered":"Verbrannte Erde Fortsetzung &#8211; Freitag 28.6.13"},"content":{"rendered":"<p><!--[if gte mso 9]><xml> <w:WordDocument> <w:View>Normal<\/w:View> <w:Zoom>0<\/w:Zoom> <w:HyphenationZone>21<\/w:HyphenationZone> <w:PunctuationKerning \/> <w:ValidateAgainstSchemas \/> <w:SaveIfXMLInvalid>false<\/w:SaveIfXMLInvalid> <w:IgnoreMixedContent>false<\/w:IgnoreMixedContent> <w:AlwaysShowPlaceholderText>false<\/w:AlwaysShowPlaceholderText> <w:Compatibility> <w:BreakWrappedTables \/> <w:SnapToGridInCell \/> <w:WrapTextWithPunct \/> <w:UseAsianBreakRules \/> <w:DontGrowAutofit \/> <\/w:Compatibility> <w:BrowserLevel>MicrosoftInternetExplorer4<\/w:BrowserLevel> <\/w:WordDocument> <\/xml><![endif]--><\/p>\n<p><!--[if gte mso 9]><xml> <w:LatentStyles DefLockedState=\"false\" LatentStyleCount=\"156\"> <\/w:LatentStyles> <\/xml><![endif]--><!--[if gte mso 10]> \n\n<style>\n \/* Style Definitions *\/\n table.MsoNormalTable\n\t{mso-style-name:\"Normale Tabelle\";\n\tmso-tstyle-rowband-size:0;\n\tmso-tstyle-colband-size:0;\n\tmso-style-noshow:yes;\n\tmso-style-parent:\"\";\n\tmso-padding-alt:0cm 5.4pt 0cm 5.4pt;\n\tmso-para-margin:0cm;\n\tmso-para-margin-bottom:.0001pt;\n\tmso-pagination:widow-orphan;\n\tfont-size:10.0pt;\n\tfont-family:\"Times New Roman\";\n\tmso-ansi-language:#0400;\n\tmso-fareast-language:#0400;\n\tmso-bidi-language:#0400;}\n<\/style>\n\n <![endif]--><\/p>\n<h2 class=\"MsoNormal\">EAPPI- TEAM J. Windischer, Tulkarm<\/h2>\n<p class=\"MsoNormal\">Freitag 28.6. um 19.00 Urgent Call nach Ferata: Olivenhain und Felder wurden am Nachmittag von den Siedlern von Gilad Farm in Brand gesetzt. <!--more-->Nach 40 min sind wir vor Ort: Muawia , Sissel und ich. Wir wollen zu den Feldern, konnten<span style=\"mso-spacerun: yes;\"> <\/span>auf Grund der besonders aggressiven und gewaltt\u00e4tigen Aktionen der Siedler nicht n\u00e4her ran. Am Vortag zertr\u00fcmmerten Siedler die Scheiben eines Autos einer israelischen Friedensorganisation (Yeshdin), entwendeten die Schl\u00fcssel des Autos. Yeshdin musste (mit dem<span style=\"mso-spacerun: yes;\"> <\/span>2. Schl\u00fcssel) fluchtartig ins Auto springen und abziehen. Die Siedler sind bewaffnet. Aus Sicherheitsgr\u00fcnden verzichteten wir auf eine weiter Ann\u00e4herung.<\/p>\n<p class=\"MsoNormal\">Abu Shadi berichtet uns: nach der Brandstiftung wollte er mit seiner Familie den Brand l\u00f6schen und wurde von der IDF (israelische Armee) daran gehindert. Unter Androhung von Gewalt wurden sie von der IDF zur\u00fcckgedr\u00e4ngt. Sein Neffe Amajad<span style=\"mso-spacerun: yes;\"> <\/span>wurde von der IDF den Siedlern \u00fcbergeben, die ihn mit<span style=\"mso-spacerun: yes;\"> <\/span>Faustschl\u00e4gen, Hieben mit Gewehrkolben und Fu\u00dftritten in die Geschlechtsorgane maltr\u00e4tierten. Zugleich wurde der Sohn Fadi von Soldaten festgenommen und geschlagen. Abu Shadi versuchte die Soldaten davon abzuhalten und wurde mit dem Maschinengewehr bedroht. Ein Telefonat mit IDF Offizier Adil (israelisches DCR) , Abu Shadi kennt ihn pers\u00f6nlich, und dessen Intervention bzw. Befehl setzte den Misshandlungen ein Ende. Beweisvideos (Handy) liegen vor. Wir waren die einzigen und ersten Zeugen, wir sprachen mit den Betroffenen und konnten zuh\u00f6ren, mitschreiben, dokumentieren und unserer Ersch\u00fctterung Ausdruck verleihen .<\/p>\n<p class=\"MsoNormal\">Wir werden immer wieder gerufen, dann ,wenn es gebrannt hat, dann<span style=\"mso-spacerun: yes;\"> <\/span>wenn \u00dcbergriffe passiert sind, dann wenn die Leute in ihrer Hilfe und Wehrlosigkeit beisammen stehen. Man f\u00fchlt sich dann sehr nutzlos, ist fast peinlich ber\u00fchrt, wenn einen die Leute bitten , Zeuge der Katastrophe zu sein. Diesmal fragte ich, ob es schon recht sei, wenn ich Fotos mache. \u201eJa, deswegen haben wir euch gerufen. Ihr seid die einzigen, die gekommen sind. Erz\u00e4hlt davon und wir werden auf unserem Land bleiben! Danke, dass ihr gekommen seid,<span style=\"mso-spacerun: yes;\"> <\/span>ma i ssalame ( der Friede sei mit euch)! Denke mir tief im Herzen, dass ohne Gerechtigkeit kein Friede m\u00f6glich ist und bewundere die Leute, dass sie schon so lange durchhalten.\u201c Sumud\u201c, so das pal\u00e4stinensische Wort f\u00fcr Widerstand.<\/p>\n<p class=\"MsoNormal\">\n<p class=\"MsoNormal\">J.Windischer (EAPPI Tulkarm 29.Juni)<\/p>\n<p class=\"MsoNormal\"><span style=\"mso-tab-count: 1;\"> <\/span><\/p>\n","protected":false},"excerpt":{"rendered":"<p>EAPPI- TEAM J. Windischer, Tulkarm Freitag 28.6. um 19.00 Urgent Call nach Ferata: Olivenhain und Felder wurden am Nachmittag von den Siedlern von Gilad Farm in Brand gesetzt.<\/p>\n","protected":false},"author":2,"featured_media":0,"comment_status":"open","ping_status":"open","sticky":false,"template":"","format":"standard","meta":{"footnotes":""},"categories":[18],"tags":[],"class_list":["post-3135","post","type-post","status-publish","format-standard","hentry","category-palaestina-solidaritaet"],"_links":{"self":[{"href":"https:\/\/www.friedensplattform.at\/index.php?rest_route=\/wp\/v2\/posts\/3135","targetHints":{"allow":["GET"]}}],"collection":[{"href":"https:\/\/www.friedensplattform.at\/index.php?rest_route=\/wp\/v2\/posts"}],"about":[{"href":"https:\/\/www.friedensplattform.at\/index.php?rest_route=\/wp\/v2\/types\/post"}],"author":[{"embeddable":true,"href":"https:\/\/www.friedensplattform.at\/index.php?rest_route=\/wp\/v2\/users\/2"}],"replies":[{"embeddable":true,"href":"https:\/\/www.friedensplattform.at\/index.php?rest_route=%2Fwp%2Fv2%2Fcomments&post=3135"}],"version-history":[{"count":0,"href":"https:\/\/www.friedensplattform.at\/index.php?rest_route=\/wp\/v2\/posts\/3135\/revisions"}],"wp:attachment":[{"href":"https:\/\/www.friedensplattform.at\/index.php?rest_route=%2Fwp%2Fv2%2Fmedia&parent=3135"}],"wp:term":[{"taxonomy":"category","embeddable":true,"href":"https:\/\/www.friedensplattform.at\/index.php?rest_route=%2Fwp%2Fv2%2Fcategories&post=3135"},{"taxonomy":"post_tag","embeddable":true,"href":"https:\/\/www.friedensplattform.at\/index.php?rest_route=%2Fwp%2Fv2%2Ftags&post=3135"}],"curies":[{"name":"wp","href":"https:\/\/api.w.org\/{rel}","templated":true}]}}