{"id":3138,"date":"2013-07-03T10:08:20","date_gmt":"2013-07-03T08:08:20","guid":{"rendered":"http:\/\/www.luxorbis.org\/friedensplattform.at\/?p=3138"},"modified":"2013-07-03T10:08:20","modified_gmt":"2013-07-03T08:08:20","slug":"die-andere-wahrheit-ueber-den-golan-abzug","status":"publish","type":"post","link":"https:\/\/www.friedensplattform.at\/?p=3138","title":{"rendered":"Die andere Wahrheit &#252;ber den Golan-Abzug"},"content":{"rendered":"<p><span style=\"display: block; background: #ffffff; padding: 0; margin: 0;\"><\/p>\n<div style=\"width: 564px; padding: 0; margin: 0;\"><strong style=\"text-transform: uppercase; letter-spacing: 0.1em;\">\u00d6sterreichische Befindlichkeiten<\/strong><\/p>\n<h3>Die andere Wahrheit \u00fcber den Golan-Abzug<\/h3>\n<p style=\"font-family: 'Arial'; font-size: 14px; color: #333333!important; background-color: transparent; border: 0; line-height: 1.5em; margin-top: 0; margin-right: 0; margin-bottom: 1em; margin-left: 0; padding-top: 3px; padding-right: 0; padding-bottom: 0; padding-left: 0; vertical-align: top; word-wrap: break-word;\">Die \u00f6sterreichische Regierung beschloss am 6. Juni 2013 den Abzug seines  seit fast 40 Jahren auf den Golan-H\u00f6hen stationierten Blaumhelmkontingents. Verletzungen der 1973 als Folge des Jom-Kippur  Kriegs eingerichteten Waffenstillstandszone werden als Grund daf\u00fcr angegeben. Doch was sind die Hintergr\u00fcnde f\u00fcr den \u00fcberraschend eiligen  Abzug der \u00f6sterreichischen Soldaten?<!--more--><\/p>\n<p style=\"font-family: 'Arial'; font-size: 14px; color: #333333!important; background-color: transparent; border: 0; line-height: 1.5em; margin-top: 0; margin-right: 0; margin-bottom: 1em; margin-left: 0; padding-top: 3px; padding-right: 0; padding-bottom: 0; padding-left: 0; vertical-align: top; word-wrap: break-word;\"><a style=\"font-family: 'Arial'; font-size: 14px; color: #c10000!important; background-color: transparent; text-decoration: none; border: 0;\" href=\"http:\/\/www.migazin.de\/?email_id=110&amp;user_id=2639&amp;urlpassed=aHR0cDovL3d3dy5taWdhemluLmRlLzIwMTMvMDYvMjUvZGllLXdhaHJoZWl0LWdvbGFuLWFienVnLw%3D%3D&amp;controller=stats&amp;action=analyse&amp;wysija-page=1&amp;wysijap=subscriptions\" target=\"_blank\">&#8230; weiterlesen auf MiGAZIN.<\/a><\/p>\n<\/div>\n<p><\/span><\/p>\n","protected":false},"excerpt":{"rendered":"<p>\u00d6sterreichische Befindlichkeiten Die andere Wahrheit \u00fcber den Golan-Abzug Die \u00f6sterreichische Regierung beschloss am 6. Juni 2013 den Abzug seines seit fast 40 Jahren auf den Golan-H\u00f6hen stationierten Blaumhelmkontingents. Verletzungen der 1973 als Folge des Jom-Kippur Kriegs eingerichteten Waffenstillstandszone werden als Grund daf\u00fcr angegeben. Doch was sind die Hintergr\u00fcnde f\u00fcr den \u00fcberraschend eiligen Abzug der \u00f6sterreichischen &hellip; <a href=\"https:\/\/www.friedensplattform.at\/?p=3138\" class=\"more-link\"><span class=\"screen-reader-text\">Die andere Wahrheit &#252;ber den Golan-Abzug<\/span> weiterlesen <span class=\"meta-nav\">&rarr;<\/span><\/a><\/p>\n","protected":false},"author":3,"featured_media":0,"comment_status":"open","ping_status":"open","sticky":false,"template":"","format":"standard","meta":{"footnotes":""},"categories":[3,5],"tags":[],"class_list":["post-3138","post","type-post","status-publish","format-standard","hentry","category-antimilitarismus","category-arabischer-raum"],"_links":{"self":[{"href":"https:\/\/www.friedensplattform.at\/index.php?rest_route=\/wp\/v2\/posts\/3138","targetHints":{"allow":["GET"]}}],"collection":[{"href":"https:\/\/www.friedensplattform.at\/index.php?rest_route=\/wp\/v2\/posts"}],"about":[{"href":"https:\/\/www.friedensplattform.at\/index.php?rest_route=\/wp\/v2\/types\/post"}],"author":[{"embeddable":true,"href":"https:\/\/www.friedensplattform.at\/index.php?rest_route=\/wp\/v2\/users\/3"}],"replies":[{"embeddable":true,"href":"https:\/\/www.friedensplattform.at\/index.php?rest_route=%2Fwp%2Fv2%2Fcomments&post=3138"}],"version-history":[{"count":0,"href":"https:\/\/www.friedensplattform.at\/index.php?rest_route=\/wp\/v2\/posts\/3138\/revisions"}],"wp:attachment":[{"href":"https:\/\/www.friedensplattform.at\/index.php?rest_route=%2Fwp%2Fv2%2Fmedia&parent=3138"}],"wp:term":[{"taxonomy":"category","embeddable":true,"href":"https:\/\/www.friedensplattform.at\/index.php?rest_route=%2Fwp%2Fv2%2Fcategories&post=3138"},{"taxonomy":"post_tag","embeddable":true,"href":"https:\/\/www.friedensplattform.at\/index.php?rest_route=%2Fwp%2Fv2%2Ftags&post=3138"}],"curies":[{"name":"wp","href":"https:\/\/api.w.org\/{rel}","templated":true}]}}