{"id":3144,"date":"2013-07-08T09:44:17","date_gmt":"2013-07-08T07:44:17","guid":{"rendered":"http:\/\/www.luxorbis.org\/friedensplattform.at\/?p=3144"},"modified":"2013-07-08T09:44:17","modified_gmt":"2013-07-08T07:44:17","slug":"drohnen-krieg-nein-danke","status":"publish","type":"post","link":"https:\/\/www.friedensplattform.at\/?p=3144","title":{"rendered":"Drohnen-Krieg \u2013 Nein Danke! Aufruf unterschreiben!!!"},"content":{"rendered":"<table class=\"contentpaneopen\" border=\"0\">\n<tbody>\n<tr>\n<td class=\"contentheading\" width=\"100%\"><\/td>\n<td class=\"buttonheading\" width=\"100%\" align=\"right\"><a title=\"Drucken\" href=\"http:\/\/www.werkstatt.or.at\/index2.php?option=com_content&amp;task=view&amp;id=885&amp;pop=1&amp;page=0&amp;Itemid=89\" target=\"_blank\"> <img decoding=\"async\" src=\"http:\/\/www.werkstatt.or.at\/images\/M_images\/printButton.png\" border=\"0\" alt=\"Drucken\" align=\"middle\" \/><\/a><\/td>\n<td class=\"buttonheading\" width=\"100%\" align=\"right\"><a title=\"E-Mail\" href=\"http:\/\/www.werkstatt.or.at\/index2.php?option=com_content&amp;task=emailform&amp;id=885&amp;itemid=89\" target=\"_blank\"> <img decoding=\"async\" src=\"http:\/\/www.werkstatt.or.at\/images\/M_images\/emailButton.png\" border=\"0\" alt=\"E-Mail\" align=\"middle\" \/><\/a><\/td>\n<\/tr>\n<\/tbody>\n<\/table>\n<table class=\"contentpaneopen\" border=\"0\">\n<tbody>\n<tr>\n<td colspan=\"2\" valign=\"top\"><span><span style=\"font-family: Arial;\"><img loading=\"lazy\" decoding=\"async\" style=\"float: left;\" title=\"Image\" src=\"http:\/\/www.werkstatt.or.at\/images\/stories\/FotosKlein\/drohnen%20nein%20klein.jpg\" border=\"0\" alt=\"Image\" hspace=\"6\" width=\"120\" height=\"95\" \/><strong>Nein zu neuen Killer-, Bespitzelungs- und Unterdr\u00fcckungstechnologien!<\/strong><\/span><\/span><strong><span style=\"font-family: Arial;\"><\/p>\n<p><\/span><\/strong><strong> <\/strong><strong> <\/strong><strong> <\/strong><em><span style=\"font-family: Arial;\">\u00d6sterreich  ist auf vielf\u00e4ltige Weise an der Entwicklung bzw. (zuk\u00fcnftigen)  Verwendung dieser heimt\u00fcckischen Technologie beteiligt. Organisationen  der Friedensbewegung haben folgenden gemeinsamen Aufruf an Nationalrat  und Bundesregierung gestartet. <!--more--><\/span><\/em><\/p>\n<p class=\"MsoNormal\">Kampfdrohnen, also unbemannte bewaffnete  Flugzeuge, dienen \u2013 wie man auf den Schlachtfeldern Afghanistan,  Pakistans, Gazas, usw. sieht &#8211; der ferngesteuerten Hinrichtung ohne  Anklage und Prozess einschlie\u00dflich der vielfachen T\u00f6tung unbeteiligter  ZivilistInnen. Dadurch wird die Schwelle zur Anwendung milit\u00e4rischer  Aggression weiter gesenkt und die Bev\u00f6lkerung weiter Landstriche  terrorisiert. Es droht eine neue Spirale des Wettr\u00fcstens. Der Einsatz  von Drohnen zu milit\u00e4rischen Zwecken wird auch in der EU massiv  vorangetrieben. Unter der Koordination der EU-R\u00fcstungsagentur*) wird an  der Entwicklung milit\u00e4rischer Drohnenprogramme gearbeitet, die  Streitkr\u00e4fte von EU-Staaten planen den Einsatz von Kampfdrohnen.  Gleichzeitig wird an Drohnenprojekten geforscht, die f\u00fcr Eins\u00e4tze zur  Bespitzelung und Unterdr\u00fcckung sozialer Proteste im Inneren und zur  Militarisierung der Au\u00dfengrenzen dienen sollen (z.B. die EU-Projekte  Indect, Aeroceptor).<\/p>\n<p>\u00d6sterreich ist in mehrfacher Hinsicht an dieser neuen Killer-, Bespitzelungs- und Unterdr\u00fcckungstechnologie beteiligt:<br \/>\n&#8211; durch seine Mitarbeit in der EU-R\u00fcstungsagentur<br \/>\n&#8211; durch den geplanten Ankauf von Drohnen f\u00fcr Auslandseins\u00e4tze des Bundesheeres<br \/>\n&#8211;  durch seine enge Anbindung an andere EU-Streitkr\u00e4fte, die den Einsatz  von Kampfdrohnen planen (z.B. im Rahmen der EU-Battlegroups)<br \/>\n&#8211; durch  die Beteiligung \u00f6sterreichischer Unternehmen und Forschungseinrichtungen  (z.B. Schiebel-Industries, Austrian Institute for Technology ua.) an  der Entwicklung von Kampf- und Bespitzelungsdrohnen.<\/p>\n<p>Wir fordern daher die \u00f6sterreichische Regierung und den Nationalrat auf:<\/p>\n<ul style=\"margin-top: 0cm;\">\n<li><strong>kein Ankauf von Drohnen f\u00fcr das      Bundesheer<\/strong><\/li>\n<li><strong>Verbot  der Produktion von      Kampf-Drohnen in \u00d6sterreich, Ausstieg  \u00f6sterreichischer Unternehmen und      Forschungseinrichtungen aus  milit\u00e4risch nutzbaren Drohnen- und den damit      verbundenen  Bespitzelungsprojekten (z.B. Indect, Aeroceptor)<\/strong><\/li>\n<li><strong>im  Sinne einer aktiven      Neutralit\u00e4tspolitik internationales Engagement  f\u00fcr die \u00c4chtung und das      weltweite Verbot von Drohnen, die f\u00fcr  Kampfeins\u00e4tze und Bespitzelungen      verwendet werden k\u00f6nnen<\/strong><\/li>\n<li><strong>Ausstieg aus der EU-R\u00fcstungsagentur      und den EU-Battlegroups<\/strong><\/li>\n<\/ul>\n<p>*)  Ihre exakte Bezeichnung laut EU-Vertrag lautet: \u201eAgentur f\u00fcr die  Bereiche\u00a0\u00a0\u00a0 Entwicklung der Verteidigungsf\u00e4higkeiten, Forschung,  Beschaffung und R\u00fcstung\u201c. (Art. 42, Abs. 3, EU-Vertrag).<\/p>\n<p><em>Bisherige Unterst\u00fctzerInnen:<\/em><\/p>\n<p><em>Arbeitsgemeinschaft      Christentum und Sozialdemokratie (ACUS)<br \/>\nBegegnungszentrum      f\u00fcr aktive Gewaltlosigkeit<br \/>\nF\u00f6deration      der demokratischen Arbeitervereine (DIDF)<br \/>\nFrauen      in Schwarz, Wien<br \/>\nInternationaler      Vers\u00f6hnungsbund, \u00f6sterreichischer Zweig<br \/>\nKritische      J\u00fcdische Stimme, \u00d6sterreich<br \/>\n\u00d6IE      K\u00e4rnten<br \/>\nPax Christi Steiermark<br \/>\nSalzburger      Friedensb\u00fcro<br \/>\nSolidar-Werkstatt      \u00d6sterreich<br \/>\nSteirische      Friedensplattform<br \/>\nWiener      Friedensbewegung <\/em><\/p>\n<p>Dieser Aufruf kann auch <a href=\"http:\/\/www.solidarwerkstatt.at\/Forum\/KeineDrohnen.php\">ONLINE<\/a> unterst\u00fctzt werden. Auf Wunsch schicken wir gerne auch Unterschriftslisten zu. Bestellung:   <a href=\"mailto:office@solidarwerkstatt.at.\">office@solidarwerkstatt.at.<\/a> Oder hier zum <a href=\"http:\/\/www.werkstatt.or.at\/index.php?option=com_docman&amp;task=doc_download&amp;gid=210&amp;Itemid=49\">Download<\/a> .<\/td>\n<\/tr>\n<\/tbody>\n<\/table>\n<p><span class=\"article_seperator\"> <\/span> <a href=\"http:\/\/www.werkstatt.or.at\/index.php?option=com_content&amp;task=view&amp;id=879&amp;Itemid=89\"> <\/a><\/p>\n","protected":false},"excerpt":{"rendered":"<p>Nein zu neuen Killer-, Bespitzelungs- und Unterdr\u00fcckungstechnologien! \u00d6sterreich ist auf vielf\u00e4ltige Weise an der Entwicklung bzw. (zuk\u00fcnftigen) Verwendung dieser heimt\u00fcckischen Technologie beteiligt. Organisationen der Friedensbewegung haben folgenden gemeinsamen Aufruf an Nationalrat und Bundesregierung gestartet.<\/p>\n","protected":false},"author":2,"featured_media":0,"comment_status":"open","ping_status":"open","sticky":false,"template":"","format":"standard","meta":{"footnotes":""},"categories":[1,3],"tags":[],"class_list":["post-3144","post","type-post","status-publish","format-standard","hentry","category-allgemein","category-antimilitarismus"],"_links":{"self":[{"href":"https:\/\/www.friedensplattform.at\/index.php?rest_route=\/wp\/v2\/posts\/3144","targetHints":{"allow":["GET"]}}],"collection":[{"href":"https:\/\/www.friedensplattform.at\/index.php?rest_route=\/wp\/v2\/posts"}],"about":[{"href":"https:\/\/www.friedensplattform.at\/index.php?rest_route=\/wp\/v2\/types\/post"}],"author":[{"embeddable":true,"href":"https:\/\/www.friedensplattform.at\/index.php?rest_route=\/wp\/v2\/users\/2"}],"replies":[{"embeddable":true,"href":"https:\/\/www.friedensplattform.at\/index.php?rest_route=%2Fwp%2Fv2%2Fcomments&post=3144"}],"version-history":[{"count":0,"href":"https:\/\/www.friedensplattform.at\/index.php?rest_route=\/wp\/v2\/posts\/3144\/revisions"}],"wp:attachment":[{"href":"https:\/\/www.friedensplattform.at\/index.php?rest_route=%2Fwp%2Fv2%2Fmedia&parent=3144"}],"wp:term":[{"taxonomy":"category","embeddable":true,"href":"https:\/\/www.friedensplattform.at\/index.php?rest_route=%2Fwp%2Fv2%2Fcategories&post=3144"},{"taxonomy":"post_tag","embeddable":true,"href":"https:\/\/www.friedensplattform.at\/index.php?rest_route=%2Fwp%2Fv2%2Ftags&post=3144"}],"curies":[{"name":"wp","href":"https:\/\/api.w.org\/{rel}","templated":true}]}}