{"id":3149,"date":"2013-07-10T16:00:05","date_gmt":"2013-07-10T14:00:05","guid":{"rendered":"http:\/\/www.luxorbis.org\/friedensplattform.at\/?p=3149"},"modified":"2013-07-10T16:00:05","modified_gmt":"2013-07-10T14:00:05","slug":"j-windischereappi-team-5-7-13","status":"publish","type":"post","link":"https:\/\/www.friedensplattform.at\/?p=3149","title":{"rendered":"J. Windischer:EAPPI Team 5.7.13"},"content":{"rendered":"<p><!--[if gte mso 9]><xml> <w:WordDocument> <w:View>Normal<\/w:View> <w:Zoom>0<\/w:Zoom> <w:HyphenationZone>21<\/w:HyphenationZone> <w:PunctuationKerning \/> <w:ValidateAgainstSchemas \/> <w:SaveIfXMLInvalid>false<\/w:SaveIfXMLInvalid> <w:IgnoreMixedContent>false<\/w:IgnoreMixedContent> <w:AlwaysShowPlaceholderText>false<\/w:AlwaysShowPlaceholderText> <w:Compatibility> <w:BreakWrappedTables \/> <w:SnapToGridInCell \/> <w:WrapTextWithPunct \/> <w:UseAsianBreakRules \/> <w:DontGrowAutofit \/> <\/w:Compatibility> <w:BrowserLevel>MicrosoftInternetExplorer4<\/w:BrowserLevel> <\/w:WordDocument> <\/xml><![endif]--><\/p>\n<p><!--[if gte mso 9]><xml> <w:LatentStyles DefLockedState=\"false\" LatentStyleCount=\"156\"> <\/w:LatentStyles> <\/xml><![endif]--><!--[if gte mso 10]> \n\n<style>\n \/* Style Definitions *\/\n table.MsoNormalTable\n\t{mso-style-name:\"Normale Tabelle\";\n\tmso-tstyle-rowband-size:0;\n\tmso-tstyle-colband-size:0;\n\tmso-style-noshow:yes;\n\tmso-style-parent:\"\";\n\tmso-padding-alt:0cm 5.4pt 0cm 5.4pt;\n\tmso-para-margin:0cm;\n\tmso-para-margin-bottom:.0001pt;\n\tmso-pagination:widow-orphan;\n\tfont-size:10.0pt;\n\tfont-family:\"Times New Roman\";\n\tmso-ansi-language:#0400;\n\tmso-fareast-language:#0400;\n\tmso-bidi-language:#0400;}\n<\/style>\n\n <![endif]--><\/p>\n<h2 class=\"MsoNormal\">Besuch in der Kirche \u2013 Abschied von Tulkarm<\/h2>\n<p><img loading=\"lazy\" decoding=\"async\" class=\"attachment-preview\" src=\"https:\/\/tools.gmx.net\/thumbnails\/dT1hSFIwY0Rvdkx6TmpMV2R0ZUMxc2FYWmxMbk5sY25abGNpNXNZVzR2YldGcGJDOWpiR2xsYm5RdmFXNTBaWEp1WVd3dllYUjBZV05vYldWdWRDOWtiM2R1Ykc5aFpDOTBZWFIwTUY4eExTMHRkRzFoYVRFek1HVTFZMk5oT0RGbU5XWTRaRGM3YW5ObGMzTnBiMjVwWkQxQlJEWXhSa1UyTVRnNE1FVXhPRFU1T1VGRU0wTTVPVVZCUWprNFF6QTJPQzF1TVM1aWN6WXhZajl6Wld4bFkzUnBiMjQ5ZEdadmJERXhZemhpTXpZd05EazVNV0poTnpRXyZ3PTUwMDAmaD0xMTYmcT03NSZ0PTEzNzM1NTA4Mjc_\" alt=\"\" width=\"286\" height=\"197\" \/> <img loading=\"lazy\" decoding=\"async\" style=\"display: inline;\" src=\"https:\/\/tools.gmx.net\/thumbnails\/dT1hSFIwY0Rvdkx6TmpMV2R0ZUMxc2FYWmxMbk5sY25abGNpNXNZVzR2YldGcGJDOWpiR2xsYm5RdmFXNTBaWEp1WVd3dllYUjBZV05vYldWdWRDOWtiM2R1Ykc5aFpDOTBZWFIwTUY4MUxTMHRkRzFoYVRFek1HVTFZMk5oT0RGbU5XWTRaRGM3YW5ObGMzTnBiMjVwWkQxQlJEWXhSa1UyTVRnNE1FVXhPRFU1T1VGRU0wTTVPVVZCUWprNFF6QTJPQzF1TVM1aWN6WXhZajl6Wld4bFkzUnBiMjQ5ZEdadmJERXhZemhpTXpZd05EazVNV0poTnpRXyZ3PTgwMCZoPTYwMCZxPTc1JnQ9MTM3MzU1MDgyNw__\" alt=\"\" width=\"264\" height=\"197\" \/><!--more--><\/p>\n<p class=\"MsoNormal\">Heute brannte die Sonne unbarmherzig auf Tulkarm. Zum letzten mal sperrte Sameer das Kirchlein von Tulkarm auf. Es ist nicht nur ein Kleinod der letzten<span style=\"mso-spacerun: yes;\"> <\/span>Christen, sondern auch ein Kleinod Tulkarms. Das Kirchlein ist gepflegt, die Ikonen strahlen Ruhe und Gelassenheit<span style=\"mso-spacerun: yes;\"> <\/span>aus, die Bibel, versehen mit einem goldenen Einband , liegt<span style=\"mso-spacerun: yes;\"> <\/span>auf dem Altar, hinter der Ikonostase, alles ist vorbereitet, die Liturgie k\u00f6nnte beginnen.<\/p>\n<p class=\"MsoNormal\">Wir stehen ein bisschen verlassen da, Sameer bittet mich zu beten. Ich singe das Kyrie eleison, wir beten ein Vater unser, z\u00fcnden eine Kerze f\u00fcr die Lebenden an, eine Kerze f\u00fcr die Verstorbenen. Wir beten f\u00fcr<span style=\"mso-spacerun: yes;\"> <\/span>Pal\u00e4stina, f\u00fcr alle Menschen, beten um Gerechtigkeit und Frieden. Es sind Gesten der Sehnsucht. Noch einmal kommen mir die j\u00fcngsten Bilder von Unmenschlichkeit, Ungerechtigkeit und Gewalt vor Augen: Pal\u00e4stinenser seien den Siedlern des illegalen Settlements zu nahe gekommen (Distrikt Tulkarm), das Auto<span style=\"mso-spacerun: yes;\"> <\/span>des Pal\u00e4stinensers wurde zertr\u00fcmmert; Hirten h\u00e4tten 2 Schafe von Siedlern gestohlen, 11 H\u00e4user wurden von der IDF verw\u00fcstet, Tr\u00e4nengas wurde geschossen, die Schafe wurden nicht gefunden (Distrikt Yatta: dort wo vroni ist). Was blieb: Trauer, Hilflosigkeit und<span style=\"mso-spacerun: yes;\"> <\/span>\u201eIncidentreports\u201c.<\/p>\n<p class=\"MsoNormal\">Und trotzdem: wenn man dann an sch\u00f6nen sg. hl. Orten steht,<span style=\"mso-spacerun: yes;\"> <\/span>kann es sein, dass man Elend kurz vergisst und so etwas wie Hoffnung und Unendlichkeit versp\u00fcrt. Sameer meinte ganz einfach, dass wir da bleiben sollten, man k\u00f6nnte ja die Sakristei zum Wohnen einrichten, man k\u00f6nnte dann Leute in den Garten einladen: dort wachsen Oliven, Trauben, Feigen , dort wachsen Blumen&#8230;.Die Zeit ist kurz stehengeblieben.Wir waren sehr fr\u00f6hlich.<\/p>\n<p class=\"MsoNormal\">Am Kircheneingang interviewte uns das TV Palestine: sie machten lange Interviews, ich sollten ihnen ein Lieblingsplatz in Tulkarm zeigen. Ja, ein Platz in den engen Gassen des Fl\u00fcchtlingscamps, er sein in der N\u00e4hen von Ibrahim. Ich gehe mit dem TV Team durch die engen Gassen,eine Hochzeitsgesllschaft kommt uns singend und tanzend entgegen. Ibrahim trommelt und singt, wir werden alle mitgenommen und zur Hochzeti eingeladen. Ist das nicht der sch\u00f6nste Abschied, den<span style=\"mso-spacerun: yes;\"> <\/span>man sich vorstellen kann. Diei TV Redakteurin<span style=\"mso-spacerun: yes;\"> <\/span>Sabreen meint zum Abschied: Sagte es weiter,<span style=\"mso-spacerun: yes;\"> <\/span>dass wir zwar unter der Besatzung sehr, sehr leiden, aber dass es in Pal\u00e4stina<span style=\"mso-spacerun: yes;\"> <\/span>nicht gef\u00e4hrlich ist , dass es bei uns sch\u00f6n ist.<\/p>\n<p class=\"MsoNormal\">Und wieder bin ich dankbar, dass ich 3 Monate hier sein konnte, es waren schwere Zeiten, aber es war sch\u00f6n.<\/p>\n<p class=\"MsoNormal\">J. Windischer (EAPPI Tulkarm Team)<span style=\"mso-spacerun: yes;\"> <\/span>5.Juli 2013<\/p>\n","protected":false},"excerpt":{"rendered":"<p>Besuch in der Kirche \u2013 Abschied von Tulkarm<\/p>\n","protected":false},"author":2,"featured_media":0,"comment_status":"open","ping_status":"open","sticky":false,"template":"","format":"standard","meta":{"footnotes":""},"categories":[1],"tags":[],"class_list":["post-3149","post","type-post","status-publish","format-standard","hentry","category-allgemein"],"_links":{"self":[{"href":"https:\/\/www.friedensplattform.at\/index.php?rest_route=\/wp\/v2\/posts\/3149","targetHints":{"allow":["GET"]}}],"collection":[{"href":"https:\/\/www.friedensplattform.at\/index.php?rest_route=\/wp\/v2\/posts"}],"about":[{"href":"https:\/\/www.friedensplattform.at\/index.php?rest_route=\/wp\/v2\/types\/post"}],"author":[{"embeddable":true,"href":"https:\/\/www.friedensplattform.at\/index.php?rest_route=\/wp\/v2\/users\/2"}],"replies":[{"embeddable":true,"href":"https:\/\/www.friedensplattform.at\/index.php?rest_route=%2Fwp%2Fv2%2Fcomments&post=3149"}],"version-history":[{"count":0,"href":"https:\/\/www.friedensplattform.at\/index.php?rest_route=\/wp\/v2\/posts\/3149\/revisions"}],"wp:attachment":[{"href":"https:\/\/www.friedensplattform.at\/index.php?rest_route=%2Fwp%2Fv2%2Fmedia&parent=3149"}],"wp:term":[{"taxonomy":"category","embeddable":true,"href":"https:\/\/www.friedensplattform.at\/index.php?rest_route=%2Fwp%2Fv2%2Fcategories&post=3149"},{"taxonomy":"post_tag","embeddable":true,"href":"https:\/\/www.friedensplattform.at\/index.php?rest_route=%2Fwp%2Fv2%2Ftags&post=3149"}],"curies":[{"name":"wp","href":"https:\/\/api.w.org\/{rel}","templated":true}]}}