{"id":32,"date":"2006-09-20T21:56:23","date_gmt":"2006-09-20T19:56:23","guid":{"rendered":"http:\/\/www.luxorbis.org\/friedensplattform.at\/?p=32"},"modified":"2006-09-20T21:56:23","modified_gmt":"2006-09-20T19:56:23","slug":"frankreichwiderstand-gegen-nuklearaufrustung","status":"publish","type":"post","link":"https:\/\/www.friedensplattform.at\/?p=32","title":{"rendered":"Frankreich:Widerstand gegen Nuklearaufr&#252;stung"},"content":{"rendered":"<p><a href=\"http:\/\/www.nonaumissileM51.org\">Internetseiten<\/a><strong><br \/>\n<\/strong> Greanpeace ist an der Initiative f\u00fcr nukleare Abr\u00fcstung und f\u00fcr die Einstellung der Raketenproduktion ( EADS) mit denen die MINI-Nuklearbomben geschossen werden sollen, beteiligt.<br \/>\nDerzeit werden diese RAKETEN M51 s\u00fcdlich von Bordeaux getestet. Dagegen gibt es zwischen 22. u. 24. September einen breitangelegten Protest ( siehe: www.nonaumissileM51.org )<\/p>\n","protected":false},"excerpt":{"rendered":"<p>Internetseiten Greanpeace ist an der Initiative f\u00fcr nukleare Abr\u00fcstung und f\u00fcr die Einstellung der Raketenproduktion ( EADS) mit denen die MINI-Nuklearbomben geschossen werden sollen, beteiligt. Derzeit werden diese RAKETEN M51 s\u00fcdlich von Bordeaux getestet. Dagegen gibt es zwischen 22. u. 24. September einen breitangelegten Protest ( siehe: www.nonaumissileM51.org )<\/p>\n","protected":false},"author":1,"featured_media":0,"comment_status":"open","ping_status":"open","sticky":false,"template":"","format":"standard","meta":{"footnotes":""},"categories":[1],"tags":[],"class_list":["post-32","post","type-post","status-publish","format-standard","hentry","category-allgemein"],"_links":{"self":[{"href":"https:\/\/www.friedensplattform.at\/index.php?rest_route=\/wp\/v2\/posts\/32","targetHints":{"allow":["GET"]}}],"collection":[{"href":"https:\/\/www.friedensplattform.at\/index.php?rest_route=\/wp\/v2\/posts"}],"about":[{"href":"https:\/\/www.friedensplattform.at\/index.php?rest_route=\/wp\/v2\/types\/post"}],"author":[{"embeddable":true,"href":"https:\/\/www.friedensplattform.at\/index.php?rest_route=\/wp\/v2\/users\/1"}],"replies":[{"embeddable":true,"href":"https:\/\/www.friedensplattform.at\/index.php?rest_route=%2Fwp%2Fv2%2Fcomments&post=32"}],"version-history":[{"count":0,"href":"https:\/\/www.friedensplattform.at\/index.php?rest_route=\/wp\/v2\/posts\/32\/revisions"}],"wp:attachment":[{"href":"https:\/\/www.friedensplattform.at\/index.php?rest_route=%2Fwp%2Fv2%2Fmedia&parent=32"}],"wp:term":[{"taxonomy":"category","embeddable":true,"href":"https:\/\/www.friedensplattform.at\/index.php?rest_route=%2Fwp%2Fv2%2Fcategories&post=32"},{"taxonomy":"post_tag","embeddable":true,"href":"https:\/\/www.friedensplattform.at\/index.php?rest_route=%2Fwp%2Fv2%2Ftags&post=32"}],"curies":[{"name":"wp","href":"https:\/\/api.w.org\/{rel}","templated":true}]}}