{"id":320,"date":"2008-05-10T20:12:33","date_gmt":"2008-05-10T18:12:33","guid":{"rendered":"http:\/\/www.luxorbis.org\/friedensplattform.at\/?p=320"},"modified":"2008-05-10T20:12:33","modified_gmt":"2008-05-10T18:12:33","slug":"artikel-der-ag-friedensforschung-der-staat-israel-und-die-zukunft-palastinas","status":"publish","type":"post","link":"https:\/\/www.friedensplattform.at\/?p=320","title":{"rendered":"Artikel der AG Friedensforschung: Der Staat Israel und die Zukunft Pal&#228;stinas"},"content":{"rendered":"<p>Anmerkungen zum 60. Jahrestag der Gr\u00fcndung Israels<\/p>\n<p><em>Von Norman Paech<\/em><\/p>\n<p><!--more--><\/p>\n<p>Staatsgr\u00fcndungen sind im vergangenen Jahrhundert vor allem Ereignisse der Befreiung, der Erf\u00fcllung nationaler Identit\u00e4t und der Beendigung gewaltsamer K\u00e4mpfe um die Unabh\u00e4ngigkeit und Selbst\u00e4ndigkeit gewesen &#8211; Anlass gro\u00dfer Feiern. So auch im Fall Israels am 8. Mai 1948. Allerdings entsprach dieses Datum nicht dem Fahrplan der UNO und st\u00fcrzte den neugegr\u00fcndeten Staat sofort in einen Krieg mit seinen Nachbarn. In diesem Zustand des Krieges ist Israel immer noch mit den meisten seiner arabischen Nachbarn und es ist eine bedr\u00fcckende Tatsache, dass sich Israel selbst 60 Jahre nach seiner Gr\u00fcndung immer noch als Fremdk\u00f6rper in seiner Umgebung empfindet und von dieser auch als ein solcher angesehen wird. Es ist zudem ein einzigartiges Ph\u00e4nomen, dass kein anderer Staat auf der Welt vergleichbare Garantien seiner Existenz und seines Existenzrechts durch die gro\u00dfen M\u00e4chte erf\u00e4hrt. Dennoch bangt er um seine Existenz wie kaum ein zweiter Staat. Und es gibt keine Region auf dieser Erde, deren Gegenwart und Zukunft uns Deutsche mehr bewegt als Israel und Pal\u00e4stina.<\/p>\n<p><a href=\"http:\/\/www.uni-kassel.de\/fb5\/frieden\/regionen\/Israel\/60jahre-paech.html\" title=\"Uni Kassel\" target=\"_blank\">Weiterlesen auf den Seiten der Uni Kassel<\/a><\/p>\n","protected":false},"excerpt":{"rendered":"<p>Anmerkungen zum 60. Jahrestag der Gr\u00fcndung Israels Von Norman Paech<\/p>\n","protected":false},"author":1,"featured_media":0,"comment_status":"open","ping_status":"open","sticky":false,"template":"","format":"standard","meta":{"footnotes":""},"categories":[5],"tags":[],"class_list":["post-320","post","type-post","status-publish","format-standard","hentry","category-arabischer-raum"],"_links":{"self":[{"href":"https:\/\/www.friedensplattform.at\/index.php?rest_route=\/wp\/v2\/posts\/320","targetHints":{"allow":["GET"]}}],"collection":[{"href":"https:\/\/www.friedensplattform.at\/index.php?rest_route=\/wp\/v2\/posts"}],"about":[{"href":"https:\/\/www.friedensplattform.at\/index.php?rest_route=\/wp\/v2\/types\/post"}],"author":[{"embeddable":true,"href":"https:\/\/www.friedensplattform.at\/index.php?rest_route=\/wp\/v2\/users\/1"}],"replies":[{"embeddable":true,"href":"https:\/\/www.friedensplattform.at\/index.php?rest_route=%2Fwp%2Fv2%2Fcomments&post=320"}],"version-history":[{"count":0,"href":"https:\/\/www.friedensplattform.at\/index.php?rest_route=\/wp\/v2\/posts\/320\/revisions"}],"wp:attachment":[{"href":"https:\/\/www.friedensplattform.at\/index.php?rest_route=%2Fwp%2Fv2%2Fmedia&parent=320"}],"wp:term":[{"taxonomy":"category","embeddable":true,"href":"https:\/\/www.friedensplattform.at\/index.php?rest_route=%2Fwp%2Fv2%2Fcategories&post=320"},{"taxonomy":"post_tag","embeddable":true,"href":"https:\/\/www.friedensplattform.at\/index.php?rest_route=%2Fwp%2Fv2%2Ftags&post=320"}],"curies":[{"name":"wp","href":"https:\/\/api.w.org\/{rel}","templated":true}]}}