{"id":3206,"date":"2013-09-10T08:41:08","date_gmt":"2013-09-10T06:41:08","guid":{"rendered":"http:\/\/www.luxorbis.org\/friedensplattform.at\/?p=3206"},"modified":"2013-09-10T08:41:08","modified_gmt":"2013-09-10T06:41:08","slug":"aegypten-das-schweigen-in-der-eu-deckt-die-diktatur-des-militaers","status":"publish","type":"post","link":"https:\/\/www.friedensplattform.at\/?p=3206","title":{"rendered":"&#196;gypten: Das Schweigen in der EU deckt die Diktatur des Milit&#228;rs"},"content":{"rendered":"<p>So sehr sich kritische Medien wie auch das Migazin darum bem\u00fchen,  gegen den Mainstream anzuschreiben; \u2013 das althergebrachte Bild \u00fcber \u201eden  Islam\u201c als Negativ scheint in Stein gemei\u00dfelt. Vor dem jeweiligen  au\u00dfenpolitischen Gebot der Stunde ersteht es pl\u00f6tzlich wie von selbst  wieder auf. Doch gerade Wahlkampfzeiten beweisen: seine Stunden sind  gez\u00e4hlt.<\/p>\n<p><!--more--><a href=\"http:\/\/\"><\/a><\/p>\n<p>Weiter unter:<\/p>\n<p><a href=\"http:\/\/\">http:\/\/www.migazin.de\/2013\/09\/03\/aegypten-das-schweigen-eu\/#comments<\/a><\/p>\n","protected":false},"excerpt":{"rendered":"<p>So sehr sich kritische Medien wie auch das Migazin darum bem\u00fchen, gegen den Mainstream anzuschreiben; \u2013 das althergebrachte Bild \u00fcber \u201eden Islam\u201c als Negativ scheint in Stein gemei\u00dfelt. Vor dem jeweiligen au\u00dfenpolitischen Gebot der Stunde ersteht es pl\u00f6tzlich wie von selbst wieder auf. Doch gerade Wahlkampfzeiten beweisen: seine Stunden sind gez\u00e4hlt.<\/p>\n","protected":false},"author":3,"featured_media":0,"comment_status":"open","ping_status":"open","sticky":false,"template":"","format":"standard","meta":{"footnotes":""},"categories":[5,17],"tags":[],"class_list":["post-3206","post","type-post","status-publish","format-standard","hentry","category-arabischer-raum","category-meinung"],"_links":{"self":[{"href":"https:\/\/www.friedensplattform.at\/index.php?rest_route=\/wp\/v2\/posts\/3206","targetHints":{"allow":["GET"]}}],"collection":[{"href":"https:\/\/www.friedensplattform.at\/index.php?rest_route=\/wp\/v2\/posts"}],"about":[{"href":"https:\/\/www.friedensplattform.at\/index.php?rest_route=\/wp\/v2\/types\/post"}],"author":[{"embeddable":true,"href":"https:\/\/www.friedensplattform.at\/index.php?rest_route=\/wp\/v2\/users\/3"}],"replies":[{"embeddable":true,"href":"https:\/\/www.friedensplattform.at\/index.php?rest_route=%2Fwp%2Fv2%2Fcomments&post=3206"}],"version-history":[{"count":0,"href":"https:\/\/www.friedensplattform.at\/index.php?rest_route=\/wp\/v2\/posts\/3206\/revisions"}],"wp:attachment":[{"href":"https:\/\/www.friedensplattform.at\/index.php?rest_route=%2Fwp%2Fv2%2Fmedia&parent=3206"}],"wp:term":[{"taxonomy":"category","embeddable":true,"href":"https:\/\/www.friedensplattform.at\/index.php?rest_route=%2Fwp%2Fv2%2Fcategories&post=3206"},{"taxonomy":"post_tag","embeddable":true,"href":"https:\/\/www.friedensplattform.at\/index.php?rest_route=%2Fwp%2Fv2%2Ftags&post=3206"}],"curies":[{"name":"wp","href":"https:\/\/api.w.org\/{rel}","templated":true}]}}