{"id":3215,"date":"2013-09-25T17:32:36","date_gmt":"2013-09-25T15:32:36","guid":{"rendered":"http:\/\/www.luxorbis.org\/friedensplattform.at\/?p=3215"},"modified":"2013-09-25T17:32:36","modified_gmt":"2013-09-25T15:32:36","slug":"nehmt-teil-am-schweige-und-lichtermarsch","status":"publish","type":"post","link":"https:\/\/www.friedensplattform.at\/?p=3215","title":{"rendered":"NEHMT TEIL AM SCHWEIGE- UND LICHTERMARSCH!"},"content":{"rendered":"<h3 class=\"MsoNormal\">Die Steirische                       Friedensplattform und die \u00c4gyptische Gemeinde in                       Graz haben die Initiative\u00a0 f\u00fcr einen Schweige- und                       Lichtermarsch gegen die Milit\u00e4rdiktatur in                       \u00c4gypten\u00a0 ergriffen und angemeldet.<\/h3>\n<h3>\n<p class=\"MsoNormal\">\n<blockquote style=\"margin-top: 5.0pt; margin-bottom: 5.0pt;\">\n<div>\n<p class=\"MsoNormal\"><strong><span style=\"font-family: Arial , sans-serif;\">Donnerstag,                                     3. Oktober, 19:00 Uhr bis 21:00 <\/span><\/strong><\/p>\n<\/div>\n<\/blockquote>\n<div>\n<div>\n<p class=\"MsoNormal\"><strong><span style=\"font-family: Arial , sans-serif;\">Beginn                                     beim Esperantoplatz &#8211; Annenstra\u00dfe &#8211;                                   Hauptplatz &#8211; Herrengasse &#8211; Abschlu\u00df am                                   Eisernen Tor<!--more--><\/span><\/strong><\/p>\n<\/div>\n<\/div>\n<p class=\"MsoNormal\">\n<p>\u00c4gypten ist der Hauptschwerpunkt; es                         sollen\/k\u00f6nnen jedoch die Situation in Syrien und                         Pal\u00e4stina auch angesprochen werden. Die Losungen                         sollen den inhaltlichen Rahmen\u00a0 darstellen und                         es bleibt jeder Gruppe \u00fcberlassen wie verk\u00fcrzt\u00a0                         sie sie auf Tafeln oder Transparenten anbringt.<\/p>\n<div>\n<p class=\"MsoNormal\">Die inhaltliche                           Plattform:<\/p>\n<p class=\"MsoNormal\"><strong><span style=\"font-size: 10.0pt; font-family: Arial , sans-serif;\">F\u00fcr                                 Frieden, Gerechtigkeit, Freiheit und                               Demokratie in \u00c4gypten!<\/span><\/strong><\/p>\n<div>\n<div>\n<p class=\"MsoNormal\"><strong><span style=\"font-size: 10.0pt; font-family: Arial , sans-serif;\"> Milit\u00e4r raus aus der Politik in                                   \u00c4gypten ! Weg mit der Junta! <\/span><\/strong><\/p>\n<\/div>\n<\/div>\n<p class=\"MsoNormal\"><strong><span style=\"font-size: 10.0pt; font-family: Arial , sans-serif;\"> Kein <\/span><\/strong><strong><span style=\"font-size: 10.0pt; font-family: Arial , sans-serif; color: green;\">US-<\/span><\/strong><strong><span style=\"font-size: 10.0pt; font-family: Arial , sans-serif;\">Angriff                                 auf Syrien! Solidarit\u00e4t mit dem                               demokratischen syrischen Widerstand gegen                               die Diktatur von Assad !<\/span><\/strong><strong><span style=\"font-size: 10.0pt; font-family: Arial , sans-serif;\"><br \/>\nPolitik und Diplomatie statt Schritte                               zur Eskalation der Gewalt !<\/span><\/strong><\/p>\n<p class=\"MsoNormal\"><strong><span style=\"font-size: 10.0pt; font-family: Arial , sans-serif;\">Schlu\u00df                                 mit dem illegalen kolonialistischen                               Siedlungsbau und der Milit\u00e4rbesatzung in                               Pal\u00e4stina !<\/span><\/strong><\/p>\n<p class=\"MsoNormal\" style=\"margin-bottom: 12.0pt;\"><strong><span style=\"font-size: 10.0pt; font-family: Arial , sans-serif;\"><br \/>\n<strong><span style=\"font-family: Arial , sans-serif;\"> mfg                                     Ante,<\/span><\/strong><\/span><\/strong>Franz,                           Helga, Johann,\u00a0 Kamel, Konrad, Magdy;                           Soleiman,Veronika &#8230;..<\/p>\n<p>P.S. alle teilnehmenden Gruppen werden                           gebeten, dass ihre Leute Kerzen, Lampen,                           Handys, L.aternen &#8230;. selbst f\u00fcr den                           Lichtermarsch mitbringen. Ebenso die Tafeln                           oder Transparente<br \/>\nZu Beginn und zum Abschluss wird es jeweils                           kurze Ansprachen geben.<\/p><\/div>\n<p class=\"MsoNormal\" style=\"margin-bottom: 12.0pt;\">\n<\/h3>\n","protected":false},"excerpt":{"rendered":"<p>Die Steirische Friedensplattform und die \u00c4gyptische Gemeinde in Graz haben die Initiative\u00a0 f\u00fcr einen Schweige- und Lichtermarsch gegen die Milit\u00e4rdiktatur in \u00c4gypten\u00a0 ergriffen und angemeldet. Donnerstag, 3. Oktober, 19:00 Uhr bis 21:00 Beginn beim Esperantoplatz &#8211; Annenstra\u00dfe &#8211; Hauptplatz &#8211; Herrengasse &#8211; Abschlu\u00df am Eisernen Tor<\/p>\n","protected":false},"author":2,"featured_media":0,"comment_status":"open","ping_status":"open","sticky":false,"template":"","format":"standard","meta":{"footnotes":""},"categories":[3,5],"tags":[],"class_list":["post-3215","post","type-post","status-publish","format-standard","hentry","category-antimilitarismus","category-arabischer-raum"],"_links":{"self":[{"href":"https:\/\/www.friedensplattform.at\/index.php?rest_route=\/wp\/v2\/posts\/3215","targetHints":{"allow":["GET"]}}],"collection":[{"href":"https:\/\/www.friedensplattform.at\/index.php?rest_route=\/wp\/v2\/posts"}],"about":[{"href":"https:\/\/www.friedensplattform.at\/index.php?rest_route=\/wp\/v2\/types\/post"}],"author":[{"embeddable":true,"href":"https:\/\/www.friedensplattform.at\/index.php?rest_route=\/wp\/v2\/users\/2"}],"replies":[{"embeddable":true,"href":"https:\/\/www.friedensplattform.at\/index.php?rest_route=%2Fwp%2Fv2%2Fcomments&post=3215"}],"version-history":[{"count":0,"href":"https:\/\/www.friedensplattform.at\/index.php?rest_route=\/wp\/v2\/posts\/3215\/revisions"}],"wp:attachment":[{"href":"https:\/\/www.friedensplattform.at\/index.php?rest_route=%2Fwp%2Fv2%2Fmedia&parent=3215"}],"wp:term":[{"taxonomy":"category","embeddable":true,"href":"https:\/\/www.friedensplattform.at\/index.php?rest_route=%2Fwp%2Fv2%2Fcategories&post=3215"},{"taxonomy":"post_tag","embeddable":true,"href":"https:\/\/www.friedensplattform.at\/index.php?rest_route=%2Fwp%2Fv2%2Ftags&post=3215"}],"curies":[{"name":"wp","href":"https:\/\/api.w.org\/{rel}","templated":true}]}}