{"id":3227,"date":"2013-10-11T05:36:17","date_gmt":"2013-10-11T03:36:17","guid":{"rendered":"http:\/\/www.luxorbis.org\/friedensplattform.at\/?p=3227"},"modified":"2013-10-11T05:36:17","modified_gmt":"2013-10-11T03:36:17","slug":"kundgebung-am-sa-12-oktober-2013-von-15-bis-17-uhr-graz-hauptplatzecke-sporgasse","status":"publish","type":"post","link":"https:\/\/www.friedensplattform.at\/?p=3227","title":{"rendered":"Kundgebung am Sa. 12. Oktober 2013   von 15 bis 17 Uhr; Graz, Hauptplatz\/Ecke Sporgasse"},"content":{"rendered":"<p><!--[if gte mso 9]><xml> <w:WordDocument> <w:View>Normal<\/w:View> <w:Zoom>0<\/w:Zoom> <w:HyphenationZone>21<\/w:HyphenationZone> <w:PunctuationKerning \/> <w:ValidateAgainstSchemas \/> <w:SaveIfXMLInvalid>false<\/w:SaveIfXMLInvalid> <w:IgnoreMixedContent>false<\/w:IgnoreMixedContent> <w:AlwaysShowPlaceholderText>false<\/w:AlwaysShowPlaceholderText> <w:Compatibility> <w:BreakWrappedTables \/> <w:SnapToGridInCell \/> <w:WrapTextWithPunct \/> <w:UseAsianBreakRules \/> <w:DontGrowAutofit \/> <\/w:Compatibility> <w:BrowserLevel>MicrosoftInternetExplorer4<\/w:BrowserLevel> <\/w:WordDocument> <\/xml><![endif]--><\/p>\n<p><!--[if gte mso 9]><xml> <w:LatentStyles DefLockedState=\"false\" LatentStyleCount=\"156\"> <\/w:LatentStyles> <\/xml><![endif]--><!--[if gte mso 10]> \n\n<style>\n \/* Style Definitions *\/\n table.MsoNormalTable\n\t{mso-style-name:\"Normale Tabelle\";\n\tmso-tstyle-rowband-size:0;\n\tmso-tstyle-colband-size:0;\n\tmso-style-noshow:yes;\n\tmso-style-parent:\"\";\n\tmso-padding-alt:0cm 5.4pt 0cm 5.4pt;\n\tmso-para-margin:0cm;\n\tmso-para-margin-bottom:.0001pt;\n\tmso-pagination:widow-orphan;\n\tfont-size:10.0pt;\n\tfont-family:\"Times New Roman\";\n\tmso-ansi-language:#0400;\n\tmso-fareast-language:#0400;\n\tmso-bidi-language:#0400;}\n<\/style>\n\n <![endif]--><\/p>\n<p class=\"MsoNormal\" style=\"margin-bottom: 12.0pt;\">\n<h3>der Steirischen Friedensplattform mit der \u00c4gyptischen Gemeinde \u00d6sterreich und der Liga Kulturverein<\/h3>\n<h3><\/h3>\n<h3>Motto:\u00a0\u00a0 \u00c4gypten, Syrien und Pal\u00e4stina<\/h3>\n<h3>das geht uns alle an!<!--more--><\/h3>\n<p class=\"MsoNormal\" style=\"margin-bottom: 12.0pt;\"><br style=\"mso-special-character: line-break;\" \/> <br style=\"mso-special-character: line-break;\" \/><\/p>\n<p class=\"ecxmsonormal\">Die inhaltliche Plattform:<\/p>\n<p class=\"ecxmsonormal\" style=\"margin-bottom: 12.0pt;\"><strong><span style=\"font-size: 10.0pt; font-family: Arial;\">F\u00fcr Frieden, Gerechtigkeit, Freiheit und Demokratie in \u00c4gypten!<\/span><\/strong><br style=\"mso-special-character: line-break;\" \/> <br style=\"mso-special-character: line-break;\" \/><\/p>\n<p class=\"ecxmsonormal\"><strong><span style=\"font-size: 10.0pt; font-family: Arial;\"> Milit\u00e4r raus aus der Politik in \u00c4gypten ! Weg mit der Junta! <\/span><\/strong><\/p>\n<p class=\"ecxmsonormal\">\n<strong><span style=\"font-size: 10.0pt; font-family: Arial;\"> Kein <span style=\"color: green;\">US-<\/span>Angriff auf Syrien! Solidarit\u00e4t mit dem demokratischen syrischen Widerstand gegen die Diktatur von Assad !<\/span><\/strong><strong><span style=\"font-size: 10.0pt; font-family: Arial;\"><br \/>\n<strong><span style=\"font-family: Arial;\"> Politik und Diplomatie statt Schritte zur Eskalation der Gewalt !<\/span><\/strong><\/span><\/strong><\/p>\n<p class=\"ecxmsonormal\">\n<strong><span style=\"font-size: 10.0pt; font-family: Arial;\">Schlu\u00df mit dem illegalen kolonialistischen Siedlungsbau und der Milit\u00e4rbesatzung in Pal\u00e4stina !<\/span><\/strong><\/p>\n<p class=\"MsoNormal\">\n","protected":false},"excerpt":{"rendered":"<p>der Steirischen Friedensplattform mit der \u00c4gyptischen Gemeinde \u00d6sterreich und der Liga Kulturverein Motto:\u00a0\u00a0 \u00c4gypten, Syrien und Pal\u00e4stina das geht uns alle an!<\/p>\n","protected":false},"author":2,"featured_media":0,"comment_status":"open","ping_status":"open","sticky":false,"template":"","format":"standard","meta":{"footnotes":""},"categories":[1],"tags":[],"class_list":["post-3227","post","type-post","status-publish","format-standard","hentry","category-allgemein"],"_links":{"self":[{"href":"https:\/\/www.friedensplattform.at\/index.php?rest_route=\/wp\/v2\/posts\/3227","targetHints":{"allow":["GET"]}}],"collection":[{"href":"https:\/\/www.friedensplattform.at\/index.php?rest_route=\/wp\/v2\/posts"}],"about":[{"href":"https:\/\/www.friedensplattform.at\/index.php?rest_route=\/wp\/v2\/types\/post"}],"author":[{"embeddable":true,"href":"https:\/\/www.friedensplattform.at\/index.php?rest_route=\/wp\/v2\/users\/2"}],"replies":[{"embeddable":true,"href":"https:\/\/www.friedensplattform.at\/index.php?rest_route=%2Fwp%2Fv2%2Fcomments&post=3227"}],"version-history":[{"count":0,"href":"https:\/\/www.friedensplattform.at\/index.php?rest_route=\/wp\/v2\/posts\/3227\/revisions"}],"wp:attachment":[{"href":"https:\/\/www.friedensplattform.at\/index.php?rest_route=%2Fwp%2Fv2%2Fmedia&parent=3227"}],"wp:term":[{"taxonomy":"category","embeddable":true,"href":"https:\/\/www.friedensplattform.at\/index.php?rest_route=%2Fwp%2Fv2%2Fcategories&post=3227"},{"taxonomy":"post_tag","embeddable":true,"href":"https:\/\/www.friedensplattform.at\/index.php?rest_route=%2Fwp%2Fv2%2Ftags&post=3227"}],"curies":[{"name":"wp","href":"https:\/\/api.w.org\/{rel}","templated":true}]}}