{"id":323,"date":"2008-05-22T22:02:11","date_gmt":"2008-05-22T20:02:11","guid":{"rendered":"http:\/\/www.luxorbis.org\/friedensplattform.at\/?p=323"},"modified":"2008-05-22T22:02:11","modified_gmt":"2008-05-22T20:02:11","slug":"buchvorstellung-israels-irrweg-eine-judische-sicht","status":"publish","type":"post","link":"https:\/\/www.friedensplattform.at\/?p=323","title":{"rendered":"Buchvorstellung: &quot;Israels Irrweg&quot; (Eine j&#252;dische Sicht)"},"content":{"rendered":"<p><em>ein Beitrag von Karl Reinprecht<\/em><\/p>\n<p>C2008  Papy Rossa Verlag<\/p>\n<p>&#8222;Israels Irrweg&#8220; (Eine j\u00fcdische Sicht)<\/p>\n<p>Ein Buch von Rolf Verleger, Prof. Dr. Psychologe am Universit\u00e4tsklinikum in L\u00fcbeck.<\/p>\n<p><!--more--><\/p>\n<p>Die Kapitel\u00fcberschriften sagen schon viel  \u00fcber den  Inhalt aus.<\/p>\n<p>Teil 1<br \/>\nWisse, woher Du kommst&#8230;<\/p>\n<p>Teil 2<br \/>\n..und wisse, wohin Du gehst&#8230;<\/p>\n<p>Tei 3<br \/>\n&#8230;und vor wem Du zuk\u00fcnftig Rechenschaft ablegen musst.<\/p>\n<p>&#8222;Das Judentum, meiner Heimat, ist in die H\u00e4nde von Leuten gefallen, denen Volk und Nation h\u00f6here Werte sind als Gerechtigkeit und N\u00e4chstenliebe&#8220;<\/p>\n<p>Als Alternative stellt er die von ihm initiierte Aktion &#8222;Schalom 5767&#8220; vor, mit der die Deutsche Bundesregierung zum Umdenken in der Pal\u00e4stinenserfrage aufgefordert  wurde.<\/p>\n<p>Am Ende des Buches schreibt er.<br \/>\nSo k\u00f6nnte man Frieden schaffen in Pal\u00e4stina:<br \/>\nAnerkennung der W\u00fcrde der Pal\u00e4stinenser,<br \/>\nEingest\u00e4ndnis des gro\u00dfen Unrechts der Vertreibung,<br \/>\nEntsch\u00e4digung des Eigentumsverlustes.<br \/>\nWenn der Staat Israel nicht diesen Weg geht und den Frieden sucht, dann wird es diesen Staat wahrscheinlich in hundert Jahren nicht mehr geben und &#8211; schlimmer noch &#8211;   das Judentum wird sicherlich immer mehr eine platte volkst\u00fcmelnde, nationalistische Herrschaftsideologie und von niemandem mehr als eine moralische Instanz ernst genommen werden.<\/p>\n<p><strong><em>Es wird besonders darauf hingewiesen dass die in der Kategorie \u201cMeinung\u201d ver\u00f6ffentlichten Beitr\u00e4ge die Meinung von Einzelpersonen bzw. gegebenenfalls von einzelnen Gruppen wiederspiegeln, und nicht die Meinug der Steirischen Friedensplattform darstellen!<\/em><\/strong> <strong><em>Vielmehr soll diese Kategorie der Diskussion und dem Austausch <\/em><em>von Meinungen unter den AktivistInnen dienen!<\/em><\/strong><\/p>\n","protected":false},"excerpt":{"rendered":"<p>ein Beitrag von Karl Reinprecht C2008 Papy Rossa Verlag &#8222;Israels Irrweg&#8220; (Eine j\u00fcdische Sicht) Ein Buch von Rolf Verleger, Prof. Dr. Psychologe am Universit\u00e4tsklinikum in L\u00fcbeck.<\/p>\n","protected":false},"author":1,"featured_media":0,"comment_status":"open","ping_status":"open","sticky":false,"template":"","format":"standard","meta":{"footnotes":""},"categories":[5,17],"tags":[],"class_list":["post-323","post","type-post","status-publish","format-standard","hentry","category-arabischer-raum","category-meinung"],"_links":{"self":[{"href":"https:\/\/www.friedensplattform.at\/index.php?rest_route=\/wp\/v2\/posts\/323","targetHints":{"allow":["GET"]}}],"collection":[{"href":"https:\/\/www.friedensplattform.at\/index.php?rest_route=\/wp\/v2\/posts"}],"about":[{"href":"https:\/\/www.friedensplattform.at\/index.php?rest_route=\/wp\/v2\/types\/post"}],"author":[{"embeddable":true,"href":"https:\/\/www.friedensplattform.at\/index.php?rest_route=\/wp\/v2\/users\/1"}],"replies":[{"embeddable":true,"href":"https:\/\/www.friedensplattform.at\/index.php?rest_route=%2Fwp%2Fv2%2Fcomments&post=323"}],"version-history":[{"count":0,"href":"https:\/\/www.friedensplattform.at\/index.php?rest_route=\/wp\/v2\/posts\/323\/revisions"}],"wp:attachment":[{"href":"https:\/\/www.friedensplattform.at\/index.php?rest_route=%2Fwp%2Fv2%2Fmedia&parent=323"}],"wp:term":[{"taxonomy":"category","embeddable":true,"href":"https:\/\/www.friedensplattform.at\/index.php?rest_route=%2Fwp%2Fv2%2Fcategories&post=323"},{"taxonomy":"post_tag","embeddable":true,"href":"https:\/\/www.friedensplattform.at\/index.php?rest_route=%2Fwp%2Fv2%2Ftags&post=323"}],"curies":[{"name":"wp","href":"https:\/\/api.w.org\/{rel}","templated":true}]}}