{"id":3233,"date":"2013-10-24T20:45:22","date_gmt":"2013-10-24T18:45:22","guid":{"rendered":"http:\/\/www.luxorbis.org\/friedensplattform.at\/?p=3233"},"modified":"2013-10-24T20:45:22","modified_gmt":"2013-10-24T18:45:22","slug":"publikation-werte-waffen-wirtschaftsmacht","status":"publish","type":"post","link":"https:\/\/www.friedensplattform.at\/?p=3233","title":{"rendered":"Publikation: \u201eWerte, Waffen, Wirtschaftsmacht\u201c"},"content":{"rendered":"<table border=\"0\" cellspacing=\"0\" cellpadding=\"0\" width=\"560\">\n<tbody>\n<tr>\n<td style=\"font-family: arial , helvetica , sans-serif; color: #000000; font-size: 12.0px; line-height: 18.0px;\" width=\"345\" valign=\"top\">\n<h3>Wohin steuert die EU-Friedens- und Sicherheitspolitik? Thomas Roithner u.a.<\/h3>\n<h3>Buchneuerscheinung !<!--more--><\/h3>\n<p>Sex  sells, GASP doesn\u00b4t. Schon auf nationaler Ebene gelten grundlegende  au\u00dfen- und sicherheitspolitische Fragen abseits der damit betrauten  Community als eher \u201enot sexy\u201c. In der EU der 28 wird das Thema GASP  durch l\u00e4hmende Uneinigkeit und mangelnde Transparenz f\u00fcr die breite  \u00d6ffentlichkeit kaum attraktiver. Eine wachsende Anzahl von  internationalen EU-Kriseneins\u00e4tzen vermengt sich mit der Verfolgung von  Wirtschaftsinteressen und dem Vorantreiben nach au\u00dfen gerichteter  europ\u00e4ischer Werte. \u201eWerte, Waffen, Wirtschaftsmacht\u201c ist nicht nur ein  Versuch, die au\u00dfen- und sicherheitspolitischen Schattenseiten der EU ins  Licht der Debatte zu r\u00fccken, sondern stellt auch die Frage nach ihren  friedenspolitischen M\u00f6glichkeiten, sowie nach der spezifischen Rolle des  neutralen \u00d6sterreichs und seines Heeres im 21. Jahrhundert.  <a href=\"http:\/\/www.thomasroithner.at\/cms\/images\/buecher\/roithner_frank_huber_werte_waffen_wirtschaftsmacht.pdf\" target=\"_blank\"><span style=\"color: #c2053b;\"><span style=\"color: #c2053b;\"><strong><span style=\"text-decoration: underline;\">Mehr\u00a0lesen<\/span><\/strong><\/span><\/span><\/a> |\u00a0\u00a0 <a style=\"color: #c2053b;\" title=\"E-Mail Bestellung beim LIT VERLAG\" href=\"https:\/\/3c.gmx.net\/mail\/client\/mail\/mailto;jsessionid=4955264D6398A1BDD592F153C2F6668F-n2.bs14a?to=wien%40lit-verlag.at&amp;selection=tfol11c8b3604991ba74\" target=\"_parent\"><span style=\"color: #c2053b;\"><strong><span style=\"text-decoration: underline;\">Hier\u00a0bestellen<\/span><\/strong><\/span><\/a><br \/>\n<img loading=\"lazy\" decoding=\"async\" src=\"http:\/\/www.friedensburg.at\/newsletter\/archiv\/11-2013\/img\/spacer.gif\" border=\"0\" alt=\"\" width=\"345\" height=\"1\" \/><\/td>\n<td width=\"15\"><img loading=\"lazy\" decoding=\"async\" src=\"http:\/\/www.friedensburg.at\/newsletter\/archiv\/11-2013\/img\/spacer.gif\" border=\"0\" alt=\"\" width=\"15\" height=\"1\" \/><\/td>\n<td width=\"200\" valign=\"top\"><img loading=\"lazy\" decoding=\"async\" src=\"http:\/\/www.friedensburg.at\/newsletter\/archiv\/11-2013\/img\/pic01.jpg\" border=\"0\" alt=\"Cover: \u201eWieviel Sicherheit braucht der Friede?\u201c\" width=\"200\" height=\"285\" \/><\/td>\n<\/tr>\n<tr>\n<td style=\"font-family: arial , helvetica , sans-serif; color: #000000; font-size: 12.0px; line-height: 18.0px;\" colspan=\"3\"><span style=\"line-height: 12.0px;\"><br \/>\n<\/span><em>\u201eAn dem Buch sollte niemand vorbei, der an der Zukunft der Europ\u00e4ischen Union interessiert ist oder  einen fundierten Einstieg in die Thematik sucht.\u201c<\/em> \u2013 Dr. Christa Hager, Wiener Zeitung<\/td>\n<\/tr>\n<\/tbody>\n<\/table>\n","protected":false},"excerpt":{"rendered":"<p>Wohin steuert die EU-Friedens- und Sicherheitspolitik? Thomas Roithner u.a. Buchneuerscheinung !<\/p>\n","protected":false},"author":2,"featured_media":0,"comment_status":"open","ping_status":"open","sticky":false,"template":"","format":"standard","meta":{"footnotes":""},"categories":[1],"tags":[],"class_list":["post-3233","post","type-post","status-publish","format-standard","hentry","category-allgemein"],"_links":{"self":[{"href":"https:\/\/www.friedensplattform.at\/index.php?rest_route=\/wp\/v2\/posts\/3233","targetHints":{"allow":["GET"]}}],"collection":[{"href":"https:\/\/www.friedensplattform.at\/index.php?rest_route=\/wp\/v2\/posts"}],"about":[{"href":"https:\/\/www.friedensplattform.at\/index.php?rest_route=\/wp\/v2\/types\/post"}],"author":[{"embeddable":true,"href":"https:\/\/www.friedensplattform.at\/index.php?rest_route=\/wp\/v2\/users\/2"}],"replies":[{"embeddable":true,"href":"https:\/\/www.friedensplattform.at\/index.php?rest_route=%2Fwp%2Fv2%2Fcomments&post=3233"}],"version-history":[{"count":0,"href":"https:\/\/www.friedensplattform.at\/index.php?rest_route=\/wp\/v2\/posts\/3233\/revisions"}],"wp:attachment":[{"href":"https:\/\/www.friedensplattform.at\/index.php?rest_route=%2Fwp%2Fv2%2Fmedia&parent=3233"}],"wp:term":[{"taxonomy":"category","embeddable":true,"href":"https:\/\/www.friedensplattform.at\/index.php?rest_route=%2Fwp%2Fv2%2Fcategories&post=3233"},{"taxonomy":"post_tag","embeddable":true,"href":"https:\/\/www.friedensplattform.at\/index.php?rest_route=%2Fwp%2Fv2%2Ftags&post=3233"}],"curies":[{"name":"wp","href":"https:\/\/api.w.org\/{rel}","templated":true}]}}