{"id":3257,"date":"2013-11-25T22:27:53","date_gmt":"2013-11-25T20:27:53","guid":{"rendered":"http:\/\/www.luxorbis.org\/friedensplattform.at\/?p=3257"},"modified":"2013-11-25T22:27:53","modified_gmt":"2013-11-25T20:27:53","slug":"ein-faktencheck-in-israel-und-palaestina-wie-schaut-es-im-heimatland-jesu-heute-aus","status":"publish","type":"post","link":"https:\/\/www.friedensplattform.at\/?p=3257","title":{"rendered":"Ein Faktencheck in Israel und Pal&#228;stina: Wie schaut es im \u201eHeimatland Jesu\u201c heute aus?"},"content":{"rendered":"<h2 class=\"MsoNormal\"><span style=\"font-size: 16.0pt;\">Ein besonderer Advent-Abend zum  Tag der Menschenrechte<br \/>\nDienstag, 10. Dezember, 18 Uhr, Andr\u00e4kirche  Graz<\/span><\/h2>\n<p class=\"MsoNormal\">Der musikalische Teil wird sehr professionell vom  Musikgymnasium Dreihacken (Prof. Kleemaier) beigetragen werden \u2013 insgesamt 5  Teile.<\/p>\n<p class=\"MsoNormal\">Der inhaltliche Teil (3 Bl\u00f6cke mit Fotos \u2013 Projektion mit  Beamer) wird vom \u00f6sterreichischen Generalsekret\u00e4r von PAX CHRISTI, Dr. Jussuf  Windischer gestaltet. Er hat in Pal\u00e4stina mit seiner Frau Friedensarbeit  geleistet und wird von seinen Erfahrungen sprechen.<!--more--><\/p>\n<p class=\"MsoNormal\">Ich glaube, dass diese Info vorerst einmal zur Vorbereitung  reichen wird. Den genauen Titel kann man noch fixieren. Was ich geschrieben  habe, ist mein Vorschlag.<\/p>\n<p class=\"MsoNormal\">Ich danke allen Beteiligten und freue mich jetzt schon  darauf.<\/p>\n<p class=\"MsoNormal\">Mit LG<\/p>\n<p class=\"MsoNormal\">Pfr. Hermann Glettler<\/p>\n<p class=\"MsoNormal\"><span style=\"color: #1f497d;\"> <\/span><\/p>\n<p class=\"MsoNormal\"><span style=\"color: #1f497d;\"> <\/span><\/p>\n<p class=\"MsoNormal\"><span style=\"color: #1f497d;\"> <\/span><\/p>\n<p class=\"MsoNormal\"><span style=\"color: #1f497d;\"> <\/span><\/p>\n<p class=\"MsoNormal\"><span style=\"color: #1f497d;\"> <\/span><\/p>\n<p class=\"MsoNormal\"><span>Dr. Josef (Jussuf) Windischer von Pax Christi  Tirol ist seit 1. Oktober 2011 der neue Generalsekret\u00e4r von PAX CHRISTI  \u00d6STERREICH. In einem Brief stellt sich der &#8222;Neue&#8220; (der in der Pax-Christi-Arbeit  gar nicht so neu ist) den Mitgliedern und den Sympathisanten\/innen von PC\u00d6 vor. <\/span><\/p>\n<p class=\"MsoNormal\"><span><img loading=\"lazy\" decoding=\"async\" id=\"Grafik_x0020_3\" src=\"https:\/\/3c.gmx.net\/mail\/client\/attachment\/view\/tmai1339e2506c545527\/MkREQjdBRjlERUQzNDc5QkFENDM0MzkzM0MzMUUxNUVAc29lbGtuZXI;jsessionid=10C4E74E9AB633D3C43BCC72F7EDEBA6-n2.bs51a?selection=tfol11c8b3604991ba74\" alt=\"Beschreibung: Josef (Yussuf) Windischer\" width=\"162\" height=\"200\" \/><\/span><span>Werte Mitglieder von Pax Christi \u00d6sterreich,<br \/>\nliebe Sympathisantinnen und Sympathisanten!<\/span><\/p>\n<p class=\"MsoNormal\"><span> <\/span><\/p>\n<p class=\"MsoNormal\"><span>Das wichtigste f\u00fcr Pax Christi \u00d6sterreich seid  ihr: die Mitglieder. Genauso wichtig sind die Sympathisanten: die Menschen die  mitleiden, mitf\u00fchlen, mittragen \u2013 wenn es Kriege, Ungerechtigkeiten und  Missachtungen der Sch\u00f6pfung gibt. Das wichtigste , wenn sich Menschen mitfreuen,  wenn sie mitwirken und dem Frieden, der Gerechtigkeit und der Sch\u00f6pfung  dienen.<\/span><\/p>\n<p class=\"MsoNormal\"><span> <\/span><\/p>\n<p class=\"MsoNormal\"><span>In diesem Sinne m\u00f6chte ich mich als euer neuer  Sekret\u00e4r, als designierter Generalsekret\u00e4r vorstellen. Die Anfrage erreichte  mich und meine Frau in Brasilien. Im J\u00e4nner hab ich mich auf Grund des  erreichten Pensionsalters soeben bei Caritas, beim Integrationshaus und von der  Gef\u00e4ngnisseelsorge verabschiedet. Die Anfrage von Pax Christi \u00d6sterreich hat  mich \u00fcberrascht und sehr gefreut. Ich besprach die Sachlage mit Vroni, meiner  Frau. Wir beide meinten, dass dies ein einmaliges Angebot sei, was nicht  allt\u00e4glich ist. Wir sagten gerne zu und m\u00f6chten es gemeinsam versuchen. <\/span><\/p>\n<p class=\"MsoNormal\"><span> <\/span><\/p>\n<p class=\"MsoNormal\"><span>Das B\u00fcro in Linz wird noch ein paar Agenden  bew\u00e4hrterweise weiterf\u00fchren, wir werden in Innsbruck ein Sekretariat aufbauen.  Es befindet sich im Haus der Begegnung, einem offenen Bildungshaus der Di\u00f6zese  Innsbruck. Das Haus der Begegnung hat uns mit offenen Armen aufgenommen. Hier  gibt\u2019s ein B\u00fcro, Versammlungsr\u00e4ume, eine Kapelle, einen Garten und viele, viele  Menschen, die aus und ein gehen. Ich glaub, dass wir hier einen guten Platz f\u00fcr  PC\u00d6 haben. Seit Jahren trifft sich hier auch die Landesgruppe Pax Christi Tirol,  belebt Haus, Stadt und Land mit etlichen Gebeten, Studie und  Aktivit\u00e4ten.<\/span><\/p>\n<p class=\"MsoNormal\"><span> <\/span><\/p>\n<p class=\"MsoNormal\"><span>Das Generalsekretariat m\u00f6chte seine  Dienstfunktion aus\u00fcben. Wir sind da f\u00fcr die Landesgruppen, f\u00fcr die Kommissionen  und f\u00fcr all die Menschen, die nicht m\u00fcde werden sich f\u00fcr Friede, Gerechtigkeit  und Sch\u00f6pfung einzusetzen. Werde versuchen einige engagierte Leute von PC\u00d6 vor  Ort zu besuchen, am liebsten alle. Mit der Bitte um wohlwollende  Kontaktaufnahmen, im Vertrauen auf eine gute Zukunft<\/span><\/p>\n<p class=\"MsoNormal\"><span> <\/span><\/p>\n<p class=\"MsoNormal\"><span>Euer\/Ihr<\/span><\/p>\n<p class=\"MsoNormal\"><span>Dr. Mag. Josef Windischer  (Jussuf)<\/span><\/p>\n<p class=\"MsoNormal\"><span>Generalsekret\u00e4r Pax Christi  \u00d6sterreich<\/span><\/p>\n<p class=\"MsoNormal\"><span> <\/span><\/p>\n<p class=\"MsoNormal\"><span> <\/span><\/p>\n<p class=\"MsoNormal\"><strong><span>Das Generalsekretariat von Pax Christi  \u00d6sterreich befindet sich im Innsbrucker Haus der Begegnung.<br \/>\nA-6020  Innsbruck, Rennweg 12<br \/>\nT +43 512 58 78 69 18<br \/>\nF +43 512 58 78 69 11<br \/>\nTm  +43 676 87 30 41 70<br \/>\nE <a class=\"moz-txt-link-abbreviated\" href=\"https:\/\/3c.gmx.net\/mail\/client\/mail\/mailto;jsessionid=10C4E74E9AB633D3C43BCC72F7EDEBA6-n2.bs51a?to=office%40paxchristi.at&amp;selection=tfol11c8b3604991ba74\" target=\"_parent\">office@paxchristi.at<\/a><br \/>\nURL <a class=\"moz-txt-link-freetext\" href=\"https:\/\/3c.gmx.net\/mail\/client\/dereferrer?redirectUrl=http%3A%2F%2Fwww.paxchristi.at\" target=\"_blank\">http:\/\/www.paxchristi.at<\/a><\/span><\/strong><\/p>\n<p class=\"MsoNormal\"><strong><span>Das B\u00fcro ist zu folgenden Zeiten offen: Di,  Mi, Do jeweils 9 \u2013 12 Uhr<\/span><\/strong><\/p>\n<p class=\"MsoNormal\"><strong><span>Konto Nr. 37 30 19, Hypo O\u00d6 (BLZ  54000)<br \/>\nKonto Nr. 300 532 53 820 Hypo Tirol (BLZ 57000) <\/span><\/strong><\/p>\n<p class=\"MsoNormal\"><span>Von Walter Buder ver\u00f6ffentlicht am  11.10.2011<\/span><\/p>\n<p><a title=\"&quot;\u00a9 pc\u00f6&quot; \" href=\"https:\/\/3c.gmx.net\/mail\/client\/dereferrer?redirectUrl=http%3A%2F%2Fwww.kath-kirche-vorarlberg.at%2Forganisation%2Fpax-christi%2Fartikel%2Fvorstellung-des-neuen-generalsekretaers%2FitemImage_large%3Fext%3D*.jpg\" target=\"_blank\"><span style=\"color: windowtext; text-decoration: none;\"><img loading=\"lazy\" decoding=\"async\" id=\"Grafik_x0020_2\" src=\"https:\/\/3c.gmx.net\/mail\/client\/attachment\/view\/tmai1339e2506c545527\/NzFCRTUzMDk1OTVBNDIyRkJDMDQ5RkRDMDQyMkM1OENAc29lbGtuZXI;jsessionid=10C4E74E9AB633D3C43BCC72F7EDEBA6-n2.bs51a?selection=tfol11c8b3604991ba74\" border=\"0\" alt=\"Beschreibung: Vorstellung des neuen Generalsekret\u00e4rs\" width=\"314\" height=\"199\" \/><\/span><\/a><\/p>\n","protected":false},"excerpt":{"rendered":"<p>Ein besonderer Advent-Abend zum Tag der Menschenrechte Dienstag, 10. Dezember, 18 Uhr, Andr\u00e4kirche Graz Der musikalische Teil wird sehr professionell vom Musikgymnasium Dreihacken (Prof. Kleemaier) beigetragen werden \u2013 insgesamt 5 Teile. Der inhaltliche Teil (3 Bl\u00f6cke mit Fotos \u2013 Projektion mit Beamer) wird vom \u00f6sterreichischen Generalsekret\u00e4r von PAX CHRISTI, Dr. Jussuf Windischer gestaltet. Er hat &hellip; <a href=\"https:\/\/www.friedensplattform.at\/?p=3257\" class=\"more-link\"><span class=\"screen-reader-text\">Ein Faktencheck in Israel und Pal&#228;stina: Wie schaut es im \u201eHeimatland Jesu\u201c heute aus?<\/span> weiterlesen <span class=\"meta-nav\">&rarr;<\/span><\/a><\/p>\n","protected":false},"author":2,"featured_media":0,"comment_status":"open","ping_status":"open","sticky":false,"template":"","format":"standard","meta":{"footnotes":""},"categories":[1,18,21],"tags":[],"class_list":["post-3257","post","type-post","status-publish","format-standard","hentry","category-allgemein","category-palaestina-solidaritaet","category-veranstaltungshinweise"],"_links":{"self":[{"href":"https:\/\/www.friedensplattform.at\/index.php?rest_route=\/wp\/v2\/posts\/3257","targetHints":{"allow":["GET"]}}],"collection":[{"href":"https:\/\/www.friedensplattform.at\/index.php?rest_route=\/wp\/v2\/posts"}],"about":[{"href":"https:\/\/www.friedensplattform.at\/index.php?rest_route=\/wp\/v2\/types\/post"}],"author":[{"embeddable":true,"href":"https:\/\/www.friedensplattform.at\/index.php?rest_route=\/wp\/v2\/users\/2"}],"replies":[{"embeddable":true,"href":"https:\/\/www.friedensplattform.at\/index.php?rest_route=%2Fwp%2Fv2%2Fcomments&post=3257"}],"version-history":[{"count":0,"href":"https:\/\/www.friedensplattform.at\/index.php?rest_route=\/wp\/v2\/posts\/3257\/revisions"}],"wp:attachment":[{"href":"https:\/\/www.friedensplattform.at\/index.php?rest_route=%2Fwp%2Fv2%2Fmedia&parent=3257"}],"wp:term":[{"taxonomy":"category","embeddable":true,"href":"https:\/\/www.friedensplattform.at\/index.php?rest_route=%2Fwp%2Fv2%2Fcategories&post=3257"},{"taxonomy":"post_tag","embeddable":true,"href":"https:\/\/www.friedensplattform.at\/index.php?rest_route=%2Fwp%2Fv2%2Ftags&post=3257"}],"curies":[{"name":"wp","href":"https:\/\/api.w.org\/{rel}","templated":true}]}}