{"id":326,"date":"2008-06-04T21:41:40","date_gmt":"2008-06-04T19:41:40","guid":{"rendered":"http:\/\/www.luxorbis.org\/friedensplattform.at\/?p=326"},"modified":"2008-06-04T21:41:40","modified_gmt":"2008-06-04T19:41:40","slug":"hinweis-auf-eine-veranstaltung-des-solidaritatskomitee-fur-palastina-2","status":"publish","type":"post","link":"https:\/\/www.friedensplattform.at\/?p=326","title":{"rendered":"Hinweis auf eine Veranstaltung des Solidarit&#228;tskomitee f&#252;r Pal&#228;stina"},"content":{"rendered":"<p><span style=\"font-weight: bold\">Filmabend Di 10 Juni &#8211; 19:30 &#8211; Universit\u00e4tszentrum Wall &#8211; 1.Stock<\/span><span style=\"font-family: Verdana,Arial,Helvetica,Geneva,Swiss\"><span style=\"font-weight: bold\"><\/span><\/span><\/p>\n<h5 align=\"justify\"> <span style=\"font-family: Verdana,Arial,Helvetica,Geneva,Swiss\"><span style=\"font-weight: bold\"><font><font size=\"5\">MY DEAR OLIVE TREE<\/font><\/font><\/span><\/span><font><font size=\"2\"><span style=\"font-family: Verdana,Arial,Helvetica,Geneva,Swiss; font-weight: bold\"><br \/>\n<font size=\"3\">Di 10 Juni &#8211; Beginn 19:30<\/font><\/span><br style=\"font-family: Verdana,Arial,Helvetica,Geneva,Swiss; font-weight: bold\" \/><font size=\"3\"><span style=\"font-family: Verdana,Arial,Helvetica,Geneva,Swiss; font-weight: bold\">Universit\u00e4tszentrum Wall, 1. Stock, Raum 1.010<\/span><br style=\"font-family: Verdana,Arial,Helvetica,Geneva,Swiss; font-weight: bold\" \/><span style=\"font-family: Verdana,Arial,Helvetica,Geneva,Swiss; font-weight: bold\">Merangasse 70, Graz<\/span><\/font><br style=\"font-family: Verdana,Arial,Helvetica,Geneva,Swiss; font-weight: bold\" \/><span style=\"font-family: Verdana,Arial,Helvetica,Geneva,Swiss; font-weight: normal\">Eintritt frei &#8211; Im Anschluss kleines Buffet<\/span><\/font><\/font><\/h5>\n<p align=\"left\">n\u00e4here Infos unter:<\/p>\n<p align=\"left\"> <a href=\"http:\/\/www.soli-graz.org\/conpresso\/_rubric\/detail.php?nr=674&amp;rubric=komitee&amp;\" target=\"_blank\">http:\/\/www.soli-graz.org\/conpresso\/_rubric\/detail.php?nr=674&amp;rubric=komitee&amp;<\/a><\/p>\n<p><!--more--><\/p>\n<h5 align=\"justify\"> <span style=\"font-family: Verdana,Arial,Helvetica,Geneva,Swiss\"><span style=\"font-weight: bold\"><font size=\"5\">MY DEAR OLIVE TREE<br \/>\n<\/font><\/span><\/span><span style=\"font-family: Verdana,Arial,Helvetica,Geneva,Swiss\"><font style=\"font-style: italic\" size=\"3\">Pal\u00e4stina (2004) , <\/font><\/span><font style=\"font-style: italic\" size=\"3\"><span style=\"font-family: Verdana,Arial,Helvetica,Geneva,Swiss\">Arabisch mit englischen Untertiteln<\/span><\/font><br \/>\n<a href=\"http:\/\/\/\"><span style=\"font-family: Verdana,Arial,Helvetica,Geneva,Swiss\"><span style=\"font-style: italic\"><\/span><\/span><\/a><span style=\"font-family: Verdana,Arial,Helvetica,Geneva,Swiss\"><\/span><img decoding=\"async\" src=\"http:\/\/www.soli-graz.org\/conpresso\/_data\/2jayyus_olive_and_boy.jpg\" align=\"left\" hspace=\"10\" vspace=\"10\" \/><span style=\"font-family: Verdana,Arial,Helvetica,Geneva,Swiss; font-weight: normal\">MY DEAR OLIVE TREE  ist der erste Film des jungen pal\u00e4stinensischen Filmemachers Osama Qashoo &#8211; ein sehr eindringlicher und pers\u00f6nlichen Bericht \u00fcber die Zerst\u00f6rung von Olivenb\u00e4umen im Zuge des Baus der Apartheidmauer in Pal\u00e4stina.<\/span><\/h5>\n<h5 align=\"justify\"><span style=\"font-family: Verdana,Arial,Helvetica,Geneva,Swiss\"><\/span><\/h5>\n<h5 align=\"justify\"><span style=\"font-family: Verdana,Arial,Helvetica,Geneva,Swiss\"><\/span><\/h5>\n<h5 align=\"justify\"><span style=\"font-family: Verdana,Arial,Helvetica,Geneva,Swiss\"><\/span><\/h5>\n<h5 align=\"justify\"><span style=\"font-family: Verdana,Arial,Helvetica,Geneva,Swiss\"><\/span><\/h5>\n<h5 align=\"justify\"><span style=\"font-family: Verdana,Arial,Helvetica,Geneva,Swiss\"><\/span><\/h5>\n<h5 align=\"justify\">Qashoo, der als Koordinator der Internationalen Solidarit\u00e4tsbewegung ISM selbst im zivilen Widerstand gegen den Mauerbau involviert war, zeigt nicht nur, wie mit den z.T. Jahrhunderte alten Olivenb\u00e4umen die wichtigste Lebensgrundlage vieler pal\u00e4stinensischer D\u00f6rfer und ein kulturelles Symbol zerst\u00f6rt wird, sondern auch den verzweifelten Widerstand der betroffenen Pal\u00e4stinenserInnen.Wie zum Hohn wurde das Holz vieler entwurzelter B\u00e4ume von den israelischen Baufirmen gestohlen und an Andenkenschnitzereien verkauft, wo sie u.a. zu Friedenstauben weiterverarbeitet werden.<\/h5>\n<h5 align=\"justify\"><span style=\"font-family: Verdana,Arial,Helvetica,Geneva,Swiss\"><a href=\"http:\/\/www.nftsfilm-tv.ac.uk\/index.php?module=People&amp;people_id=69&amp;film=154\"><img decoding=\"async\" src=\"http:\/\/www.soli-graz.org\/conpresso\/_data\/42876QASHOO_Osama_web.jpg\" align=\"right\" hspace=\"10\" vspace=\"10\" \/><\/a><\/span><\/h5>\n<h5 align=\"justify\"><span style=\"font-family: Verdana,Arial,Helvetica,Geneva,Swiss\"><\/span><\/h5>\n<h5 align=\"justify\"><span style=\"font-family: Verdana,Arial,Helvetica,Geneva,Swiss\"><\/span><\/h5>\n<h5 align=\"justify\"> Qashoo, der mittlerweile im Exil lebt, findet so \u201eseinen\u201c geliebten Olivenbaum in einem Londoner Andenkenladen wieder \u2013 als Symbol f\u00fcr Frieden und christlich-j\u00fcdische Tradition zum Kauf angeboten.<br style=\"font-family: Verdana,Arial,Helvetica,Geneva,Swiss; font-weight: normal\" \/><\/h5>\n<h5 align=\"justify\"><a href=\"http:\/\/www.stopthewall.org\/\"><img decoding=\"async\" src=\"http:\/\/www.soli-graz.org\/conpresso\/_data\/olive_season_jayyous_2002_resistance.jpg\" align=\"left\" hspace=\"10\" vspace=\"10\" \/><\/a><\/h5>\n<h5 align=\"justify\"><span style=\"font-family: Verdana,Arial,Helvetica,Geneva,Swiss\"><\/span><\/h5>\n<h5 align=\"justify\"><span style=\"font-family: Verdana,Arial,Helvetica,Geneva,Swiss\"><\/span><\/h5>\n<h5 align=\"justify\"><br style=\"font-weight: normal\" \/><font size=\"2\"><span style=\"font-family: Verdana,Arial,Helvetica,Geneva,Swiss; font-weight: bold\">Filmabend<br \/>\nDi 10 Juni &#8211; Beginn 19:30<\/span><br style=\"font-family: Verdana,Arial,Helvetica,Geneva,Swiss; font-weight: bold\" \/><span style=\"font-family: Verdana,Arial,Helvetica,Geneva,Swiss; font-weight: bold\">Universit\u00e4tszentrum Wall, 1. Stock, Raum 1.010<\/span><br style=\"font-family: Verdana,Arial,Helvetica,Geneva,Swiss; font-weight: bold\" \/><span style=\"font-family: Verdana,Arial,Helvetica,Geneva,Swiss; font-weight: bold\">Merangasse 70, Graz<\/span><br style=\"font-family: Verdana,Arial,Helvetica,Geneva,Swiss; font-weight: bold\" \/><span style=\"font-family: Verdana,Arial,Helvetica,Geneva,Swiss; font-weight: normal\">Eintritt frei &#8211; Im Anschluss kleines Buffet<\/span><\/font><\/h5>\n<h5 align=\"justify\"><\/h5>\n","protected":false},"excerpt":{"rendered":"<p>Filmabend Di 10 Juni &#8211; 19:30 &#8211; Universit\u00e4tszentrum Wall &#8211; 1.Stock MY DEAR OLIVE TREE Di 10 Juni &#8211; Beginn 19:30Universit\u00e4tszentrum Wall, 1. Stock, Raum 1.010Merangasse 70, GrazEintritt frei &#8211; Im Anschluss kleines Buffet n\u00e4here Infos unter: http:\/\/www.soli-graz.org\/conpresso\/_rubric\/detail.php?nr=674&amp;rubric=komitee&amp;<\/p>\n","protected":false},"author":1,"featured_media":0,"comment_status":"open","ping_status":"open","sticky":false,"template":"","format":"standard","meta":{"footnotes":""},"categories":[5],"tags":[],"class_list":["post-326","post","type-post","status-publish","format-standard","hentry","category-arabischer-raum"],"_links":{"self":[{"href":"https:\/\/www.friedensplattform.at\/index.php?rest_route=\/wp\/v2\/posts\/326","targetHints":{"allow":["GET"]}}],"collection":[{"href":"https:\/\/www.friedensplattform.at\/index.php?rest_route=\/wp\/v2\/posts"}],"about":[{"href":"https:\/\/www.friedensplattform.at\/index.php?rest_route=\/wp\/v2\/types\/post"}],"author":[{"embeddable":true,"href":"https:\/\/www.friedensplattform.at\/index.php?rest_route=\/wp\/v2\/users\/1"}],"replies":[{"embeddable":true,"href":"https:\/\/www.friedensplattform.at\/index.php?rest_route=%2Fwp%2Fv2%2Fcomments&post=326"}],"version-history":[{"count":0,"href":"https:\/\/www.friedensplattform.at\/index.php?rest_route=\/wp\/v2\/posts\/326\/revisions"}],"wp:attachment":[{"href":"https:\/\/www.friedensplattform.at\/index.php?rest_route=%2Fwp%2Fv2%2Fmedia&parent=326"}],"wp:term":[{"taxonomy":"category","embeddable":true,"href":"https:\/\/www.friedensplattform.at\/index.php?rest_route=%2Fwp%2Fv2%2Fcategories&post=326"},{"taxonomy":"post_tag","embeddable":true,"href":"https:\/\/www.friedensplattform.at\/index.php?rest_route=%2Fwp%2Fv2%2Ftags&post=326"}],"curies":[{"name":"wp","href":"https:\/\/api.w.org\/{rel}","templated":true}]}}